{"id":9990,"date":"2018-04-23T09:33:26","date_gmt":"2018-04-23T12:33:26","guid":{"rendered":"http:\/\/www.atecordoba.org\/?p=9990"},"modified":"2018-04-23T09:33:26","modified_gmt":"2018-04-23T12:33:26","slug":"pesar-por-el-fallecimiento-del-delegado-dela-unc-gaston-cruz-galvez","status":"publish","type":"post","link":"https:\/\/atecordoba.org\/?p=9990","title":{"rendered":"Pesar por el fallecimiento del delegado dela UNC Gast\u00f3n Cruz G\u00e1lvez"},"content":{"rendered":"<p><em>El Consejo Directivo Provincial lamenta informar que el pasado s\u00e1bado 21 de abril falleci\u00f3 el delegado de la UNC&nbsp;Gast\u00f3n Cruz G\u00e1lvez, de la Facultad de Lenguas.<\/em><\/p>\n<figure id=\"attachment_9991\" aria-describedby=\"caption-attachment-9991\" style=\"width: 550px\" class=\"wp-caption aligncenter\"><img loading=\"lazy\" decoding=\"async\" class=\"wp-image-9991 size-full\" src=\"http:\/\/www.atecordoba.org\/wp-content\/uploads\/2018\/04\/DELEGADO-FALLECIDO-e1524486671793.jpg\" alt=\"\" width=\"550\" height=\"550\"><figcaption id=\"caption-attachment-9991\" class=\"wp-caption-text\">Gast\u00f3n, junto a Julieta Amaya Gugliucci, la restante delegada de la Escuela de Lenguas.<\/figcaption><\/figure>\n<p>Vaya el m\u00e1s sentido p\u00e9same a sus compa\u00f1eros, familiares y amigos.&nbsp;<\/p>\n<p>&nbsp;<\/p>\n","protected":false},"excerpt":{"rendered":"<p>El Consejo Directivo Provincial lamenta informar que el pasado s\u00e1bado 21 de abril falleci\u00f3 el delegado de la UNC&nbsp;Gast\u00f3n Cruz G\u00e1lvez, de la Facultad de Lenguas. Vaya el m\u00e1s sentido p\u00e9same a sus compa\u00f1eros, familiares y amigos.&nbsp; &nbsp;<\/p>\n","protected":false},"author":1,"featured_media":19220,"comment_status":"open","ping_status":"open","sticky":false,"template":"","format":"standard","meta":{"_exactmetrics_skip_tracking":false,"_exactmetrics_sitenote_active":false,"_exactmetrics_sitenote_note":"","_exactmetrics_sitenote_category":0,"jnews-multi-image_gallery":[],"jnews_single_post":[],"jnews_primary_category":[],"jnews_social_meta":[],"jnews_review":[],"enable_review":"","type":"","name":"","summary":"","brand":"","sku":"","good":[],"bad":[],"score_override":"","override_value":"","rating":[],"price":[],"jnews_override_counter":[],"jnews_post_split":[],"footnotes":""},"categories":[89],"tags":[],"class_list":["post-9990","post","type-post","status-publish","format-standard","has-post-thumbnail","hentry","category-unc"],"jetpack_featured_media_url":"https:\/\/atecordoba.org\/wp-content\/uploads\/2020\/05\/logo-nuevochico-e1561581322808.png","_links":{"self":[{"href":"https:\/\/atecordoba.org\/index.php?rest_route=\/wp\/v2\/posts\/9990","targetHints":{"allow":["GET"]}}],"collection":[{"href":"https:\/\/atecordoba.org\/index.php?rest_route=\/wp\/v2\/posts"}],"about":[{"href":"https:\/\/atecordoba.org\/index.php?rest_route=\/wp\/v2\/types\/post"}],"author":[{"embeddable":true,"href":"https:\/\/atecordoba.org\/index.php?rest_route=\/wp\/v2\/users\/1"}],"replies":[{"embeddable":true,"href":"https:\/\/atecordoba.org\/index.php?rest_route=%2Fwp%2Fv2%2Fcomments&post=9990"}],"version-history":[{"count":0,"href":"https:\/\/atecordoba.org\/index.php?rest_route=\/wp\/v2\/posts\/9990\/revisions"}],"wp:featuredmedia":[{"embeddable":true,"href":"https:\/\/atecordoba.org\/index.php?rest_route=\/wp\/v2\/media\/19220"}],"wp:attachment":[{"href":"https:\/\/atecordoba.org\/index.php?rest_route=%2Fwp%2Fv2%2Fmedia&parent=9990"}],"wp:term":[{"taxonomy":"category","embeddable":true,"href":"https:\/\/atecordoba.org\/index.php?rest_route=%2Fwp%2Fv2%2Fcategories&post=9990"},{"taxonomy":"post_tag","embeddable":true,"href":"https:\/\/atecordoba.org\/index.php?rest_route=%2Fwp%2Fv2%2Ftags&post=9990"}],"curies":[{"name":"wp","href":"https:\/\/api.w.org\/{rel}","templated":true}]}}