{"id":9989,"date":"2018-04-23T09:41:28","date_gmt":"2018-04-23T12:41:28","guid":{"rendered":"http:\/\/www.atecordoba.org\/?p=9989"},"modified":"2018-04-23T09:41:28","modified_gmt":"2018-04-23T12:41:28","slug":"conflicto-del-inti-charla-de-los-trabajadores-en-la-legislatura","status":"publish","type":"post","link":"https:\/\/atecordoba.org\/?p=9989","title":{"rendered":"Conflicto del INTI: charla de los trabajadores en la Legislatura"},"content":{"rendered":"<p><em>Trabajadores del Instituto Nacional de Tecnolog\u00eda Industrial disertar\u00e1n sobre &#8220;los riesgos y p\u00e9rdidas de la industria nacional y la Econom\u00edas regionales&#8221; y el impacto del desguace del organismo en la cadena de valor industrial de C\u00f3rdoba.<\/em><\/p>\n<p><img loading=\"lazy\" decoding=\"async\" class=\"aligncenter size-full wp-image-9993\" src=\"http:\/\/www.atecordoba.org\/wp-content\/uploads\/2018\/04\/WhatsApp-Image-2018-04-23-at-09.02.56-e1524487233468.jpeg\" alt=\"\" width=\"350\" height=\"494\"><\/p>\n<p>Al cumplirse tres meses del despido de 258 trabajadores del INTI, 10 de ellos en C\u00f3rdoba, invitamos a los Legisladores Provinciales, referentes del \u00e1mbito de la Ciencia y Tecnolog\u00eda y a la sociedad en su conjunto, a la charla expositiva sobre &#8220;los riesgos y p\u00e9rdidas para la industria nacional y las econom\u00edas regionales&#8221;.<\/p>\n<p>El INTI -al igual que el resto de organismos de CyT- viene padeciendo medidas de ajuste presupuestario, despido masivo de trabajadores, descuentos salariales confiscatorios, persecusi\u00f3n de delegados, ca\u00edda de l\u00edneas de trabajo estrat\u00e9gicas, tercerizaci\u00f3n de servicios y privatizaci\u00f3n de facultades de control p\u00fablico, continuidad de autoridades gravemente cuestionadas por &#8220;conflicto de intereses&#8221; y corrupci\u00f3n.<\/p>\n<p>Ante la gravedad de esta situaci\u00f3n, que pone en riesgo la continuidad del INTI al servicio de los sectores productivos de nuestra provincia, los trabajadores consideran imprescindible ampliar el debate p\u00fablico y alertar sobre sus consecuencias.<\/p>\n<p>La charla tendr\u00e1 lugar el jueves 26 de abril, a las 14 horas,&nbsp; en la Sala &#8220;Regino Maders&#8221; de la Legislatura provincial.<\/p>\n<p>&nbsp;<\/p>\n","protected":false},"excerpt":{"rendered":"<p>Trabajadores del Instituto Nacional de Tecnolog\u00eda Industrial disertar\u00e1n sobre &#8220;los riesgos y p\u00e9rdidas de la industria nacional y la Econom\u00edas regionales&#8221; y el impacto del desguace del organismo en la cadena de valor industrial de C\u00f3rdoba. Al cumplirse tres meses del despido de 258 trabajadores del INTI, 10 de ellos en C\u00f3rdoba, invitamos a los [&hellip;]<\/p>\n","protected":false},"author":1,"featured_media":19220,"comment_status":"open","ping_status":"open","sticky":false,"template":"","format":"standard","meta":{"_exactmetrics_skip_tracking":false,"_exactmetrics_sitenote_active":false,"_exactmetrics_sitenote_note":"","_exactmetrics_sitenote_category":0,"jnews-multi-image_gallery":[],"jnews_single_post":[],"jnews_primary_category":[],"jnews_social_meta":[],"jnews_review":[],"enable_review":"","type":"","name":"","summary":"","brand":"","sku":"","good":[],"bad":[],"score_override":"","override_value":"","rating":[],"price":[],"jnews_override_counter":[],"jnews_post_split":[],"footnotes":""},"categories":[100],"tags":[],"class_list":["post-9989","post","type-post","status-publish","format-standard","has-post-thumbnail","hentry","category-inti"],"jetpack_featured_media_url":"https:\/\/atecordoba.org\/wp-content\/uploads\/2020\/05\/logo-nuevochico-e1561581322808.png","_links":{"self":[{"href":"https:\/\/atecordoba.org\/index.php?rest_route=\/wp\/v2\/posts\/9989","targetHints":{"allow":["GET"]}}],"collection":[{"href":"https:\/\/atecordoba.org\/index.php?rest_route=\/wp\/v2\/posts"}],"about":[{"href":"https:\/\/atecordoba.org\/index.php?rest_route=\/wp\/v2\/types\/post"}],"author":[{"embeddable":true,"href":"https:\/\/atecordoba.org\/index.php?rest_route=\/wp\/v2\/users\/1"}],"replies":[{"embeddable":true,"href":"https:\/\/atecordoba.org\/index.php?rest_route=%2Fwp%2Fv2%2Fcomments&post=9989"}],"version-history":[{"count":0,"href":"https:\/\/atecordoba.org\/index.php?rest_route=\/wp\/v2\/posts\/9989\/revisions"}],"wp:featuredmedia":[{"embeddable":true,"href":"https:\/\/atecordoba.org\/index.php?rest_route=\/wp\/v2\/media\/19220"}],"wp:attachment":[{"href":"https:\/\/atecordoba.org\/index.php?rest_route=%2Fwp%2Fv2%2Fmedia&parent=9989"}],"wp:term":[{"taxonomy":"category","embeddable":true,"href":"https:\/\/atecordoba.org\/index.php?rest_route=%2Fwp%2Fv2%2Fcategories&post=9989"},{"taxonomy":"post_tag","embeddable":true,"href":"https:\/\/atecordoba.org\/index.php?rest_route=%2Fwp%2Fv2%2Ftags&post=9989"}],"curies":[{"name":"wp","href":"https:\/\/api.w.org\/{rel}","templated":true}]}}