{"id":9982,"date":"2018-04-19T14:09:18","date_gmt":"2018-04-19T17:09:18","guid":{"rendered":"http:\/\/www.atecordoba.org\/?p=9982"},"modified":"2018-04-19T14:09:18","modified_gmt":"2018-04-19T17:09:18","slug":"inti-sin-autoridad-hay-autoritarismo","status":"publish","type":"post","link":"https:\/\/atecordoba.org\/?p=9982","title":{"rendered":"INTI: Sin autoridad, hay autoritarismo"},"content":{"rendered":"<p><em>Informe de los compa\u00f1eros del INTI sobre las persecuciones que sufre la lucha sindical en el organismo.<\/em><\/p>\n<p><img loading=\"lazy\" decoding=\"async\" class=\"aligncenter size-full wp-image-9983\" src=\"http:\/\/www.atecordoba.org\/wp-content\/uploads\/2018\/04\/inti11-e1524157731145.jpg\" alt=\"\" width=\"550\" height=\"413\"><\/p>\n<p>A los despidos masivos le siguieron la disoluci\u00f3n de grupos de trabajo, el freno a l\u00edneas de investigaci\u00f3n y a los controles que realiza el Instituto, los descuentos en los salarios, las amenazas y amedrentamientos y, en este \u00faltimo tiempo, el desplazamiento de directores de Centro que se solidarizaron con los trabajadores despedidos.<\/p>\n<p>La persecuci\u00f3n pol\u00edtica ya es abierta y desembozada: los motivos esgrimidos para sacar de su cargo al director del Centro de Madera y Muebles fueron que impuls\u00f3 una \u201cactitud corporativa contraria a la posici\u00f3n de la conducci\u00f3n del INTI durante el conflicto y participar de reuniones pol\u00edticas\u2026\u201d<\/p>\n<p>Los responsables del gobierno de la instituci\u00f3n creen tener la autoridad para correr de sus cargos al personal de carrera del INTI y perge\u00f1ar un reestructuraci\u00f3n homicida como medida de continuidad del \u201cMaster Plan Tecnalia\u201d que no sali\u00f3 como a ellos les hubiera gustado. En efecto, el power point de 300 mil Euros de la consultora vasca tuvieron que meterlo en un caj\u00f3n luego de las denuncias generadas durante todo el conflicto.<\/p>\n<p><strong>Proyecto de Ley de Emergencia laboral para el INTI<\/strong><\/p>\n<p>Las bancadas de todo el arco pol\u00edtico, incluyendo a varias de Cambiemos, han expresado su solidaridad con nosotros y est\u00e1n debatiendo en tres comisiones (Trabajo, Industria y Presupuesto) la necesidad de impulsar esta ley que retrotrae todo al 1 de Enero de 2018, lo cual ser\u00eda un golpe mortal a los planes de Ib\u00e1\u00f1ez y sus socios.<\/p>\n<p><strong>El INTI est\u00e1 parado de hecho<\/strong><\/p>\n<p>El tembladeral institucional al que nos someten estas \u201cautoridades\u201d del INTI tiene su contraparte en las denuncias judiciales que hemos impulsado desde el inicio del conflicto a trav\u00e9s de varios legisladores que se solidarizan cotidianamente con nosotros en esta lucha que va a cumplir tres meses. En este marco y con la \u201ccadena de mando\u201d rota, las \u201cautoridades\u201d piensan que contratando una empresa amiga de seguridad privada, vallando el Instituto y serruchando el piso de los trabajadores y los mandos intermedios van a lograr algo.<\/p>\n<p>Lo cierto es que el INTI est\u00e1 parado de hecho, no hay firmas que autoricen las partidas del presupuesto para la compra de insumos, no hay posibilidad alguna de motorizar convenios con otras instituciones con las cuales venimos trabajando salvo aquellas que les generen dividendos a los bolsillos de los funcionarios a cargo designados por el Presidente Macri, no hay certeza en la continuidad de las l\u00edneas de trabajo y los trabajadores estamos en pie de lucha para responder en caso de que las negociaciones por la reincorporaci\u00f3n de todos los despedidos no lleguen a los resultados que esperamos.<\/p>\n<p>Nuestro apoyo y solidaridad a aquellos directores y coordinadores de unidades t\u00e9cnicas que se comprometen cada d\u00eda con esta lucha que es larga y agotadora, que a veces parece infructuosa pero estamos seguros que la vamos a ganar y que ser\u00e1n ellos los que nos mirar\u00e1n desde el otro lado del alambrado.<\/p>\n","protected":false},"excerpt":{"rendered":"<p>Informe de los compa\u00f1eros del INTI sobre las persecuciones que sufre la lucha sindical en el organismo. A los despidos masivos le siguieron la disoluci\u00f3n de grupos de trabajo, el freno a l\u00edneas de investigaci\u00f3n y a los controles que realiza el Instituto, los descuentos en los salarios, las amenazas y amedrentamientos y, en este [&hellip;]<\/p>\n","protected":false},"author":1,"featured_media":19220,"comment_status":"open","ping_status":"open","sticky":false,"template":"","format":"standard","meta":{"_exactmetrics_skip_tracking":false,"_exactmetrics_sitenote_active":false,"_exactmetrics_sitenote_note":"","_exactmetrics_sitenote_category":0,"jnews-multi-image_gallery":[],"jnews_single_post":[],"jnews_primary_category":[],"jnews_social_meta":[],"jnews_review":[],"enable_review":"","type":"","name":"","summary":"","brand":"","sku":"","good":[],"bad":[],"score_override":"","override_value":"","rating":[],"price":[],"jnews_override_counter":[],"jnews_post_split":[],"footnotes":""},"categories":[100],"tags":[],"class_list":["post-9982","post","type-post","status-publish","format-standard","has-post-thumbnail","hentry","category-inti"],"jetpack_featured_media_url":"https:\/\/atecordoba.org\/wp-content\/uploads\/2020\/05\/logo-nuevochico-e1561581322808.png","_links":{"self":[{"href":"https:\/\/atecordoba.org\/index.php?rest_route=\/wp\/v2\/posts\/9982","targetHints":{"allow":["GET"]}}],"collection":[{"href":"https:\/\/atecordoba.org\/index.php?rest_route=\/wp\/v2\/posts"}],"about":[{"href":"https:\/\/atecordoba.org\/index.php?rest_route=\/wp\/v2\/types\/post"}],"author":[{"embeddable":true,"href":"https:\/\/atecordoba.org\/index.php?rest_route=\/wp\/v2\/users\/1"}],"replies":[{"embeddable":true,"href":"https:\/\/atecordoba.org\/index.php?rest_route=%2Fwp%2Fv2%2Fcomments&post=9982"}],"version-history":[{"count":0,"href":"https:\/\/atecordoba.org\/index.php?rest_route=\/wp\/v2\/posts\/9982\/revisions"}],"wp:featuredmedia":[{"embeddable":true,"href":"https:\/\/atecordoba.org\/index.php?rest_route=\/wp\/v2\/media\/19220"}],"wp:attachment":[{"href":"https:\/\/atecordoba.org\/index.php?rest_route=%2Fwp%2Fv2%2Fmedia&parent=9982"}],"wp:term":[{"taxonomy":"category","embeddable":true,"href":"https:\/\/atecordoba.org\/index.php?rest_route=%2Fwp%2Fv2%2Fcategories&post=9982"},{"taxonomy":"post_tag","embeddable":true,"href":"https:\/\/atecordoba.org\/index.php?rest_route=%2Fwp%2Fv2%2Ftags&post=9982"}],"curies":[{"name":"wp","href":"https:\/\/api.w.org\/{rel}","templated":true}]}}