{"id":9959,"date":"2018-04-16T13:02:14","date_gmt":"2018-04-16T16:02:14","guid":{"rendered":"http:\/\/www.atecordoba.org\/?p=9959"},"modified":"2018-04-16T13:02:14","modified_gmt":"2018-04-16T16:02:14","slug":"ate-cordoba-repudia-la-persecucion-y-represion-de-la-protesta-social-en-jujuy","status":"publish","type":"post","link":"https:\/\/atecordoba.org\/?p=9959","title":{"rendered":"ATE C\u00f3rdoba repudia la persecuci\u00f3n y represi\u00f3n de la protesta social en Jujuy"},"content":{"rendered":"<p><em>Ante la orden de detenci\u00f3n 40 dirigentes sindicales juje\u00f1os emitida por la justicia de esa provincial el Consejo Directivo Provincial expresa un en\u00e9rgico repudio a las pr\u00e1cticas antidemocr\u00e1ticas e inconstitucionales del gobierno de Gerardo Morales.<\/em><\/p>\n<p><img loading=\"lazy\" decoding=\"async\" class=\"aligncenter size-full wp-image-9960\" src=\"http:\/\/www.atecordoba.org\/wp-content\/uploads\/2018\/04\/orden-de-detencion-e1523894472660.jpg\" alt=\"\" width=\"550\" height=\"733\"><\/p>\n<p>Vale se\u00f1alar que est\u00e1n acusados referentes de ATE, de la CTA, de la CTEP y otras organizaciones de la presunta comisi\u00f3n del delito de atentado contra la autoridad.<\/p>\n<p>Se trata de dirigentes de distintos sectores pol\u00edticos, gremiales y sociales de Jujuy fueron detenidos el s\u00e1bado durante los incidentes registrados el pasado 4 de abril, durante la movilizaci\u00f3n que realizaron docentes y empleados estatales provincias en la ciudad de San Salvador de Jujuy.<\/p>\n<p>La protesta se hab\u00eda realizado para cuestionar las pol\u00edticas del gobernador Morales, cuando el referente radical encabezaba la apertura de sesiones ordinarias de la Legislatura juje\u00f1a.<\/p>\n<p>Ante el pedido del fiscal Diego Cussel, el juez Jorge Zurueta orden\u00f3 la detenci\u00f3n del Secretario General de ATE Jujuy, Mat\u00edas Brizuela y su Secretario Adjunto Carlos Mercado. Tambi\u00e9n est\u00e1n en esta lista dirigentes de sindicatos y organizaciones sociales de la CCC, CTEP, el Movimiento Evita, el Sindicato de Salud, e integrantes de la CTA Aut\u00f3noma.<\/p>\n<p>Desde ATE confirmaron que \u201cel equipo jur\u00eddico de las organizaciones est\u00e1 tramitando un habeas corpus para terminar con la cacer\u00eda\u201d.<\/p>\n<p>Cabe destacar que esto sucede mientras la gesti\u00f3n provincial est\u00e1 siendo denunciada por graves hechos de corrupci\u00f3n a trav\u00e9s del armado de licitaciones truchas en el \u00e1rea de turismo provincial. A todas luces, como viene sucediendo, las detenciones y medidas judiciales contra referentes sociales se enmarcan en estrategias para crear cortinas de humo a fin de correr la atenci\u00f3n de la comunidad de las denuncias que involucran a funcionarios provinciales.<\/p>\n","protected":false},"excerpt":{"rendered":"<p>Ante la orden de detenci\u00f3n 40 dirigentes sindicales juje\u00f1os emitida por la justicia de esa provincial el Consejo Directivo Provincial expresa un en\u00e9rgico repudio a las pr\u00e1cticas antidemocr\u00e1ticas e inconstitucionales del gobierno de Gerardo Morales. Vale se\u00f1alar que est\u00e1n acusados referentes de ATE, de la CTA, de la CTEP y otras organizaciones de la presunta [&hellip;]<\/p>\n","protected":false},"author":1,"featured_media":19220,"comment_status":"open","ping_status":"open","sticky":false,"template":"","format":"standard","meta":{"_exactmetrics_skip_tracking":false,"_exactmetrics_sitenote_active":false,"_exactmetrics_sitenote_note":"","_exactmetrics_sitenote_category":0,"jnews-multi-image_gallery":[],"jnews_single_post":[],"jnews_primary_category":[],"jnews_social_meta":[],"jnews_review":[],"enable_review":"","type":"","name":"","summary":"","brand":"","sku":"","good":[],"bad":[],"score_override":"","override_value":"","rating":[],"price":[],"jnews_override_counter":[],"jnews_post_split":[],"footnotes":""},"categories":[10],"tags":[],"class_list":["post-9959","post","type-post","status-publish","format-standard","has-post-thumbnail","hentry","category-accion-politica"],"jetpack_featured_media_url":"https:\/\/atecordoba.org\/wp-content\/uploads\/2020\/05\/logo-nuevochico-e1561581322808.png","_links":{"self":[{"href":"https:\/\/atecordoba.org\/index.php?rest_route=\/wp\/v2\/posts\/9959","targetHints":{"allow":["GET"]}}],"collection":[{"href":"https:\/\/atecordoba.org\/index.php?rest_route=\/wp\/v2\/posts"}],"about":[{"href":"https:\/\/atecordoba.org\/index.php?rest_route=\/wp\/v2\/types\/post"}],"author":[{"embeddable":true,"href":"https:\/\/atecordoba.org\/index.php?rest_route=\/wp\/v2\/users\/1"}],"replies":[{"embeddable":true,"href":"https:\/\/atecordoba.org\/index.php?rest_route=%2Fwp%2Fv2%2Fcomments&post=9959"}],"version-history":[{"count":0,"href":"https:\/\/atecordoba.org\/index.php?rest_route=\/wp\/v2\/posts\/9959\/revisions"}],"wp:featuredmedia":[{"embeddable":true,"href":"https:\/\/atecordoba.org\/index.php?rest_route=\/wp\/v2\/media\/19220"}],"wp:attachment":[{"href":"https:\/\/atecordoba.org\/index.php?rest_route=%2Fwp%2Fv2%2Fmedia&parent=9959"}],"wp:term":[{"taxonomy":"category","embeddable":true,"href":"https:\/\/atecordoba.org\/index.php?rest_route=%2Fwp%2Fv2%2Fcategories&post=9959"},{"taxonomy":"post_tag","embeddable":true,"href":"https:\/\/atecordoba.org\/index.php?rest_route=%2Fwp%2Fv2%2Ftags&post=9959"}],"curies":[{"name":"wp","href":"https:\/\/api.w.org\/{rel}","templated":true}]}}