{"id":9955,"date":"2018-04-09T15:54:45","date_gmt":"2018-04-09T18:54:45","guid":{"rendered":"http:\/\/www.atecordoba.org\/?p=9955"},"modified":"2018-04-09T15:54:45","modified_gmt":"2018-04-09T18:54:45","slug":"paro-nacional-de-ate-protesta-con-acampe-en-la-plaza-san-martin","status":"publish","type":"post","link":"https:\/\/atecordoba.org\/?p=9955","title":{"rendered":"Paro nacional de ATE, protesta con acampe en la Plaza San Mart\u00edn"},"content":{"rendered":"<p><em>En el marco del paro nacional que ATE resolvi\u00f3 llevar a cabo en todo el pa\u00eds el pr\u00f3ximo mi\u00e9rcoles 11 de abril, el plenario de delegados reunido hoy&nbsp; dispuso realizar una radio abierta en la Plaza San Mart\u00edn&nbsp;a partir de las 9 horas, con volanteada y difusi\u00f3n de la situaci\u00f3n de las distintas reparticiones.<\/em><\/p>\n<p><img loading=\"lazy\" decoding=\"async\" class=\"aligncenter size-full wp-image-9956\" src=\"http:\/\/www.atecordoba.org\/wp-content\/uploads\/2018\/04\/DSC_0146-e1523300014425.jpg\" alt=\"\" width=\"550\" height=\"309\"><\/p>\n<p>La jornada de lucha se extender\u00e1 hasta las 18 horas y se realizar\u00e1 un acampe en el lugar.<\/p>\n<p>Motiva la medida de fuerza el rechazo a la pauta nacional del 15% impuesta por Macri y los gremios oficialistas, frente a una inflaci\u00f3n que supera el 20%, y el reclamo de reapertura de la paritaria salarial en la provincia por ser insuficiente el 11% otorgado por el gobernador Schiaretti, ante una canasta familiar que supera los 25800 pesos.<\/p>\n<p>Exigimos cese de los despidos en el Estado Nacional, reincorporaci\u00f3n de los despedidos y pase a planta permanente del personal precarizado.<\/p>\n<p>Repudiamos el vaciamiento de organismos nacionales (AGRICULTURA FAMILIAR \u2013 CONICET \u2013 FABRICACIONES MILITARES \u2013 SENASA \u2013 INTI \u2013 PAMI \u2013 OBRA SOCIAL DEL EJERCITO IOSFA).<\/p>\n<p><img loading=\"lazy\" decoding=\"async\" class=\"aligncenter size-full wp-image-9957\" src=\"http:\/\/www.atecordoba.org\/wp-content\/uploads\/2018\/04\/DSC_0129-e1523300049750.jpg\" alt=\"\" width=\"550\" height=\"309\"><\/p>\n<p>Rechazamos la destrucci\u00f3n de la ANSES y al sistema jubilatorio solidario de reparto, por el 82% m\u00f3vil.<\/p>\n<p>Reclamamos a nivel provincial m\u00e1s personal para el sistema de salud p\u00fablica y el pase a planta permanente de todos los compa\u00f1eros precarizados.<\/p>\n","protected":false},"excerpt":{"rendered":"<p>En el marco del paro nacional que ATE resolvi\u00f3 llevar a cabo en todo el pa\u00eds el pr\u00f3ximo mi\u00e9rcoles 11 de abril, el plenario de delegados reunido hoy&nbsp; dispuso realizar una radio abierta en la Plaza San Mart\u00edn&nbsp;a partir de las 9 horas, con volanteada y difusi\u00f3n de la situaci\u00f3n de las distintas reparticiones. La [&hellip;]<\/p>\n","protected":false},"author":1,"featured_media":19220,"comment_status":"open","ping_status":"open","sticky":false,"template":"","format":"standard","meta":{"_exactmetrics_skip_tracking":false,"_exactmetrics_sitenote_active":false,"_exactmetrics_sitenote_note":"","_exactmetrics_sitenote_category":0,"jnews-multi-image_gallery":[],"jnews_single_post":[],"jnews_primary_category":[],"jnews_social_meta":[],"jnews_review":[],"enable_review":"","type":"","name":"","summary":"","brand":"","sku":"","good":[],"bad":[],"score_override":"","override_value":"","rating":[],"price":[],"jnews_override_counter":[],"jnews_post_split":[],"footnotes":""},"categories":[21],"tags":[],"class_list":["post-9955","post","type-post","status-publish","format-standard","has-post-thumbnail","hentry","category-paro-nacional"],"jetpack_featured_media_url":"https:\/\/atecordoba.org\/wp-content\/uploads\/2020\/05\/logo-nuevochico-e1561581322808.png","_links":{"self":[{"href":"https:\/\/atecordoba.org\/index.php?rest_route=\/wp\/v2\/posts\/9955","targetHints":{"allow":["GET"]}}],"collection":[{"href":"https:\/\/atecordoba.org\/index.php?rest_route=\/wp\/v2\/posts"}],"about":[{"href":"https:\/\/atecordoba.org\/index.php?rest_route=\/wp\/v2\/types\/post"}],"author":[{"embeddable":true,"href":"https:\/\/atecordoba.org\/index.php?rest_route=\/wp\/v2\/users\/1"}],"replies":[{"embeddable":true,"href":"https:\/\/atecordoba.org\/index.php?rest_route=%2Fwp%2Fv2%2Fcomments&post=9955"}],"version-history":[{"count":0,"href":"https:\/\/atecordoba.org\/index.php?rest_route=\/wp\/v2\/posts\/9955\/revisions"}],"wp:featuredmedia":[{"embeddable":true,"href":"https:\/\/atecordoba.org\/index.php?rest_route=\/wp\/v2\/media\/19220"}],"wp:attachment":[{"href":"https:\/\/atecordoba.org\/index.php?rest_route=%2Fwp%2Fv2%2Fmedia&parent=9955"}],"wp:term":[{"taxonomy":"category","embeddable":true,"href":"https:\/\/atecordoba.org\/index.php?rest_route=%2Fwp%2Fv2%2Fcategories&post=9955"},{"taxonomy":"post_tag","embeddable":true,"href":"https:\/\/atecordoba.org\/index.php?rest_route=%2Fwp%2Fv2%2Ftags&post=9955"}],"curies":[{"name":"wp","href":"https:\/\/api.w.org\/{rel}","templated":true}]}}