{"id":9937,"date":"2018-03-27T14:18:23","date_gmt":"2018-03-27T17:18:23","guid":{"rendered":"http:\/\/www.atecordoba.org\/?p=9937"},"modified":"2018-03-27T14:18:23","modified_gmt":"2018-03-27T17:18:23","slug":"trabajadores-del-iosfa-comienzan-hoy-15-dias-en-asamblea-permanente","status":"publish","type":"post","link":"https:\/\/atecordoba.org\/?p=9937","title":{"rendered":"Trabajadores del IOSFA comienzan hoy 15 d\u00edas en estado de asamblea permanente"},"content":{"rendered":"<p><em>La medida comunicada por ATE hoy al Ministerio de Trabajo obedece que los m\u00faltiples trascendidos sobre la privatizaci\u00f3n del organismo.<\/em><\/p>\n<p><img loading=\"lazy\" decoding=\"async\" class=\"aligncenter size-full wp-image-9938\" src=\"http:\/\/www.atecordoba.org\/wp-content\/uploads\/2018\/03\/asamblea-iosfa-27-3-x-15-dias-e1522170856127.jpeg\" alt=\"\" width=\"350\" height=\"622\"><\/p>\n<p>Los trabajadores del IOSFA de todo el pa\u00eds resolvieron entrar hoy y por 15 d\u00edas en estado de asamblea permanente que resentir\u00e1 la atenci\u00f3n de los 600 mil beneficiarios que el organismos tiene a los largo del territorio nacional.&nbsp;<\/p>\n<p>Se trata de la tercera obra social del pa\u00eds, despu\u00e9s del PAMI y UP. Por eso las empresas y los ceos que gestionan el Estado durante al etapa macrista han puesto sus ojos en un negocio millonario, que dejar\u00e1 fabulosas ganancias.&nbsp;<\/p>\n<p>La corporaci\u00f3n Farmacity, con tent\u00e1culos en todo el pa\u00eds y su fundador con sill\u00f3n en la Jefatura de Gabinete, ser\u00eda la beneficiada de una privatizaci\u00f3n encubierta bajo la figura del gerenciamiento. De hecho recientemente se suscribi\u00f3 un convenio para que la cadena de farmacias atienda a los afiliados de la obra social del ej\u00e9rcito.<\/p>\n<p><img loading=\"lazy\" decoding=\"async\" class=\"aligncenter size-full wp-image-9940\" src=\"http:\/\/www.atecordoba.org\/wp-content\/uploads\/2018\/03\/farmacity-e1522171133142.jpeg\" alt=\"\" width=\"500\" height=\"667\"><\/p>\n<p>Desde ATE nos aprestamos a comenzar un plan de lucha para obstruir cualquier intento de despojar al Estado de una obra social que debe ser bien gestionada pero no vaciada para justificar su privatizaci\u00f3n, en un calco de lo sucedido en los &#8217;90.<\/p>\n<p>Por eso los trabajadores reclaman tambi\u00e9n nombramiento de m\u00e1s personal, reorganizaci\u00f3n del personal existente y pase a planta de los precarizados.<\/p>\n<p>Ante el negocio de los privados, defensa de lo p\u00fablico.<\/p>\n<p>&nbsp;<\/p>\n<p>&nbsp;<\/p>\n","protected":false},"excerpt":{"rendered":"<p>La medida comunicada por ATE hoy al Ministerio de Trabajo obedece que los m\u00faltiples trascendidos sobre la privatizaci\u00f3n del organismo. Los trabajadores del IOSFA de todo el pa\u00eds resolvieron entrar hoy y por 15 d\u00edas en estado de asamblea permanente que resentir\u00e1 la atenci\u00f3n de los 600 mil beneficiarios que el organismos tiene a los [&hellip;]<\/p>\n","protected":false},"author":1,"featured_media":19220,"comment_status":"open","ping_status":"open","sticky":false,"template":"","format":"standard","meta":{"_exactmetrics_skip_tracking":false,"_exactmetrics_sitenote_active":false,"_exactmetrics_sitenote_note":"","_exactmetrics_sitenote_category":0,"jnews-multi-image_gallery":[],"jnews_single_post":[],"jnews_primary_category":[],"jnews_social_meta":[],"jnews_review":[],"enable_review":"","type":"","name":"","summary":"","brand":"","sku":"","good":[],"bad":[],"score_override":"","override_value":"","rating":[],"price":[],"jnews_override_counter":[],"jnews_post_split":[],"footnotes":""},"categories":[99,9],"tags":[],"class_list":["post-9937","post","type-post","status-publish","format-standard","has-post-thumbnail","hentry","category-iose","category-trabajadores-civiles-ff-aa"],"jetpack_featured_media_url":"https:\/\/atecordoba.org\/wp-content\/uploads\/2020\/05\/logo-nuevochico-e1561581322808.png","_links":{"self":[{"href":"https:\/\/atecordoba.org\/index.php?rest_route=\/wp\/v2\/posts\/9937","targetHints":{"allow":["GET"]}}],"collection":[{"href":"https:\/\/atecordoba.org\/index.php?rest_route=\/wp\/v2\/posts"}],"about":[{"href":"https:\/\/atecordoba.org\/index.php?rest_route=\/wp\/v2\/types\/post"}],"author":[{"embeddable":true,"href":"https:\/\/atecordoba.org\/index.php?rest_route=\/wp\/v2\/users\/1"}],"replies":[{"embeddable":true,"href":"https:\/\/atecordoba.org\/index.php?rest_route=%2Fwp%2Fv2%2Fcomments&post=9937"}],"version-history":[{"count":0,"href":"https:\/\/atecordoba.org\/index.php?rest_route=\/wp\/v2\/posts\/9937\/revisions"}],"wp:featuredmedia":[{"embeddable":true,"href":"https:\/\/atecordoba.org\/index.php?rest_route=\/wp\/v2\/media\/19220"}],"wp:attachment":[{"href":"https:\/\/atecordoba.org\/index.php?rest_route=%2Fwp%2Fv2%2Fmedia&parent=9937"}],"wp:term":[{"taxonomy":"category","embeddable":true,"href":"https:\/\/atecordoba.org\/index.php?rest_route=%2Fwp%2Fv2%2Fcategories&post=9937"},{"taxonomy":"post_tag","embeddable":true,"href":"https:\/\/atecordoba.org\/index.php?rest_route=%2Fwp%2Fv2%2Ftags&post=9937"}],"curies":[{"name":"wp","href":"https:\/\/api.w.org\/{rel}","templated":true}]}}