{"id":9925,"date":"2018-03-23T15:53:50","date_gmt":"2018-03-23T18:53:50","guid":{"rendered":"http:\/\/www.atecordoba.org\/?p=9925"},"modified":"2018-03-23T15:53:50","modified_gmt":"2018-03-23T18:53:50","slug":"trabajadores-de-inti-y-fabricaciones-militares-reclaman-en-el-congreso-que-paren-los-despidos","status":"publish","type":"post","link":"https:\/\/atecordoba.org\/?p=9925","title":{"rendered":"Trabajadores de INTI y Fabricaciones Militares reclaman en el Congreso que paren los despidos"},"content":{"rendered":"<p><em>Esta semana se present\u00f3 un proyecto de ley sobre el INTI, a partir de una iniciativa de ATE, y compa\u00f1eros de las seccionales R\u00edo Tercero y Villa Mar\u00eda promovieron otro proyecto similar ante varios diputados para que impulsen una norma.<\/em><\/p>\n<p><img loading=\"lazy\" decoding=\"async\" class=\"aligncenter size-full wp-image-9926\" src=\"http:\/\/www.atecordoba.org\/wp-content\/uploads\/2018\/03\/congreso-e1521830663944.jpg\" alt=\"\" width=\"550\" height=\"338\"><\/p>\n<p>Durante el d\u00eda martes y mi\u00e9rcoles de esta semana&nbsp; un equipo de trabajo de la Seccional de ATE R\u00edo Tercero&nbsp; integrado por los compa\u00f1eros Guillermo Brizuela y&nbsp; Mauricio Palavecino, delegados de la F\u00e1brica Militar y los compa\u00f1eros Cristi\u00e1n Colman, secretario General de la Seccional de R\u00edo Tercero, y H\u00e9ctor Fern\u00e1ndez , secretario de Acci\u00f3n Social, recorrieron&nbsp; los despachos de diversos &nbsp;diputados nacionales, entreg\u00e1ndoles el \u2018Proyecto de ley de Responsabilidad Social y Sustentabilidad\u2019 de la Direcci\u00f3n General de Fabricaciones Militares (DGFM).<\/p>\n<p>\u201cEl objetivo principal es que los diputados adhieran y acompa\u00f1en con su voto positivo este proyecto que plantea en sus articulados la prohibici\u00f3n de despidos por 24 meses, cualquiera fuera su forma contractual, la reincorporaci\u00f3n paulatina de todos los trabajadores a los que no se les renovaron los contratos (art\u00edculo n\u00b09 de ley 25.164) en el transcurso de 90 d\u00edas y la reapertura y reactivaci\u00f3n de la F\u00e1brica Militar de Azul de la provincia de Buenos Aires\u201d, seg\u00fan transmiti\u00f3 H\u00e9ctor Fern\u00e1ndez al salir de la c\u00e1mara al finalizar la primera jornada.<\/p>\n<p><img loading=\"lazy\" decoding=\"async\" class=\"aligncenter size-full wp-image-9929\" src=\"http:\/\/www.atecordoba.org\/wp-content\/uploads\/2018\/03\/25552274_365245410553393_2725858905146330981_n-e1521831193412.jpg\" alt=\"\" width=\"550\" height=\"309\"><\/p>\n<p>En tal sentido, Cristi\u00e1n Colman inform\u00f3 \u201cel objeto de esta ley es la defensa de los trabajadores de la DGFM, dependiente de Ministerio de Defensa e incorporar en ella el gran valor social y no corporativo dentro de la pol\u00edtica por parte de las mismas, bajo la figura de responsabilidad social empresaria. Entendemos que la protecci\u00f3n de la fuente laboral es en s\u00ed mismo la protecci\u00f3n de la industria de la defensa nacional, industria estrat\u00e9gica y s\u00edmbolo de soberan\u00eda de nuestro pa\u00eds que est\u00e1 sufriendo el vaciamiento por pol\u00edticas neoliberales\u201d.<\/p>\n<p>Desde la seccional R\u00edo Tercero de ATE esperan, en principio, que todos los diputados de C\u00f3rdoba acompa\u00f1en este proyecto, que viene en sinton\u00eda con el pedido de informe que elevo el&nbsp; Consejo Deliberante de R\u00edo Tercero al Gobierno Nacional y&nbsp; que demuestra su preocupaci\u00f3n ante la falta de inversiones y proyectos de producci\u00f3n.<\/p>\n<p>Tambi\u00e9n participaron de la&nbsp; actividad compa\u00f1eros de ATE Villa Mar\u00eda,&nbsp; y la organizaci\u00f3n Mujeres en defensa de las f\u00e1bricas militares.<\/p>\n<p><strong>Luego de 55 d\u00edas de lucha las dos c\u00e1maras del Congreso tratan los despidos en el INTI<\/strong><\/p>\n<p>El rechazo a los despidos en el INTI tuvo este mi\u00e9rcoles en el Congreso Nacional un d\u00eda muy importante. En la C\u00e1mara de Diputados avanz\u00f3 el proyecto que declara en el INTI la Emergencia Laboral, mientras en Senadores ingres\u00f3 una iniciativa que declara la emergencia en todos los organismos de Ciencia y Tecnolog\u00eda.<\/p>\n<p><img loading=\"lazy\" decoding=\"async\" class=\"aligncenter size-full wp-image-9927\" src=\"http:\/\/www.atecordoba.org\/wp-content\/uploads\/2018\/03\/inti-en-el-congreso-e1521830713149.jpeg\" alt=\"\" width=\"550\" height=\"413\"><\/p>\n<p>Hay que recordar que muchos legisladores se acercaron a dialogar con los trabajadores desde los primeros momentos del conflicto, que cumplir\u00e1 60 d\u00edas la semana pr\u00f3xima. En funci\u00f3n de esos di\u00e1logos el diputado nacional Roberto Salvarezza present\u00f3 un proyecto de ley para que se declare la emergencia laboral en la instituci\u00f3n.<\/p>\n<p>El proyecto -que tuvo gran consenso entre los legisladores de los diferentes bloques no oficialistas- plantea retrotraer la situaci\u00f3n laboral de los trabajadores al 1\u00b0 de Enero de 2018, con lo cual en caso de sancionarse la ley todos los despedidos deber\u00e1n ser reubicados en sus habituales puestos de trabajo.<\/p>\n<p>Con presencia de una delegaci\u00f3n de trabajadores despedidos y no-despedidos en el Congreso, se aprob\u00f3 por mayor\u00eda de votos el \u201cpase a comisiones con despacho de preferencia\u201d para que se eviten demoras y vuelva r\u00e1pidamente al recinto para ser tratado en pr\u00f3xima sesi\u00f3n, y as\u00ed obtener la media sanci\u00f3n por mayor\u00eda simple.<\/p>\n<p>Por otra parte ingres\u00f3 a la C\u00e1mara de Senadores un proyecto presentado por la Senadora Silvina Garc\u00eda Larraburu, quien recientemente asumi\u00f3 la presidencia de la Comisi\u00f3n de Ciencia y Tecnolog\u00eda del Senado.<\/p>\n<p>El proyecto con el que se buscar\u00e1 decretar la emergencia \u201cen organismos de ciencia, t\u00e9cnica y de producci\u00f3n de la defensa\u201d,&nbsp; alcanza al \u201cpersonal estable y al contratado, bajo cualquiera de las modalidades y supone la reincorporaci\u00f3n de quienes fueron despedidos y el congelamiento de las condiciones de vinculaci\u00f3n, existentes desde Diciembre de 2015, con excepci\u00f3n de la remuneraci\u00f3n que ser\u00e1 la vigente\u201d.<\/p>\n<p><img loading=\"lazy\" decoding=\"async\" class=\"aligncenter size-full wp-image-9928\" src=\"http:\/\/www.atecordoba.org\/wp-content\/uploads\/2018\/03\/WhatsApp-Image-2018-03-08-at-14.19.39-1-e1521830812311.jpeg\" alt=\"\" width=\"550\" height=\"309\"><\/p>\n<p>Seg\u00fan se propone en el proyecto, la emergencia se extender\u00e1 por dos a\u00f1os e incluye al personal del Instituto Nacional de Tecnolog\u00eda Industrial (INTI), del Instituto Nacional de Tecnolog\u00eda Agropecuaria (INTA), de la Comisi\u00f3n Nacional de Energ\u00eda At\u00f3mica (CNEA), del Instituto de Investigaciones Cient\u00edficas y T\u00e9cnicas para la Defensa (CITEDEF), entre muchos otros.<\/p>\n<p>La senadora se mostr\u00f3 especialmente preocupada por la situaci\u00f3n en el INTI y expres\u00f3 su confianza en que la iniciativa sea apoyada por los distintos bloques.<\/p>\n","protected":false},"excerpt":{"rendered":"<p>Esta semana se present\u00f3 un proyecto de ley sobre el INTI, a partir de una iniciativa de ATE, y compa\u00f1eros de las seccionales R\u00edo Tercero y Villa Mar\u00eda promovieron otro proyecto similar ante varios diputados para que impulsen una norma. Durante el d\u00eda martes y mi\u00e9rcoles de esta semana&nbsp; un equipo de trabajo de la [&hellip;]<\/p>\n","protected":false},"author":1,"featured_media":19220,"comment_status":"open","ping_status":"open","sticky":false,"template":"","format":"standard","meta":{"_exactmetrics_skip_tracking":false,"_exactmetrics_sitenote_active":false,"_exactmetrics_sitenote_note":"","_exactmetrics_sitenote_category":0,"jnews-multi-image_gallery":[],"jnews_single_post":[],"jnews_primary_category":[],"jnews_social_meta":[],"jnews_review":[],"enable_review":"","type":"","name":"","summary":"","brand":"","sku":"","good":[],"bad":[],"score_override":"","override_value":"","rating":[],"price":[],"jnews_override_counter":[],"jnews_post_split":[],"footnotes":""},"categories":[17,100],"tags":[],"class_list":["post-9925","post","type-post","status-publish","format-standard","has-post-thumbnail","hentry","category-fabricaciones-militares","category-inti"],"jetpack_featured_media_url":"https:\/\/atecordoba.org\/wp-content\/uploads\/2020\/05\/logo-nuevochico-e1561581322808.png","_links":{"self":[{"href":"https:\/\/atecordoba.org\/index.php?rest_route=\/wp\/v2\/posts\/9925","targetHints":{"allow":["GET"]}}],"collection":[{"href":"https:\/\/atecordoba.org\/index.php?rest_route=\/wp\/v2\/posts"}],"about":[{"href":"https:\/\/atecordoba.org\/index.php?rest_route=\/wp\/v2\/types\/post"}],"author":[{"embeddable":true,"href":"https:\/\/atecordoba.org\/index.php?rest_route=\/wp\/v2\/users\/1"}],"replies":[{"embeddable":true,"href":"https:\/\/atecordoba.org\/index.php?rest_route=%2Fwp%2Fv2%2Fcomments&post=9925"}],"version-history":[{"count":0,"href":"https:\/\/atecordoba.org\/index.php?rest_route=\/wp\/v2\/posts\/9925\/revisions"}],"wp:featuredmedia":[{"embeddable":true,"href":"https:\/\/atecordoba.org\/index.php?rest_route=\/wp\/v2\/media\/19220"}],"wp:attachment":[{"href":"https:\/\/atecordoba.org\/index.php?rest_route=%2Fwp%2Fv2%2Fmedia&parent=9925"}],"wp:term":[{"taxonomy":"category","embeddable":true,"href":"https:\/\/atecordoba.org\/index.php?rest_route=%2Fwp%2Fv2%2Fcategories&post=9925"},{"taxonomy":"post_tag","embeddable":true,"href":"https:\/\/atecordoba.org\/index.php?rest_route=%2Fwp%2Fv2%2Ftags&post=9925"}],"curies":[{"name":"wp","href":"https:\/\/api.w.org\/{rel}","templated":true}]}}