{"id":9917,"date":"2018-03-23T14:34:46","date_gmt":"2018-03-23T17:34:46","guid":{"rendered":"http:\/\/www.atecordoba.org\/?p=9917"},"modified":"2018-03-23T14:34:46","modified_gmt":"2018-03-23T17:34:46","slug":"24-de-marzo-el-macrismo-pretende-imponer-un-dia-de-la-memoria-domiciliario","status":"publish","type":"post","link":"https:\/\/atecordoba.org\/?p=9917","title":{"rendered":"24 de marzo: el macrismo pretende imponer un D\u00eda de la Memoria domiciliario"},"content":{"rendered":"<p><em>El Consejo Directivo Provincial adhiere como todos los a\u00f1os a la conmemoraci\u00f3n del D\u00eda de la Memoria y convoca a sus afiliados, cuerpos org\u00e1nicos y a todos los estatales a movilizarse ma\u00f1ana s\u00e1bado, all\u00ed donde se convoque una marcha en recuerdo de los compa\u00f1eros desaparecidos y para que nunca m\u00e1s nuestro pa\u00eds sufra una dictadura genocida. En C\u00f3rdoba Capital, nos concentramos a las 18 horas en Col\u00f3n y Ca\u00f1ada.<\/em><\/p>\n<p><img loading=\"lazy\" decoding=\"async\" class=\"aligncenter size-full wp-image-9921\" src=\"http:\/\/www.atecordoba.org\/wp-content\/uploads\/2018\/03\/24-de-marzo-1-e1521826457121.png\" alt=\"\" width=\"550\" height=\"112\"><\/p>\n<p>Este 2018 enfrenta una vez m\u00e1s al pueblo ante el desaf\u00edo de un gobierno nacional que pone en crisis acuerdos b\u00e1sicos alcanzados en democracia por el conjunto de los argentinos despu\u00e9s de d\u00e9cadas desviaciones, marchas y contramarchas. El macrismo inaugur\u00f3 su ciclo de gesti\u00f3n con la iniciativa del 2&#215;1 para los genocidas, medida que gener\u00f3 una reacci\u00f3n popular masiva y oblig\u00f3 a retrotraer la iniciativa y anular por medio de una ley cualquier delirio futuro al respecto.<\/p>\n<p>A la funci\u00f3n represiva de la protesta social que asign\u00f3 el gobierno a las fuerzas de seguridad, se sum\u00f3 la justificaci\u00f3n de una polic\u00eda brava que tiene al gatillo f\u00e1cil como herramienta de uso habitual.<\/p>\n<p>En las \u00faltimas semanas tambi\u00e9n nos encontramos con la iniciativa de facilitarle la prisi\u00f3n domiciliaria a represores condenados por delitos de lesa humanidad a partir de la propuesta realizada por el Servicio Penitenciario Federal, de obvia dependencia con el Poder Ejecutivo, incluida la alternativa de que el prototipo del asesino serial Alfredo Astis tambi\u00e9n se vea beneficiado.<\/p>\n<p>Toda esta pol\u00edtica ha merecido el permanente rechazo de ATE. Y no se trata de estar a favor de un gobierno o en contra de otro sino de respetar una pol\u00edtica de Estado construidas por el conjunto del pueblo, donde nos sentimos profundamente part\u00edcipes desde los albores de la recuperada democracia.<\/p>\n<p>Sabemos claramente que el de Macri es un gobierno antisindical e irrespetuoso de las tradiciones populares, que contin\u00faa una l\u00ednea de pensamiento hist\u00f3rica contraria a los trabajadores y al inter\u00e9s nacional.<\/p>\n<p>Pero m\u00e1s all\u00e1 de estas consideraciones, creemos que en cuestiones referidas a DDHH los consensos deben ser tan amplios que incluyan tambi\u00e9n a aquellos argentinos que honestamente apoyan esta gesti\u00f3n y que las l\u00edneas divisorias siempre estar\u00e1n separ\u00e1ndonos de quienes promuevan la impunidad, la mentira y el olvido en vez de rescatar la memoria, verdad y justicia.<\/p>\n<p>Por eso, junto a los organismos de DDHH, las organizaciones sindicales y sociales comprometidas con esta lucha, ma\u00f1ana estaremos en la calle para no permitir margen de duda sobre el destino que deben tener los genocidas del pueblo.<\/p>\n<p style=\"text-align: center;\">\u00a1Ning\u00fan genocida suelto!<\/p>\n<p style=\"text-align: right;\">Liliana Salerno<\/p>\n<p style=\"text-align: right;\">Secretaria General<\/p>\n","protected":false},"excerpt":{"rendered":"<p>El Consejo Directivo Provincial adhiere como todos los a\u00f1os a la conmemoraci\u00f3n del D\u00eda de la Memoria y convoca a sus afiliados, cuerpos org\u00e1nicos y a todos los estatales a movilizarse ma\u00f1ana s\u00e1bado, all\u00ed donde se convoque una marcha en recuerdo de los compa\u00f1eros desaparecidos y para que nunca m\u00e1s nuestro pa\u00eds sufra una dictadura [&hellip;]<\/p>\n","protected":false},"author":1,"featured_media":19220,"comment_status":"open","ping_status":"open","sticky":false,"template":"","format":"standard","meta":{"_exactmetrics_skip_tracking":false,"_exactmetrics_sitenote_active":false,"_exactmetrics_sitenote_note":"","_exactmetrics_sitenote_category":0,"jnews-multi-image_gallery":[],"jnews_single_post":[],"jnews_primary_category":[],"jnews_social_meta":[],"jnews_review":[],"enable_review":"","type":"","name":"","summary":"","brand":"","sku":"","good":[],"bad":[],"score_override":"","override_value":"","rating":[],"price":[],"jnews_override_counter":[],"jnews_post_split":[],"footnotes":""},"categories":[122],"tags":[],"class_list":["post-9917","post","type-post","status-publish","format-standard","has-post-thumbnail","hentry","category-ddhh"],"jetpack_featured_media_url":"https:\/\/atecordoba.org\/wp-content\/uploads\/2020\/05\/logo-nuevochico-e1561581322808.png","_links":{"self":[{"href":"https:\/\/atecordoba.org\/index.php?rest_route=\/wp\/v2\/posts\/9917","targetHints":{"allow":["GET"]}}],"collection":[{"href":"https:\/\/atecordoba.org\/index.php?rest_route=\/wp\/v2\/posts"}],"about":[{"href":"https:\/\/atecordoba.org\/index.php?rest_route=\/wp\/v2\/types\/post"}],"author":[{"embeddable":true,"href":"https:\/\/atecordoba.org\/index.php?rest_route=\/wp\/v2\/users\/1"}],"replies":[{"embeddable":true,"href":"https:\/\/atecordoba.org\/index.php?rest_route=%2Fwp%2Fv2%2Fcomments&post=9917"}],"version-history":[{"count":0,"href":"https:\/\/atecordoba.org\/index.php?rest_route=\/wp\/v2\/posts\/9917\/revisions"}],"wp:featuredmedia":[{"embeddable":true,"href":"https:\/\/atecordoba.org\/index.php?rest_route=\/wp\/v2\/media\/19220"}],"wp:attachment":[{"href":"https:\/\/atecordoba.org\/index.php?rest_route=%2Fwp%2Fv2%2Fmedia&parent=9917"}],"wp:term":[{"taxonomy":"category","embeddable":true,"href":"https:\/\/atecordoba.org\/index.php?rest_route=%2Fwp%2Fv2%2Fcategories&post=9917"},{"taxonomy":"post_tag","embeddable":true,"href":"https:\/\/atecordoba.org\/index.php?rest_route=%2Fwp%2Fv2%2Ftags&post=9917"}],"curies":[{"name":"wp","href":"https:\/\/api.w.org\/{rel}","templated":true}]}}