{"id":9916,"date":"2018-03-23T14:47:16","date_gmt":"2018-03-23T17:47:16","guid":{"rendered":"http:\/\/www.atecordoba.org\/?p=9916"},"modified":"2018-03-23T14:47:16","modified_gmt":"2018-03-23T17:47:16","slug":"delegados-de-parques-nacionales-rechazan-el-proyecto-de-macri-para-campo-de-mayo","status":"publish","type":"post","link":"https:\/\/atecordoba.org\/?p=9916","title":{"rendered":"Delegados de Parques Nacionales rechazan el proyecto de Macri para Campo de Mayo"},"content":{"rendered":"<p><em>Trabajadores y trabajadores agremiados en ATE de la Administraci\u00f3n de Parques Nacionales nos manifestamos ante las declaraciones del Presidente Mauricio Macri en su discurso de apertura de sesiones legislativas 2018 en el Congreso Nacional el d\u00eda 1\u00b0 de Marzo del corriente a\u00f1o, donde anunci\u00f3 que una gran parte de Campo de Mayo ser\u00eda transformado en un Parque Nacional.<\/em><\/p>\n<p><img loading=\"lazy\" decoding=\"async\" class=\"aligncenter size-full wp-image-9923\" src=\"http:\/\/www.atecordoba.org\/wp-content\/uploads\/2018\/03\/campo-de-mayo-e1521827193616.jpg\" alt=\"\" width=\"550\" height=\"344\"><\/p>\n<p>&nbsp;<\/p>\n<p>Adherimos a las posiciones expresadas por los organismos de DD.HH. Creemos que es necesario convocar a todos los sectores de nuestra sociedad para discutir acerca de territorios con estas caracter\u00edsticas bajo la consigna de respetar y poner en valor la memoria e identidad de nuestro pueblo en el marco de un Estado democr\u00e1tico y no totalitario.<\/p>\n<p>Las trabajadoras\/es de esta instituci\u00f3n somos continuadores del legado hist\u00f3rico de nuestra clase en Latinoam\u00e9rica y en nuestro pa\u00eds, marcado por la defensa de los derechos adquiridos plasmados en la legislaci\u00f3n vigente (Constituci\u00f3n Nacional, Convenios Colectivos, convenios internacionales, declaraciones internacionales, etc\u00e9tera).<\/p>\n<p>Estos acuerdos fueron logrados con el m\u00e1s amplio arco de participaci\u00f3n democr\u00e1tica de los diversos sectores de nuestro pueblo, fruto de sacrificadas conquistas de generaciones anteriores, con \u00e1nimo de lograr mejores condiciones de vida para los habitantes en el territorio nacional.<\/p>\n<p>En ese sentido, los trabajadores tenemos que denunciar en este marco de discusi\u00f3n que el gobierno se propone ampliar la estructura de del organismo pero sin designar nuevos puestos de trabajo y manteniendo alt\u00edsimos niveles de precarizaci\u00f3n. As\u00ed, el 50% del plantel de trabajadores est\u00e1 contratado, sin contar con la estabilidad laboral que garantiza la Constituci\u00f3n al empleado estatal, como los brigadistas, contratos 48 y voluntarios rentados, que cobran solo $ 4.070 por mes por 10 horas de trabajo diarios, por 5 d\u00edas a la semana.<\/p>\n<p>Vale aclarar que el petitorio presentado al ministro Bergman el 6 de noviembre del a\u00f1o pasado, en el D\u00eda de los Parques Nacionales, sigue sin respuestas. All\u00ed claramente le planteamos los principales problemas de la Administraci\u00f3n de Parques Nacionales que deben ser solucionados para poder ejercer en territorio los objetivos para los cuales fue creada esta instituci\u00f3n, que lleva m\u00e1s de 100 a\u00f1os de existencia.<\/p>\n<p><strong>Territorio de identidad y memoria<\/strong><\/p>\n<p>A lo largo de la historia hemos atravesado y enfrentado dictaduras, defendido con esp\u00edritu solidario otras realidades de los habitantes de los pa\u00edses vecinos acosados, dado nuestro car\u00e1cter internacionalista asumido desde el movimiento obrero ante planes del imperio como el Plan C\u00f3ndor.<\/p>\n<p>En nuestro sector, hemos construido este mandato con a\u00f1os de lucha, de historia sindical, articulada a partir de cada una de las asambleas de todas las \u00e1reas protegidas del pa\u00eds, en la alianza con otras organizaciones.<\/p>\n<p>En tal sentido, creemos que el Presidente Mauricio Macri se olvida de mencionar lo que significa esa porci\u00f3n de territorio a la que se refiere en t\u00e9rminos de proyectos y omite el valor que Campo de Mayo constituye en materia de Identidad y Memoria para nuestro Pueblo.<\/p>\n<p>En las diferentes asambleas de trabajadores no se concibe que un lugar por donde se estima estuvieron al menos 5000 personas detenidas, sometidas a diferentes torturas y violaciones, se tomen decisiones que s\u00f3lo apuntan a ocultar, a negar una parte importante de los hechos que marcaron internacionalmente a nuestra ciudadan\u00eda en tanto hecho social innegable.<\/p>\n<p>Esta pol\u00edtica se inscriben en el marco de otras iniciativas igualmente lamentables como del 2 x 1 para los genocidas, la prisi\u00f3n domiciliaria, el negacionismo constante y la puesta en duda de que no hubo tal n\u00famero de desaparecidos. Entendemos todo como un nuevo intento de instalar la teor\u00eda de los dos demonios y se constituye de este modo una regresi\u00f3n sobre lo logrado en las \u00faltimas d\u00e9cadas de lucha en nuestro territorio luego de que la junta de gobierno dictatorial se retirara en diciembre de 1983 para que asuma un presidente constitucional.<\/p>\n<p>Por lo tanto consideramos que es un grave error, un retroceso institucional en relaci\u00f3n a pol\u00edticas p\u00fablicas de DDHH no consultar a los miles de familiares y sobrevivientes de ese oscuro periodo, a los actores sociales involucrados directamente con este tema a los organismos de DDHH y a las organizaciones que tienen opini\u00f3n diferente sobre lo que hay y debe hacerse.<\/p>\n","protected":false},"excerpt":{"rendered":"<p>Trabajadores y trabajadores agremiados en ATE de la Administraci\u00f3n de Parques Nacionales nos manifestamos ante las declaraciones del Presidente Mauricio Macri en su discurso de apertura de sesiones legislativas 2018 en el Congreso Nacional el d\u00eda 1\u00b0 de Marzo del corriente a\u00f1o, donde anunci\u00f3 que una gran parte de Campo de Mayo ser\u00eda transformado en [&hellip;]<\/p>\n","protected":false},"author":1,"featured_media":19220,"comment_status":"open","ping_status":"open","sticky":false,"template":"","format":"standard","meta":{"_exactmetrics_skip_tracking":false,"_exactmetrics_sitenote_active":false,"_exactmetrics_sitenote_note":"","_exactmetrics_sitenote_category":0,"jnews-multi-image_gallery":[],"jnews_single_post":[],"jnews_primary_category":[],"jnews_social_meta":[],"jnews_review":[],"enable_review":"","type":"","name":"","summary":"","brand":"","sku":"","good":[],"bad":[],"score_override":"","override_value":"","rating":[],"price":[],"jnews_override_counter":[],"jnews_post_split":[],"footnotes":""},"categories":[122,96],"tags":[],"class_list":["post-9916","post","type-post","status-publish","format-standard","has-post-thumbnail","hentry","category-ddhh","category-parques-nacionales-2"],"jetpack_featured_media_url":"https:\/\/atecordoba.org\/wp-content\/uploads\/2020\/05\/logo-nuevochico-e1561581322808.png","_links":{"self":[{"href":"https:\/\/atecordoba.org\/index.php?rest_route=\/wp\/v2\/posts\/9916","targetHints":{"allow":["GET"]}}],"collection":[{"href":"https:\/\/atecordoba.org\/index.php?rest_route=\/wp\/v2\/posts"}],"about":[{"href":"https:\/\/atecordoba.org\/index.php?rest_route=\/wp\/v2\/types\/post"}],"author":[{"embeddable":true,"href":"https:\/\/atecordoba.org\/index.php?rest_route=\/wp\/v2\/users\/1"}],"replies":[{"embeddable":true,"href":"https:\/\/atecordoba.org\/index.php?rest_route=%2Fwp%2Fv2%2Fcomments&post=9916"}],"version-history":[{"count":0,"href":"https:\/\/atecordoba.org\/index.php?rest_route=\/wp\/v2\/posts\/9916\/revisions"}],"wp:featuredmedia":[{"embeddable":true,"href":"https:\/\/atecordoba.org\/index.php?rest_route=\/wp\/v2\/media\/19220"}],"wp:attachment":[{"href":"https:\/\/atecordoba.org\/index.php?rest_route=%2Fwp%2Fv2%2Fmedia&parent=9916"}],"wp:term":[{"taxonomy":"category","embeddable":true,"href":"https:\/\/atecordoba.org\/index.php?rest_route=%2Fwp%2Fv2%2Fcategories&post=9916"},{"taxonomy":"post_tag","embeddable":true,"href":"https:\/\/atecordoba.org\/index.php?rest_route=%2Fwp%2Fv2%2Ftags&post=9916"}],"curies":[{"name":"wp","href":"https:\/\/api.w.org\/{rel}","templated":true}]}}