{"id":9910,"date":"2018-03-22T13:10:55","date_gmt":"2018-03-22T16:10:55","guid":{"rendered":"http:\/\/www.atecordoba.org\/?p=9910"},"modified":"2018-03-22T13:10:55","modified_gmt":"2018-03-22T16:10:55","slug":"polo-de-la-mujer-protesta-en-reclamo-de-pase-a-planta","status":"publish","type":"post","link":"https:\/\/atecordoba.org\/?p=9910","title":{"rendered":"Polo de la Mujer: protesta en reclamo de pase a planta"},"content":{"rendered":"<p><em>En horas de la ma\u00f1ana las trabajadoras del Equipo de Atenci\u00f3n de V\u00edctimas de Delitos Sexuales realiz\u00f3 una protesta frente al Polo de de la Mujer para exigir que el Ministerio de Justicia y DD.HH. resuelva el pase a planta de 20 compa\u00f1eras contratadas.<\/em><\/p>\n<p><img loading=\"lazy\" decoding=\"async\" class=\"aligncenter size-full wp-image-9912\" src=\"http:\/\/www.atecordoba.org\/wp-content\/uploads\/2018\/03\/IMG_8337-e1521734938245.jpg\" alt=\"\" width=\"550\" height=\"309\"><\/p>\n<p>En la oportunidad, las trabajadores aplicaron la jornada de lucha programada y llevaron a cabo una ruidosa protesta frente al organismo y cortando la calle Entre R\u00edos y bv Guzman. Estuvieron presentes miembros del CDP, delegados gremiales de ATE de otras reparticiones provinciales y nacionales, y organizaciones sociales.<\/p>\n<p>Tal como venimos planteando desde ATE, desde hace 10 d\u00edas se suceden los reclamos para efectivizar el pase a planta de este grupo de compa\u00f1eras que no est\u00e1n contempladas en la ley 10512, que establece la estabilidad laboral de 4800 agentes provinciales.&nbsp;<\/p>\n<p><img loading=\"lazy\" decoding=\"async\" class=\"aligncenter size-full wp-image-9913\" src=\"http:\/\/www.atecordoba.org\/wp-content\/uploads\/2018\/03\/IMG_8323-e1521735006830.jpg\" alt=\"\" width=\"550\" height=\"309\"><\/p>\n<p>Esta situaci\u00f3n se debe a un mal escalafonamiento a partir del traspaso del sector desde la \u00f3rbita de la Legislatura al Ministerio de Justicia y DDHH. Hasta el momento las autoridades no dieron respuesta al reclamo planteado, que constituye un clara injusticia y discriminaci\u00f3n respecto a otros compa\u00f1eros del Estado provincial.<\/p>\n<p>Estas trabajadoras cumplen una funci\u00f3n vital para atender a las v\u00edctimas de los delitos sexuales, al punto que el a\u00f1o pasado atendieron 7000 consultas y el 80% de los asistidos son ni\u00f1as, ni\u00f1os y adolescentes.<\/p>\n","protected":false},"excerpt":{"rendered":"<p>En horas de la ma\u00f1ana las trabajadoras del Equipo de Atenci\u00f3n de V\u00edctimas de Delitos Sexuales realiz\u00f3 una protesta frente al Polo de de la Mujer para exigir que el Ministerio de Justicia y DD.HH. resuelva el pase a planta de 20 compa\u00f1eras contratadas. En la oportunidad, las trabajadores aplicaron la jornada de lucha programada [&hellip;]<\/p>\n","protected":false},"author":1,"featured_media":19220,"comment_status":"open","ping_status":"open","sticky":false,"template":"","format":"standard","meta":{"_exactmetrics_skip_tracking":false,"_exactmetrics_sitenote_active":false,"_exactmetrics_sitenote_note":"","_exactmetrics_sitenote_category":0,"jnews-multi-image_gallery":[],"jnews_single_post":[],"jnews_primary_category":[],"jnews_social_meta":[],"jnews_review":[],"enable_review":"","type":"","name":"","summary":"","brand":"","sku":"","good":[],"bad":[],"score_override":"","override_value":"","rating":[],"price":[],"jnews_override_counter":[],"jnews_post_split":[],"footnotes":""},"categories":[142],"tags":[],"class_list":["post-9910","post","type-post","status-publish","format-standard","has-post-thumbnail","hentry","category-polo-de-la-mujer-de-la-provincia"],"jetpack_featured_media_url":"https:\/\/atecordoba.org\/wp-content\/uploads\/2020\/05\/logo-nuevochico-e1561581322808.png","_links":{"self":[{"href":"https:\/\/atecordoba.org\/index.php?rest_route=\/wp\/v2\/posts\/9910","targetHints":{"allow":["GET"]}}],"collection":[{"href":"https:\/\/atecordoba.org\/index.php?rest_route=\/wp\/v2\/posts"}],"about":[{"href":"https:\/\/atecordoba.org\/index.php?rest_route=\/wp\/v2\/types\/post"}],"author":[{"embeddable":true,"href":"https:\/\/atecordoba.org\/index.php?rest_route=\/wp\/v2\/users\/1"}],"replies":[{"embeddable":true,"href":"https:\/\/atecordoba.org\/index.php?rest_route=%2Fwp%2Fv2%2Fcomments&post=9910"}],"version-history":[{"count":0,"href":"https:\/\/atecordoba.org\/index.php?rest_route=\/wp\/v2\/posts\/9910\/revisions"}],"wp:featuredmedia":[{"embeddable":true,"href":"https:\/\/atecordoba.org\/index.php?rest_route=\/wp\/v2\/media\/19220"}],"wp:attachment":[{"href":"https:\/\/atecordoba.org\/index.php?rest_route=%2Fwp%2Fv2%2Fmedia&parent=9910"}],"wp:term":[{"taxonomy":"category","embeddable":true,"href":"https:\/\/atecordoba.org\/index.php?rest_route=%2Fwp%2Fv2%2Fcategories&post=9910"},{"taxonomy":"post_tag","embeddable":true,"href":"https:\/\/atecordoba.org\/index.php?rest_route=%2Fwp%2Fv2%2Ftags&post=9910"}],"curies":[{"name":"wp","href":"https:\/\/api.w.org\/{rel}","templated":true}]}}