{"id":9903,"date":"2018-03-22T10:01:20","date_gmt":"2018-03-22T13:01:20","guid":{"rendered":"http:\/\/www.atecordoba.org\/?p=9903"},"modified":"2018-03-22T10:01:20","modified_gmt":"2018-03-22T13:01:20","slug":"municipales-de-salsacate-eligieron-dos-nuevas-delegados","status":"publish","type":"post","link":"https:\/\/atecordoba.org\/?p=9903","title":{"rendered":"Municipales de Salsacate eligieron dos nuevas delegadas"},"content":{"rendered":"<p><em>Particip\u00f3 en el sufragio el 95% de los afiliados de ATE.<\/em><\/p>\n<p><img loading=\"lazy\" decoding=\"async\" class=\"aligncenter size-full wp-image-9906\" src=\"http:\/\/www.atecordoba.org\/wp-content\/uploads\/2018\/03\/delegadas-salsacate.png\" alt=\"\" width=\"550\" height=\"647\"><\/p>\n<p>El pasado lunes 19 de marzo se llev\u00f3 a cabo la elecci\u00f3n de delegados en el Municipio de Salsacate, ubicado en el Valle de Traslasierra. En la oportunidad resultaron electas las compa\u00f1eras Marta Lucinda Britos y Mar\u00eda Rosa Villarreal. La jornada electoral transcurri\u00f3 con total normalidad ya que la concurrencia de los trabajadores municipales fue masiva, contado con una participaci\u00f3n del 95% de los afiliados de nuestra ATE.<\/p>\n<p>&#8220;Asumimos con el compromiso de continuar luchando por mejoras salariales y para mejorar las condiciones de trabajo de los compa\u00f1eros&#8221;, resumi\u00f3 Britos concluida la elecci\u00f3n. Por su parte, Villarreal agreg\u00f3 que en este periodo, con mandato por los pr\u00f3ximos dos a\u00f1os, las delegadas se proponen trabajar para que nuestro gremio extienda la representaci\u00f3n gremial en todos los municipios de Traslasierra, comenzando por las comunas circundantes a Salsacate.<\/p>\n<p>La elecci\u00f3n cont\u00f3 con el acompa\u00f1amiento del secretario de Interior del Consejo Directivo Provincial, Alejandro Murua.<\/p>\n<p>\u00a1Felicitaciones compa\u00f1eras!<\/p>\n<p>&nbsp;<\/p>\n","protected":false},"excerpt":{"rendered":"<p>Particip\u00f3 en el sufragio el 95% de los afiliados de ATE. El pasado lunes 19 de marzo se llev\u00f3 a cabo la elecci\u00f3n de delegados en el Municipio de Salsacate, ubicado en el Valle de Traslasierra. En la oportunidad resultaron electas las compa\u00f1eras Marta Lucinda Britos y Mar\u00eda Rosa Villarreal. La jornada electoral transcurri\u00f3 con [&hellip;]<\/p>\n","protected":false},"author":1,"featured_media":19220,"comment_status":"open","ping_status":"open","sticky":false,"template":"","format":"standard","meta":{"_exactmetrics_skip_tracking":false,"_exactmetrics_sitenote_active":false,"_exactmetrics_sitenote_note":"","_exactmetrics_sitenote_category":0,"jnews-multi-image_gallery":[],"jnews_single_post":[],"jnews_primary_category":[],"jnews_social_meta":[],"jnews_review":[],"enable_review":"","type":"","name":"","summary":"","brand":"","sku":"","good":[],"bad":[],"score_override":"","override_value":"","rating":[],"price":[],"jnews_override_counter":[],"jnews_post_split":[],"footnotes":""},"categories":[20],"tags":[],"class_list":["post-9903","post","type-post","status-publish","format-standard","has-post-thumbnail","hentry","category-municipales"],"jetpack_featured_media_url":"https:\/\/atecordoba.org\/wp-content\/uploads\/2020\/05\/logo-nuevochico-e1561581322808.png","_links":{"self":[{"href":"https:\/\/atecordoba.org\/index.php?rest_route=\/wp\/v2\/posts\/9903","targetHints":{"allow":["GET"]}}],"collection":[{"href":"https:\/\/atecordoba.org\/index.php?rest_route=\/wp\/v2\/posts"}],"about":[{"href":"https:\/\/atecordoba.org\/index.php?rest_route=\/wp\/v2\/types\/post"}],"author":[{"embeddable":true,"href":"https:\/\/atecordoba.org\/index.php?rest_route=\/wp\/v2\/users\/1"}],"replies":[{"embeddable":true,"href":"https:\/\/atecordoba.org\/index.php?rest_route=%2Fwp%2Fv2%2Fcomments&post=9903"}],"version-history":[{"count":0,"href":"https:\/\/atecordoba.org\/index.php?rest_route=\/wp\/v2\/posts\/9903\/revisions"}],"wp:featuredmedia":[{"embeddable":true,"href":"https:\/\/atecordoba.org\/index.php?rest_route=\/wp\/v2\/media\/19220"}],"wp:attachment":[{"href":"https:\/\/atecordoba.org\/index.php?rest_route=%2Fwp%2Fv2%2Fmedia&parent=9903"}],"wp:term":[{"taxonomy":"category","embeddable":true,"href":"https:\/\/atecordoba.org\/index.php?rest_route=%2Fwp%2Fv2%2Fcategories&post=9903"},{"taxonomy":"post_tag","embeddable":true,"href":"https:\/\/atecordoba.org\/index.php?rest_route=%2Fwp%2Fv2%2Ftags&post=9903"}],"curies":[{"name":"wp","href":"https:\/\/api.w.org\/{rel}","templated":true}]}}