{"id":9883,"date":"2018-03-13T10:03:42","date_gmt":"2018-03-13T13:03:42","guid":{"rendered":"http:\/\/www.atecordoba.org\/?p=9883"},"modified":"2020-06-09T15:36:45","modified_gmt":"2020-06-09T18:36:45","slug":"ate-presente-en-los-reclamos-por-la-igualdad-y-el-aborto-no-punible-en-el-8m","status":"publish","type":"post","link":"https:\/\/atecordoba.org\/?p=9883","title":{"rendered":"ATE, presente en los reclamos por la igualdad y el aborto no punible en el #8M"},"content":{"rendered":"<p><em>Fue multitudinaria la movilizaci\u00f3n en C\u00f3rdoba donde participaron compa\u00f1eras y compa\u00f1eros estatales, en el marco del paro que decret\u00f3 ATE el jueves pasado.<\/em><\/p>\n<p><img loading=\"lazy\" decoding=\"async\" class=\"aligncenter size-full wp-image-9887\" src=\"http:\/\/atecordoba.org\/wp-content\/uploads\/2020\/06\/IMG_8283-e1520945885463.jpg\" alt=\"\" width=\"550\" height=\"309\"><\/p>\n<p>Bajo las consignas &#8216;ni una\/o despedida\/o m\u00e1s, ni una\/o precarizada\/o m\u00e1s, reincorporaci\u00f3n ya&#8217;, ATE particip\u00f3 activamente de la movilizaci\u00f3n convocada por el colectivo Ni una menos, este bajo en el contexto de un fuerte debate social sobre la despenalizaci\u00f3n y legalizaci\u00f3n del aborto, para sacarlo del c\u00f3digo penal y abordarlo como el verdadero problema de salud p\u00fablica que es.<\/p>\n<p>El Consejo Directivo Provincial viene&nbsp;realizando distintas actividades de promoci\u00f3n de igual de los derechos de las mujeres, de visibilizaci\u00f3n de la violencia y la discriminaci\u00f3n que sufren las compa\u00f1eras. Entre otras actividades, una delegaci\u00f3n particip\u00f3 del encuentro en Chaco en 2017.<\/p>\n<p><img loading=\"lazy\" decoding=\"async\" class=\"aligncenter size-full wp-image-9888\" src=\"http:\/\/atecordoba.org\/wp-content\/uploads\/2020\/06\/bis.png\" alt=\"\" width=\"550\" height=\"470\"><\/p>\n<p>Al calor del paro internacional de mujeres y decretado por nuestro gremio se hicieron distintas actividades como el &#8216;ruidazo&#8217; en los lugares de trabajo,&nbsp;o directamente se realiz\u00f3 paro y abandono a partir de las 17 horas. Tal fue el caso&nbsp;del Polo de la Mujer, donde nuestras compa\u00f1eras siempre han encabezado las marchas por su compromiso con la problem\u00e1tica.<\/p>\n<p>Marcharon miles de mujeres por las calles de C\u00f3rdoba Capital. En la oportunidad estuvieron presentes miembros del Consejo Directivo Provincial, junto a delegados, activistas y trabajadores, junto a compa\u00f1eros jubilados nacionales y provinciales.&nbsp;<\/p>\n<p>&nbsp;<\/p>\n","protected":false},"excerpt":{"rendered":"<p>Fue multitudinaria la movilizaci\u00f3n en C\u00f3rdoba donde participaron compa\u00f1eras y compa\u00f1eros estatales, en el marco del paro que decret\u00f3 ATE el jueves pasado. Bajo las consignas &#8216;ni una\/o despedida\/o m\u00e1s, ni una\/o precarizada\/o m\u00e1s, reincorporaci\u00f3n ya&#8217;, ATE particip\u00f3 activamente de la movilizaci\u00f3n convocada por el colectivo Ni una menos, este bajo en el contexto de [&hellip;]<\/p>\n","protected":false},"author":1,"featured_media":19220,"comment_status":"open","ping_status":"open","sticky":false,"template":"","format":"standard","meta":{"_exactmetrics_skip_tracking":false,"_exactmetrics_sitenote_active":false,"_exactmetrics_sitenote_note":"","_exactmetrics_sitenote_category":0,"jnews-multi-image_gallery":[],"jnews_single_post":[],"jnews_primary_category":[],"jnews_social_meta":[],"jnews_review":[],"enable_review":"","type":"","name":"","summary":"","brand":"","sku":"","good":[],"bad":[],"score_override":"","override_value":"","rating":[],"price":[],"jnews_override_counter":[],"jnews_post_split":[],"footnotes":""},"categories":[325],"tags":[],"class_list":["post-9883","post","type-post","status-publish","format-standard","has-post-thumbnail","hentry","category-generos-y-diversidades"],"jetpack_featured_media_url":"https:\/\/atecordoba.org\/wp-content\/uploads\/2020\/05\/logo-nuevochico-e1561581322808.png","_links":{"self":[{"href":"https:\/\/atecordoba.org\/index.php?rest_route=\/wp\/v2\/posts\/9883","targetHints":{"allow":["GET"]}}],"collection":[{"href":"https:\/\/atecordoba.org\/index.php?rest_route=\/wp\/v2\/posts"}],"about":[{"href":"https:\/\/atecordoba.org\/index.php?rest_route=\/wp\/v2\/types\/post"}],"author":[{"embeddable":true,"href":"https:\/\/atecordoba.org\/index.php?rest_route=\/wp\/v2\/users\/1"}],"replies":[{"embeddable":true,"href":"https:\/\/atecordoba.org\/index.php?rest_route=%2Fwp%2Fv2%2Fcomments&post=9883"}],"version-history":[{"count":1,"href":"https:\/\/atecordoba.org\/index.php?rest_route=\/wp\/v2\/posts\/9883\/revisions"}],"predecessor-version":[{"id":19959,"href":"https:\/\/atecordoba.org\/index.php?rest_route=\/wp\/v2\/posts\/9883\/revisions\/19959"}],"wp:featuredmedia":[{"embeddable":true,"href":"https:\/\/atecordoba.org\/index.php?rest_route=\/wp\/v2\/media\/19220"}],"wp:attachment":[{"href":"https:\/\/atecordoba.org\/index.php?rest_route=%2Fwp%2Fv2%2Fmedia&parent=9883"}],"wp:term":[{"taxonomy":"category","embeddable":true,"href":"https:\/\/atecordoba.org\/index.php?rest_route=%2Fwp%2Fv2%2Fcategories&post=9883"},{"taxonomy":"post_tag","embeddable":true,"href":"https:\/\/atecordoba.org\/index.php?rest_route=%2Fwp%2Fv2%2Ftags&post=9883"}],"curies":[{"name":"wp","href":"https:\/\/api.w.org\/{rel}","templated":true}]}}