{"id":9877,"date":"2018-03-09T10:05:42","date_gmt":"2018-03-09T13:05:42","guid":{"rendered":"http:\/\/www.atecordoba.org\/?p=9877"},"modified":"2020-08-10T11:02:26","modified_gmt":"2020-08-10T14:02:26","slug":"charla-en-pami-por-el-dia-de-la-mujer-trabajadora","status":"publish","type":"post","link":"https:\/\/atecordoba.org\/?p=9877","title":{"rendered":"Charla en PAMI por el D\u00eda de la Mujer Trabajadora"},"content":{"rendered":"<p><em>Convocada por ATE PAMI y dem\u00e1s organizaciones gremiales, se realiz\u00f3 ayer una charla abierta sobre la problem\u00e1tica de la mujer trabajadora en el auditorio del organismo.<\/em><\/p>\n<p><img loading=\"lazy\" decoding=\"async\" class=\"aligncenter size-full wp-image-9878\" src=\"http:\/\/www.atecordoba.org\/wp-content\/uploads\/2018\/03\/PAMI-e1520600094413.jpg\" alt=\"\" width=\"550\" height=\"412\"><\/p>\n<p>En la oportunidad participaron compa\u00f1eras de la intersindical de mujeres y cont\u00f3 con importante participaci\u00f3n de trabajadoras del sector.&nbsp;<\/p>\n<p><img loading=\"lazy\" decoding=\"async\" class=\"aligncenter size-full wp-image-9879\" src=\"http:\/\/www.atecordoba.org\/wp-content\/uploads\/2018\/03\/PAMI-DIA-DE-LA-MUJER-e1520600715167.jpg\" alt=\"\" width=\"400\" height=\"711\"><\/p>\n","protected":false},"excerpt":{"rendered":"<p>Convocada por ATE PAMI y dem\u00e1s organizaciones gremiales, se realiz\u00f3 ayer una charla abierta sobre la problem\u00e1tica de la mujer trabajadora en el auditorio del organismo. En la oportunidad participaron compa\u00f1eras de la intersindical de mujeres y cont\u00f3 con importante participaci\u00f3n de trabajadoras del sector.&nbsp;<\/p>\n","protected":false},"author":1,"featured_media":19220,"comment_status":"open","ping_status":"open","sticky":false,"template":"","format":"standard","meta":{"_exactmetrics_skip_tracking":false,"_exactmetrics_sitenote_active":false,"_exactmetrics_sitenote_note":"","_exactmetrics_sitenote_category":0,"jnews-multi-image_gallery":[],"jnews_single_post":[],"jnews_primary_category":[],"jnews_social_meta":[],"jnews_review":[],"enable_review":"","type":"","name":"","summary":"","brand":"","sku":"","good":[],"bad":[],"score_override":"","override_value":"","rating":[],"price":[],"jnews_override_counter":[],"jnews_post_split":[],"footnotes":""},"categories":[18],"tags":[],"class_list":["post-9877","post","type-post","status-publish","format-standard","has-post-thumbnail","hentry","category-nacionales"],"jetpack_featured_media_url":"https:\/\/atecordoba.org\/wp-content\/uploads\/2020\/05\/logo-nuevochico-e1561581322808.png","_links":{"self":[{"href":"https:\/\/atecordoba.org\/index.php?rest_route=\/wp\/v2\/posts\/9877","targetHints":{"allow":["GET"]}}],"collection":[{"href":"https:\/\/atecordoba.org\/index.php?rest_route=\/wp\/v2\/posts"}],"about":[{"href":"https:\/\/atecordoba.org\/index.php?rest_route=\/wp\/v2\/types\/post"}],"author":[{"embeddable":true,"href":"https:\/\/atecordoba.org\/index.php?rest_route=\/wp\/v2\/users\/1"}],"replies":[{"embeddable":true,"href":"https:\/\/atecordoba.org\/index.php?rest_route=%2Fwp%2Fv2%2Fcomments&post=9877"}],"version-history":[{"count":1,"href":"https:\/\/atecordoba.org\/index.php?rest_route=\/wp\/v2\/posts\/9877\/revisions"}],"predecessor-version":[{"id":21133,"href":"https:\/\/atecordoba.org\/index.php?rest_route=\/wp\/v2\/posts\/9877\/revisions\/21133"}],"wp:featuredmedia":[{"embeddable":true,"href":"https:\/\/atecordoba.org\/index.php?rest_route=\/wp\/v2\/media\/19220"}],"wp:attachment":[{"href":"https:\/\/atecordoba.org\/index.php?rest_route=%2Fwp%2Fv2%2Fmedia&parent=9877"}],"wp:term":[{"taxonomy":"category","embeddable":true,"href":"https:\/\/atecordoba.org\/index.php?rest_route=%2Fwp%2Fv2%2Fcategories&post=9877"},{"taxonomy":"post_tag","embeddable":true,"href":"https:\/\/atecordoba.org\/index.php?rest_route=%2Fwp%2Fv2%2Ftags&post=9877"}],"curies":[{"name":"wp","href":"https:\/\/api.w.org\/{rel}","templated":true}]}}