{"id":9873,"date":"2018-03-08T15:03:46","date_gmt":"2018-03-08T18:03:46","guid":{"rendered":"http:\/\/www.atecordoba.org\/?p=9873"},"modified":"2018-03-08T15:03:46","modified_gmt":"2018-03-08T18:03:46","slug":"hoy-se-completo-la-segunda-jornada-de-acampe-en-el-inti","status":"publish","type":"post","link":"https:\/\/atecordoba.org\/?p=9873","title":{"rendered":"Hoy se complet\u00f3 la segunda jornada de acampe en el INTI"},"content":{"rendered":"<p><em>En continuidad por el reclamo de la reincorporaci\u00f3n de los 258 despedidos, los trabajadores realizaron actividades abiertas a la comunidad para la difusi\u00f3n del conflicto.<\/em><\/p>\n<p><img loading=\"lazy\" decoding=\"async\" class=\"aligncenter size-full wp-image-9874\" src=\"http:\/\/www.atecordoba.org\/wp-content\/uploads\/2018\/03\/WhatsApp-Image-2018-03-08-at-14.19.39-e1520532155181.jpeg\" alt=\"\" width=\"550\" height=\"309\"><\/p>\n<p>En la carpa instalada frente a la delegaci\u00f3n del INTI, con un fondo verde de banderas de nuestro gremio, trabajadores del organismo, junto a su cuerpo de delegados y activistas, participaron de las diversas actividades programadas, con proyecci\u00f3n de videos y audios, alusivas al conflicto y a la actividad que realizan diariamente los compa\u00f1eros durante sus jornadas ordinarias de trabajo.<\/p>\n<p>Ayer, por la ma\u00f1ana, se desarrollaron disertaciones sobre &#8220;Reconocimiento digital de im\u00e1genes&#8221;, &nbsp;&#8220;Reconocimiento digital de patentes automotor&#8221; y &#8220;Pautas de Metrolog\u00eda en el INTI&#8221;. Por la tarde, la actividades de difusi\u00f3n estuvieron estuvieron referidas a &#8220;Seguridad inform\u00e1tica&#8221;, &#8220;\u00bfQu\u00e9 es el software libre?&#8221; y &#8220;Tecnalia y el MasterPlan&#8221;, a lo que se sum\u00f3 la &#8220;Mesa de Ecosaneamiento. El desaf\u00edo para la Provincia de C\u00f3rdoba&#8221; y &#8220;Gesti\u00f3n integral de residuos s\u00f3lidos urbanos para Municipios&#8221;, apuntando al reciclaje de residuos; luego se sucedieron una charla sobre &#8220;Caracterizaci\u00f3n de mieles del Noroeste Cordob\u00e9s&#8221;, m\u00fasica en vivo, cine para Ni\u00f1as y Ni\u00f1os, una Muestra de fotos de INTI-Comunicaciones y, para cerrar la jornada, cine-debate bajo las estrellas, a las 22 horas.<\/p>\n<p>Por su parte, hoy jueves se realiz\u00f3 charlas sobre &#8220;El recorrido de la Extensi\u00f3n el INTI&#8221;, &#8220;Experiencias del INTI en asistencia a la Industria Metal\u00fargica&#8221;, &#8220;Compostaje domiciliario&#8221;, &#8220;Asistencia t\u00e9cnica a la maquinaria agr\u00edcola en el este cordob\u00e9s&#8221;, &#8220;Rotulado de productos alimenticios bajo normas nacionales&#8221;, &#8220;Emprendedores de Energ\u00edas Renovables asistidos por el INTI&#8221;, &#8220;La problem\u00e1tica de las Mujeres Trabajadoras&#8221;, &nbsp;&#8220;Exportando tecnolog\u00eda para emprendedoras\/es: el caso de las Ruecas el\u00e9ctricas en Bolivia&#8221; y &#8220;Agregado de valor de cueros caprinos en el Noroeste Cordob\u00e9s&#8221;.<\/p>\n<p><img loading=\"lazy\" decoding=\"async\" class=\"aligncenter size-full wp-image-9875\" src=\"http:\/\/www.atecordoba.org\/wp-content\/uploads\/2018\/03\/WhatsApp-Image-2018-03-08-at-14.19.40-1-e1520532179475.jpeg\" alt=\"\" width=\"550\" height=\"309\"><\/p>\n<p>Todas las actividades dejaron pie al debate sobre el rol del INTI y de sus trabajadores en el desarrollo tecnol\u00f3gico e industrial nacional, en el pasado y el presente, as\u00ed como la brutal agresi\u00f3n que esta perspectiva de desarrollo est\u00e1 sufriendo de parte del gobierno encabezado por Mauricio Macri.<\/p>\n<p>Finalizada la actividad, los trabajadores partir\u00e1n en columna a sumar a la marcha por el d\u00eda Internacional de la Mujer Trabajadora.<\/p>\n<p>En la jornada de hoy estuvieron presentes compa\u00f1eros de comisi\u00f3n directiva del Consejo Directivo Provincial de ATE, como Diego Guerra y Hugo Duran.<\/p>\n","protected":false},"excerpt":{"rendered":"<p>En continuidad por el reclamo de la reincorporaci\u00f3n de los 258 despedidos, los trabajadores realizaron actividades abiertas a la comunidad para la difusi\u00f3n del conflicto. En la carpa instalada frente a la delegaci\u00f3n del INTI, con un fondo verde de banderas de nuestro gremio, trabajadores del organismo, junto a su cuerpo de delegados y activistas, [&hellip;]<\/p>\n","protected":false},"author":1,"featured_media":19220,"comment_status":"open","ping_status":"open","sticky":false,"template":"","format":"standard","meta":{"_exactmetrics_skip_tracking":false,"_exactmetrics_sitenote_active":false,"_exactmetrics_sitenote_note":"","_exactmetrics_sitenote_category":0,"jnews-multi-image_gallery":[],"jnews_single_post":[],"jnews_primary_category":[],"jnews_social_meta":[],"jnews_review":[],"enable_review":"","type":"","name":"","summary":"","brand":"","sku":"","good":[],"bad":[],"score_override":"","override_value":"","rating":[],"price":[],"jnews_override_counter":[],"jnews_post_split":[],"footnotes":""},"categories":[100],"tags":[],"class_list":["post-9873","post","type-post","status-publish","format-standard","has-post-thumbnail","hentry","category-inti"],"jetpack_featured_media_url":"https:\/\/atecordoba.org\/wp-content\/uploads\/2020\/05\/logo-nuevochico-e1561581322808.png","_links":{"self":[{"href":"https:\/\/atecordoba.org\/index.php?rest_route=\/wp\/v2\/posts\/9873","targetHints":{"allow":["GET"]}}],"collection":[{"href":"https:\/\/atecordoba.org\/index.php?rest_route=\/wp\/v2\/posts"}],"about":[{"href":"https:\/\/atecordoba.org\/index.php?rest_route=\/wp\/v2\/types\/post"}],"author":[{"embeddable":true,"href":"https:\/\/atecordoba.org\/index.php?rest_route=\/wp\/v2\/users\/1"}],"replies":[{"embeddable":true,"href":"https:\/\/atecordoba.org\/index.php?rest_route=%2Fwp%2Fv2%2Fcomments&post=9873"}],"version-history":[{"count":0,"href":"https:\/\/atecordoba.org\/index.php?rest_route=\/wp\/v2\/posts\/9873\/revisions"}],"wp:featuredmedia":[{"embeddable":true,"href":"https:\/\/atecordoba.org\/index.php?rest_route=\/wp\/v2\/media\/19220"}],"wp:attachment":[{"href":"https:\/\/atecordoba.org\/index.php?rest_route=%2Fwp%2Fv2%2Fmedia&parent=9873"}],"wp:term":[{"taxonomy":"category","embeddable":true,"href":"https:\/\/atecordoba.org\/index.php?rest_route=%2Fwp%2Fv2%2Fcategories&post=9873"},{"taxonomy":"post_tag","embeddable":true,"href":"https:\/\/atecordoba.org\/index.php?rest_route=%2Fwp%2Fv2%2Ftags&post=9873"}],"curies":[{"name":"wp","href":"https:\/\/api.w.org\/{rel}","templated":true}]}}