{"id":9866,"date":"2018-03-08T10:03:12","date_gmt":"2018-03-08T13:03:12","guid":{"rendered":"http:\/\/www.atecordoba.org\/?p=9866"},"modified":"2018-03-08T10:03:12","modified_gmt":"2018-03-08T13:03:12","slug":"solidaridad-con-los-companeros-del-inti-que-denunciaron-amedrentamientos-durante-el-plan-de-lucha","status":"publish","type":"post","link":"https:\/\/atecordoba.org\/?p=9866","title":{"rendered":"Solidaridad con los compa\u00f1eros del INTI que denunciaron amedrentamientos durante el plan de lucha"},"content":{"rendered":"<p><em>El Consejo Directivo Provincial se solidariza con los compa\u00f1eros Santana y Dolmann, que sufrieron llamativos robos en sus viviendas mientras conducen el conflicto del INTI. Ayer se realiz\u00f3 una conferencia de prensa en ATE nacional.&nbsp;<\/em><\/p>\n<p><img loading=\"lazy\" decoding=\"async\" class=\"aligncenter size-full wp-image-9867\" src=\"http:\/\/www.atecordoba.org\/wp-content\/uploads\/2018\/03\/conferencia-de-prensa-inti_amedrentamientos-e1520514126418.jpg\" alt=\"\" width=\"550\" height=\"365\"><\/p>\n<p style=\"font-weight: 400;\"><span style=\"font-style: inherit; font-weight: inherit;\">Dos delegados de la Junta Interna de ATE INTI, Francisco \u2018Pancho\u2019 Dolmann y Giselle Santana, que encabezan la lucha de los trabajadores y trabajadoras del organismo por la reincorporaci\u00f3n de los 258 despedidos, sufrieron robos y destrozos en sus casas con d\u00edas de diferencia. En conferencia de prensa, ATE denunci\u00f3 hoy a los hechos como amenazas e intentos de amedrentamiento por parte del Gobierno e hizo responsable a la Ministra de Seguridad Patricia Bullrich por lo que pueda sucederle a los delegados tanto de INTI, como de otros organismos.<\/span><\/p>\n<p style=\"font-weight: 400;\"><span style=\"font-style: inherit; font-weight: inherit;\">Durante la conferencia, el Secretario General de ATE Nacional, Hugo \u2018Cachorro\u2019 Godoy, dijo: \u201cHemos convocado a esta conferencia de prensa desde el Consejo Directivo Nacional del sindicato para denunciar la situaci\u00f3n de amenazas e intimidaci\u00f3n que delegados de ATE est\u00e1n sufriendo como represalia por su accionar en defensa de los trabajadores y en contra de los despidos que est\u00e1 llevando adelante el Presidente Macri en diversos organismos del Estado Nacional\u201d.<\/span><\/p>\n<p style=\"font-weight: 400;\"><span style=\"font-style: inherit; font-weight: inherit;\">\u201cLos compa\u00f1eros Francisco \u2018Pancho\u2019 Dolmann, Secretario General de la Junta Interna de ATE INTI, y Giselle Santana, Secretaria Gremial de la misma Junta Interna, vienen sosteniendo la dif\u00edcil tarea de mantener la permanencia en el organismo ante un permanente hostigamiento de las fuerzas de seguridad que se han instalado all\u00ed. Ahora han enviado a bandas a saquear sus casas: El pasado 17 de febrero por la noche ingresaron por la fuerza a la casa de la compa\u00f1era Giselle Santana y le robaron diversos elementos del hogar. En el caso de Francisco Dolmann, el pasado s\u00e1bado 3 de marzo tambi\u00e9n ingresaron en su casa, desvalijaron y destruyeron todo. En ninguno de los dos casos se llevaron elementos de gran valor, sino que fundamentalmente generaron destrozos en una clara actitud intimidatoria\u201d, agreg\u00f3 Godoy.<\/span><\/p>\n<p style=\"font-weight: 400;\"><span style=\"font-style: inherit; font-weight: inherit;\">El dirigente de ATE Nacional adem\u00e1s cont\u00f3: \u201cHemos enviado a la Ministra de Seguridad Patricia Bullrich una carta documento denunciando esta situaci\u00f3n, solicitando una urgente audiencia y haciendo responsables a ella y al Gobierno del Presidente Macri por la seguridad de los dirigentes de ATE tanto del INTI, como de todo el pa\u00eds. Entendemos que estas dos situaciones no son aisladas, ya en otras organizaciones hermanas han habido amenazas, como es el caso de Baradel, de los docentes de la provincia de Buenos Aires, cuya familia fue amenazada. Todo parece indicar que adem\u00e1s de la represi\u00f3n institucionalizada, ahora tambi\u00e9n est\u00e1n mandando delincuentes a saquear las casas de los delegados con la excusa de un accionar delictivo\u201d.<\/span><\/p>\n<p style=\"font-weight: 400;\"><span style=\"font-style: inherit; font-weight: inherit;\">\u201cExigimos la inmediata investigaci\u00f3n de estos hechos, el esclarecimiento y la condena a sus responsables, as\u00ed como el cese de la impunidad con la que suceden estas situaciones de violencia solapada que buscan poner l\u00edmites a la capacidad de resistencia de nuestro pueblo frente a los despidos, a las quitas salariales y a otros tipos de pol\u00edticas de ajuste\u201d, clam\u00f3 Godoy.<\/span><\/p>\n<p style=\"font-weight: 400;\"><span style=\"font-style: inherit; font-weight: inherit;\">Por su parte, la compa\u00f1era Giselle Santana se\u00f1al\u00f3: \u201cLlevamos ya 41 d\u00edas de lucha en INTI y, sin la enorme solidaridad de los compa\u00f1eros y compa\u00f1eras, no habr\u00eda manera de sostener este conflicto con la fuerza con la que se viene llevando adelante y aun tenemos. Es la misma solidaridad que recibimos tanto \u2018Pancho\u2019 como yo tras los actos de violencia, que no fueron hacia nosotros en particular, sino hacia la lucha que estamos llevando adelante y que tiene que ver con pegarle al Gobierno al demostrar cu\u00e1les son sus pol\u00edticas de vaciamiento y persecuci\u00f3n pol\u00edtica y sindical. Es eso lo que quieren acallar. Nos pegaron a nosotros porque somos las caras m\u00e1s visibles, pero el ataque fue a los trabajadores y trabajadoras del INTI. La mejor respuesta que les podemos dar en ese sentido es, como hasta ahora, seguir y extender el acampe a todo el pa\u00eds. Hoy comenzamos con un acampe de 48 horas en todos los centros INTI del pa\u00eds. No nos van a asustar, no nos van a quebrar, y van a tener que reincorporar a nuestros 258 compa\u00f1eros y compa\u00f1eras despedidos. No van a poder vaciar al Instituto si estamos peleando desde abajo todos juntos como lo venimos haciendo hasta ac\u00e1. Seguimos firmes\u201d.<\/span><\/p>\n<p style=\"font-weight: 400;\"><span style=\"font-style: inherit; font-weight: inherit;\">Adem\u00e1s, Francisco \u2018Pancho\u2019 Dolmann, reflexion\u00f3: \u201cEstos m\u00e9todos nos llevan a una Argentina del pasado, a una Argentina oscura a la que nadie quiere volver. La lucha del INTI ya lleva 41 d\u00edas y se ve que el Gobierno no puede frenarla, por lo que recurre a estos viejos m\u00e9todos. La pelea contin\u00faa: Estamos seguros de que la asamblea y los trabajadores nos apoyan. Ayer, a pesar del nuevo ataque del Gobierno que significan los descuentos, los compa\u00f1eros reafirmaron un nuevo Paro de 72 horas. Vamos a seguir luchando junto a los compa\u00f1eros, que no se asustan. Como siempre decimos: En INTI no sobra nadie\u201d.<\/span><\/p>\n","protected":false},"excerpt":{"rendered":"<p>El Consejo Directivo Provincial se solidariza con los compa\u00f1eros Santana y Dolmann, que sufrieron llamativos robos en sus viviendas mientras conducen el conflicto del INTI. Ayer se realiz\u00f3 una conferencia de prensa en ATE nacional.&nbsp; Dos delegados de la Junta Interna de ATE INTI, Francisco \u2018Pancho\u2019 Dolmann y Giselle Santana, que encabezan la lucha de [&hellip;]<\/p>\n","protected":false},"author":1,"featured_media":19220,"comment_status":"open","ping_status":"open","sticky":false,"template":"","format":"standard","meta":{"_exactmetrics_skip_tracking":false,"_exactmetrics_sitenote_active":false,"_exactmetrics_sitenote_note":"","_exactmetrics_sitenote_category":0,"jnews-multi-image_gallery":[],"jnews_single_post":[],"jnews_primary_category":[],"jnews_social_meta":[],"jnews_review":[],"enable_review":"","type":"","name":"","summary":"","brand":"","sku":"","good":[],"bad":[],"score_override":"","override_value":"","rating":[],"price":[],"jnews_override_counter":[],"jnews_post_split":[],"footnotes":""},"categories":[100],"tags":[],"class_list":["post-9866","post","type-post","status-publish","format-standard","has-post-thumbnail","hentry","category-inti"],"jetpack_featured_media_url":"https:\/\/atecordoba.org\/wp-content\/uploads\/2020\/05\/logo-nuevochico-e1561581322808.png","_links":{"self":[{"href":"https:\/\/atecordoba.org\/index.php?rest_route=\/wp\/v2\/posts\/9866","targetHints":{"allow":["GET"]}}],"collection":[{"href":"https:\/\/atecordoba.org\/index.php?rest_route=\/wp\/v2\/posts"}],"about":[{"href":"https:\/\/atecordoba.org\/index.php?rest_route=\/wp\/v2\/types\/post"}],"author":[{"embeddable":true,"href":"https:\/\/atecordoba.org\/index.php?rest_route=\/wp\/v2\/users\/1"}],"replies":[{"embeddable":true,"href":"https:\/\/atecordoba.org\/index.php?rest_route=%2Fwp%2Fv2%2Fcomments&post=9866"}],"version-history":[{"count":0,"href":"https:\/\/atecordoba.org\/index.php?rest_route=\/wp\/v2\/posts\/9866\/revisions"}],"wp:featuredmedia":[{"embeddable":true,"href":"https:\/\/atecordoba.org\/index.php?rest_route=\/wp\/v2\/media\/19220"}],"wp:attachment":[{"href":"https:\/\/atecordoba.org\/index.php?rest_route=%2Fwp%2Fv2%2Fmedia&parent=9866"}],"wp:term":[{"taxonomy":"category","embeddable":true,"href":"https:\/\/atecordoba.org\/index.php?rest_route=%2Fwp%2Fv2%2Fcategories&post=9866"},{"taxonomy":"post_tag","embeddable":true,"href":"https:\/\/atecordoba.org\/index.php?rest_route=%2Fwp%2Fv2%2Ftags&post=9866"}],"curies":[{"name":"wp","href":"https:\/\/api.w.org\/{rel}","templated":true}]}}