{"id":9863,"date":"2018-03-07T11:53:39","date_gmt":"2018-03-07T14:53:39","guid":{"rendered":"http:\/\/www.atecordoba.org\/?p=9863"},"modified":"2020-06-09T15:38:48","modified_gmt":"2020-06-09T18:38:48","slug":"manana-ate-cordoba-para-y-se-moviliza-por-la-igualdad-de-genero","status":"publish","type":"post","link":"https:\/\/atecordoba.org\/?p=9863","title":{"rendered":"Ma\u00f1ana ATE C\u00f3rdoba para y se moviliza por la igualdad de g\u00e9nero"},"content":{"rendered":"<p><em>La medida de fuerza se realiza en el marco del D\u00eda Internacional de la Mujer Trabajadora y de las movilizaciones del #8M.<\/em><\/p>\n<p><img loading=\"lazy\" decoding=\"async\" class=\"aligncenter size-full wp-image-9864\" src=\"http:\/\/atecordoba.org\/wp-content\/uploads\/2020\/06\/8M-2018-e1520432369837.png\" alt=\"\" width=\"550\" height=\"425\"><\/p>\n<p>El Consejo Directivo Provincial convoca al paro y movilizaci\u00f3n para ma\u00f1ana 8 de marzo, en el marco del D\u00eda Internacional de la Mujer Trabajadora. Conforme lo resuelto en plenario realizado la semana pasada en ATE, la medida de fuerza se llevar\u00e1 a cabo para terminar con el ajuste, los despidos y la precarizaci\u00f3n laboral, as\u00ed como la reincorporaci\u00f3n inmediata de los despedidos.<\/p>\n<p>El cronograma de actividades previsto comienza a partir de las 12 horas con una protesta en los lugares de trabajo, denominada ruidazo, a las 17 horas abandono de tareas para concentrarnos en Col\u00f3n y Ca\u00f1ada y movilizaci\u00f3n a las 18 horas.<\/p>\n<p>A su vez, el paro se fundamenta en la necesidad de poner en pr\u00e1ctica el principio de igualdad entre mujeres y hombres en todos los \u00e1mbitos de la vida laboral, econ\u00f3mica, social, pol\u00edtica y cultural de nuestro pa\u00eds. Desde ATE participamos activamente cada a\u00f1o en las movilizaciones bajo la consigna #niunamenos en la lucha contra los feminicidios e impulsamos el progresivo empoderamiento de la mujer para hacer frente a los desaf\u00edos de la actualidad.<\/p>\n<p>En ese contexto se explica que las mujeres hayan podido asumir la responsabilidad y tomar el valor para denunciar las situaciones de acoso que sufrieron hist\u00f3ricamente, conocido a nivel internacional como \u2018me too\u2019. &nbsp;<\/p>\n<p>Esto pone bajo la lupa lo que muchas mujeres sufrieron y sufren en el \u00e1mbito laboral, de especial preocupaci\u00f3n para nuestro gremio y de mucha gravedad sobre todo si se trata en el Estado. Por eso sostenemos el principio de poner fin a la cultura del maltrato y explotaci\u00f3n por motivos de g\u00e9nero.<\/p>\n<p>Al mismo tiempo, apoyamos la necesidad de la despenalizaci\u00f3n del aborto, porque m\u00e1s all\u00e1 de las convicciones religiosas y de conciencia, se trata de una problem\u00e1tica de salud p\u00fablica que exige una soluci\u00f3n de parte del Estado. Quitar a las mujeres que abortan, y a los m\u00e9dicos que realizan los tratamientos, del lugar de victimarios en el plano penal es un primer paso fundamental para realizar un avance social, que nos ubicar\u00e1 entre las sociedades que protegen los derechos de las mujeres.<\/p>\n<p>Este abordaje exige a su vez la garant\u00eda necesaria de parte del Estado para que verdaderamente se brinde educaci\u00f3n sexual en el sistema educativo, campa\u00f1as p\u00fablicas y provisi\u00f3n gratuita de m\u00e9todos anticonceptivos para evitar los embarazos no deseados.<\/p>\n<p>Liliana Salerno<\/p>\n<p>Secretaria General<\/p>\n<p>&nbsp;<\/p>\n","protected":false},"excerpt":{"rendered":"<p>La medida de fuerza se realiza en el marco del D\u00eda Internacional de la Mujer Trabajadora y de las movilizaciones del #8M. El Consejo Directivo Provincial convoca al paro y movilizaci\u00f3n para ma\u00f1ana 8 de marzo, en el marco del D\u00eda Internacional de la Mujer Trabajadora. Conforme lo resuelto en plenario realizado la semana pasada [&hellip;]<\/p>\n","protected":false},"author":1,"featured_media":19220,"comment_status":"open","ping_status":"open","sticky":false,"template":"","format":"standard","meta":{"_exactmetrics_skip_tracking":false,"_exactmetrics_sitenote_active":false,"_exactmetrics_sitenote_note":"","_exactmetrics_sitenote_category":0,"jnews-multi-image_gallery":[],"jnews_single_post":[],"jnews_primary_category":[],"jnews_social_meta":[],"jnews_review":[],"enable_review":"","type":"","name":"","summary":"","brand":"","sku":"","good":[],"bad":[],"score_override":"","override_value":"","rating":[],"price":[],"jnews_override_counter":[],"jnews_post_split":[],"footnotes":""},"categories":[325],"tags":[],"class_list":["post-9863","post","type-post","status-publish","format-standard","has-post-thumbnail","hentry","category-generos-y-diversidades"],"jetpack_featured_media_url":"https:\/\/atecordoba.org\/wp-content\/uploads\/2020\/05\/logo-nuevochico-e1561581322808.png","_links":{"self":[{"href":"https:\/\/atecordoba.org\/index.php?rest_route=\/wp\/v2\/posts\/9863","targetHints":{"allow":["GET"]}}],"collection":[{"href":"https:\/\/atecordoba.org\/index.php?rest_route=\/wp\/v2\/posts"}],"about":[{"href":"https:\/\/atecordoba.org\/index.php?rest_route=\/wp\/v2\/types\/post"}],"author":[{"embeddable":true,"href":"https:\/\/atecordoba.org\/index.php?rest_route=\/wp\/v2\/users\/1"}],"replies":[{"embeddable":true,"href":"https:\/\/atecordoba.org\/index.php?rest_route=%2Fwp%2Fv2%2Fcomments&post=9863"}],"version-history":[{"count":1,"href":"https:\/\/atecordoba.org\/index.php?rest_route=\/wp\/v2\/posts\/9863\/revisions"}],"predecessor-version":[{"id":19964,"href":"https:\/\/atecordoba.org\/index.php?rest_route=\/wp\/v2\/posts\/9863\/revisions\/19964"}],"wp:featuredmedia":[{"embeddable":true,"href":"https:\/\/atecordoba.org\/index.php?rest_route=\/wp\/v2\/media\/19220"}],"wp:attachment":[{"href":"https:\/\/atecordoba.org\/index.php?rest_route=%2Fwp%2Fv2%2Fmedia&parent=9863"}],"wp:term":[{"taxonomy":"category","embeddable":true,"href":"https:\/\/atecordoba.org\/index.php?rest_route=%2Fwp%2Fv2%2Fcategories&post=9863"},{"taxonomy":"post_tag","embeddable":true,"href":"https:\/\/atecordoba.org\/index.php?rest_route=%2Fwp%2Fv2%2Ftags&post=9863"}],"curies":[{"name":"wp","href":"https:\/\/api.w.org\/{rel}","templated":true}]}}