{"id":9857,"date":"2018-03-06T09:46:23","date_gmt":"2018-03-06T12:46:23","guid":{"rendered":"http:\/\/www.atecordoba.org\/?p=9857"},"modified":"2018-03-06T09:46:23","modified_gmt":"2018-03-06T12:46:23","slug":"paro-nacional-ate-participo-de-la-gran-movilizacion-docente","status":"publish","type":"post","link":"https:\/\/atecordoba.org\/?p=9857","title":{"rendered":"Paro Nacional: ATE particip\u00f3 de la gran movilizaci\u00f3n docente"},"content":{"rendered":"<p><em>En&nbsp;el arranque de la medida de fuerza, el sindicato protest\u00f3 en Jefatura de Gabinete y luego se sum\u00f3 al reclamo por la educaci\u00f3n p\u00fablica.<\/em><\/p>\n<p><img loading=\"lazy\" decoding=\"async\" class=\"aligncenter size-full wp-image-9858\" src=\"http:\/\/www.atecordoba.org\/wp-content\/uploads\/2018\/03\/godoy-y-baradel-e1520340066280.jpg\" alt=\"\" width=\"550\" height=\"367\"><\/p>\n<p style=\"font-weight: 400;\">En la primera jornada del Paro de ATE de 48 horas, el Consejo Directivo Nacional del gremio encabez\u00f3 una actividad contra los despidos en el Ministerio de Marcos Pe\u00f1a, y luego particip\u00f3 de la masiva movilizaci\u00f3n a Educaci\u00f3n convocada por los sindicatos docentes, para reclamar la reapertura de la paritaria nacional, y una negociaci\u00f3n salarial sin topes. Durante el acto central,&nbsp;el Secretario General de la Asociaci\u00f3n Trabajadores del Estado, Hugo \u2018Cachorro\u2019 Godoy, estuvo presente en el escenario junto a representantes de la comunidad educativa de todo el pa\u00eds, apoyando la lucha contra el ajuste que impulsa el Gobierno Nacional&nbsp;y la administraci\u00f3n Cambiemos en todos los distritos.<\/p>\n<p><img loading=\"lazy\" decoding=\"async\" class=\"aligncenter size-full wp-image-9859\" src=\"http:\/\/www.atecordoba.org\/wp-content\/uploads\/2018\/03\/11891_7512-e1520340098648.jpg\" alt=\"\" width=\"550\" height=\"367\"><\/p>\n<p style=\"font-weight: 400;\">Tras el acto central, Godoy manifest\u00f3: \u201cRealizar este Paro de 48 horas en todo el pa\u00eds por parte de todos los trabajadores estatales en confluencia y unidad con los trabajadores docentes, tanto de la Federaci\u00f3n Nacional Docente que forma parte de nuestra CTA Aut\u00f3noma, como de otras centrales, es un hecho fundamental para obligar al Gobierno a cambiar de actitud. El Gobierno debe restablecer las paritarias docentes y tiene que dar una respuesta a nivel nacional respecto del reclamo que hacemos en relaci\u00f3n a la reincorporaci\u00f3n de los trabajadores despedidos. En las provincias, adem\u00e1s, hay que romper el techo del 15 por ciento de aumento que el Gobierno Nacional y los Gobiernos Provinciales quieren imponer a trav\u00e9s del Pacto Fiscal. En 15 provincias todav\u00eda no se ha abierto la discusi\u00f3n paritaria. Es imprescindible que los Gobiernos Provinciales presten atenci\u00f3n a estos justos reclamos que realizamos\u201d.<\/p>\n<p><img loading=\"lazy\" decoding=\"async\" class=\"aligncenter size-full wp-image-9860\" src=\"http:\/\/www.atecordoba.org\/wp-content\/uploads\/2018\/03\/11891_7513-e1520340121560.jpg\" alt=\"\" width=\"550\" height=\"367\"><\/p>\n<p style=\"font-weight: 400;\">\u201cLas movilizaciones comenzaron en el d\u00eda de hoy, aqu\u00ed en la Ciudad Aut\u00f3noma de Buenos Aires, acompa\u00f1ando desde ATE a los trabajadores docentes al Palacio Pizzurno, y entre hoy y ma\u00f1ana realizaremos movilizaciones en las distintas provincias. Este plan de lucha que venimos llevando adelante desde ATE, siendo este el tercer Paro del a\u00f1o, demuestra la voluntad de los trabajadores estatales de exigirle al Presidente Macri la inmediata convocatoria a una paritaria nacional libre y sin techo que permita a los trabajadores estatales recuperar lo perdido y no ser la variable de sus pol\u00edticas de ajuste que nos est\u00e1n llevando a una situaci\u00f3n de abismo social\u201d, agreg\u00f3 el Secretario General de ATE Nacional.<\/p>\n<p><img loading=\"lazy\" decoding=\"async\" class=\"aligncenter size-full wp-image-9861\" src=\"http:\/\/www.atecordoba.org\/wp-content\/uploads\/2018\/03\/11891_7516-e1520340153421.jpg\" alt=\"\" width=\"550\" height=\"413\"><\/p>\n<p style=\"font-weight: 400;\">Por la ma\u00f1ana, en la puerta del edificio en el que funcionan las oficinas de la Jefatura de Gabinete de Ministros, inaugur\u00f3 la asamblea abierta&nbsp;el Secretario Gremial de ATE Nacional, Mario Mu\u00f1oz, quien explic\u00f3 que el Paro de 48 horas se resolvi\u00f3 \u201cen repudio de la pol\u00edtica neoliberal del Gobierno, que lo \u00fanico que quiere es que el ajuste pase por el bolsillo de los trabajadores\u201d, y alent\u00f3 a continuar en la lucha contra los recortes en el Estado.<\/p>\n<p style=\"font-weight: 400;\">Por su parte, el delegado de la Junta Interna, Demi\u00e1n Rigamonti, inform\u00f3 sobre los avances en el plano judicial del reclamo contra los 27 despidos.<\/p>\n<p style=\"font-weight: 400;\">Luego,&nbsp;Silvia Le\u00f3n, Secretaria de Organizaci\u00f3n de ATE, llam\u00f3 a participar de la actividad central del Paro estatal que se realizar\u00e1 ma\u00f1ana por la ma\u00f1ana en la ciudad de La Plata.<\/p>\n<p style=\"font-weight: 400;\">Adem\u00e1s, Le\u00f3n convoc\u00f3 a la concentraci\u00f3n que se desarrollar\u00e1 hoy por la tarde el Congreso Nacional, en apoyo a la presentaci\u00f3n de la Ley por el Aborto Legal, Seguro y Gratuito, y a la marcha multisectorial de la que participar\u00e1 ATE, en el marco del Paro de Mujeres que se realizar\u00e1 el pr\u00f3ximo jueves 8.<\/p>\n<p style=\"font-weight: 400;\">Una vez finalizada la actividad en JGM, los dirigentes gremiales, junto a representantes de distintas juntas internas y trabajadores y trabajadoras estatales, se movilizaron hacia el Palacio Pizzurno, sede del Ministerio de Educaci\u00f3n de la Naci\u00f3n, para participar del reclamo contra el techo salarial que pretende imponer el Gobierno Nacional y la administraci\u00f3n bonaerense, contra el cierre de escuelas, y por el restablecimiento de la Paritaria Nacional.<\/p>\n<p style=\"font-weight: 400;\">La masiva movilizaci\u00f3n, que reuni\u00f3 sindicatos de la educaci\u00f3n y dirigentes gremiales y sociales de todo el pa\u00eds, ocup\u00f3 8 cuadras de la Av. Callao, desde Marcelo T. de Alvear, donde se ubic\u00f3 el escenario.<\/p>\n<p style=\"font-weight: 400;\">Al momento del ingreso de la columna principal, los dirigentes de los sindicatos docentes mayoritarios, referentes del reclamo, confluyeron con la columna de ATE (foto).<\/p>\n<p style=\"font-weight: 400;\">Participaron de toda la jornada los integrantes del CDN de ATE Pablo Spataro, Dar\u00edo Orellano, Leonardo V\u00e1squez, Natalia Castesana; y Vanina Rodr\u00edguez en representaci\u00f3n de ATE Provincia de Buenos Aires.<\/p>\n","protected":false},"excerpt":{"rendered":"<p>En&nbsp;el arranque de la medida de fuerza, el sindicato protest\u00f3 en Jefatura de Gabinete y luego se sum\u00f3 al reclamo por la educaci\u00f3n p\u00fablica. En la primera jornada del Paro de ATE de 48 horas, el Consejo Directivo Nacional del gremio encabez\u00f3 una actividad contra los despidos en el Ministerio de Marcos Pe\u00f1a, y luego [&hellip;]<\/p>\n","protected":false},"author":1,"featured_media":19220,"comment_status":"open","ping_status":"open","sticky":false,"template":"","format":"standard","meta":{"_exactmetrics_skip_tracking":false,"_exactmetrics_sitenote_active":false,"_exactmetrics_sitenote_note":"","_exactmetrics_sitenote_category":0,"jnews-multi-image_gallery":[],"jnews_single_post":[],"jnews_primary_category":[],"jnews_social_meta":[],"jnews_review":[],"enable_review":"","type":"","name":"","summary":"","brand":"","sku":"","good":[],"bad":[],"score_override":"","override_value":"","rating":[],"price":[],"jnews_override_counter":[],"jnews_post_split":[],"footnotes":""},"categories":[10,21],"tags":[],"class_list":["post-9857","post","type-post","status-publish","format-standard","has-post-thumbnail","hentry","category-accion-politica","category-paro-nacional"],"jetpack_featured_media_url":"https:\/\/atecordoba.org\/wp-content\/uploads\/2020\/05\/logo-nuevochico-e1561581322808.png","_links":{"self":[{"href":"https:\/\/atecordoba.org\/index.php?rest_route=\/wp\/v2\/posts\/9857","targetHints":{"allow":["GET"]}}],"collection":[{"href":"https:\/\/atecordoba.org\/index.php?rest_route=\/wp\/v2\/posts"}],"about":[{"href":"https:\/\/atecordoba.org\/index.php?rest_route=\/wp\/v2\/types\/post"}],"author":[{"embeddable":true,"href":"https:\/\/atecordoba.org\/index.php?rest_route=\/wp\/v2\/users\/1"}],"replies":[{"embeddable":true,"href":"https:\/\/atecordoba.org\/index.php?rest_route=%2Fwp%2Fv2%2Fcomments&post=9857"}],"version-history":[{"count":0,"href":"https:\/\/atecordoba.org\/index.php?rest_route=\/wp\/v2\/posts\/9857\/revisions"}],"wp:featuredmedia":[{"embeddable":true,"href":"https:\/\/atecordoba.org\/index.php?rest_route=\/wp\/v2\/media\/19220"}],"wp:attachment":[{"href":"https:\/\/atecordoba.org\/index.php?rest_route=%2Fwp%2Fv2%2Fmedia&parent=9857"}],"wp:term":[{"taxonomy":"category","embeddable":true,"href":"https:\/\/atecordoba.org\/index.php?rest_route=%2Fwp%2Fv2%2Fcategories&post=9857"},{"taxonomy":"post_tag","embeddable":true,"href":"https:\/\/atecordoba.org\/index.php?rest_route=%2Fwp%2Fv2%2Ftags&post=9857"}],"curies":[{"name":"wp","href":"https:\/\/api.w.org\/{rel}","templated":true}]}}