{"id":9845,"date":"2018-03-05T10:59:57","date_gmt":"2018-03-05T13:59:57","guid":{"rendered":"http:\/\/www.atecordoba.org\/?p=9845"},"modified":"2018-03-05T10:59:57","modified_gmt":"2018-03-05T13:59:57","slug":"el-inti-mantiene-el-plan-de-lucha-despues-de-un-fin-de-semana-de-intensas-acciones-de-protesta","status":"publish","type":"post","link":"https:\/\/atecordoba.org\/?p=9845","title":{"rendered":"El INTI mantiene el plan de lucha despu\u00e9s de un fin de semana de intensas acciones de protesta"},"content":{"rendered":"<p><em>La junta Interna ATE-INTI resolvi\u00f3 llevar a cabo un acampe en cada delegaci\u00f3n del pa\u00eds los pr\u00f3ximos 7 y 8 de marzo en reclamo de la reincorporaci\u00f3n de los 258 despedidos. El viernes se realiz\u00f3 un festival solidario en C\u00f3rdoba y el fin de semana una muestra tecnol\u00f3gica &#8216;INTI en lucha&#8217; en la sede central de Miguelete, provincia de Buenos Aires.<\/em><\/p>\n<p><img loading=\"lazy\" decoding=\"async\" class=\"aligncenter size-full wp-image-9851\" src=\"http:\/\/www.atecordoba.org\/wp-content\/uploads\/2018\/03\/28424854_277443419456755_6569773274547134610_o-e1520257853202.jpg\" alt=\"\" width=\"550\" height=\"367\"><\/p>\n<p>Los trabajadores de INTI prosiguen el plan de lucha en todo el pa\u00eds, en rechazo al ajuste que el gobierno nacional viene aplicando al organismo, reclamando la reincorporaci\u00f3n los 258 despedidos sin causa.<\/p>\n<p>En un plenario de delegados y trabajadores con representaci\u00f3n de Trelew, Neuqu\u00e9n, Mendoza, San Luis, Entre R\u00edos, Tucum\u00e1n, Chaco y C\u00f3rdoba, junto a los numerosos Delegados del Parque Tecnol\u00f3gico Miguelete, realizado este fin de semana en la sede central de Miguelete, se ratific\u00f3 la continuidad de las medidas de fuerza en las sede de INTI de cada provincia, a trav\u00e9s de la realizaci\u00f3n de un acampe los d\u00edas mi\u00e9rcoles 7 y jueves 8 de marzo.&nbsp;<\/p>\n<p><img loading=\"lazy\" decoding=\"async\" class=\"aligncenter size-full wp-image-9852\" src=\"http:\/\/www.atecordoba.org\/wp-content\/uploads\/2018\/03\/28424509_277446766123087_6082682431601138959_o-e1520257906250.jpg\" alt=\"\" width=\"550\" height=\"367\"><\/p>\n<p>En ese marco, el pasado fin de semana se realiz\u00f3 la muestra abierta a la comunidad &#8220;TecnoINTI en lucha&#8221;, para mantener abiertos los canales de comunicaci\u00f3n hac\u00eda afuera del conflicto y dar a conocer las actividades que realizan los trabajadores durante su jornada laboral ordinaria.&nbsp;<\/p>\n<p>Desde C\u00f3rdoba viaj\u00f3 una delegaci\u00f3n de trabajadores despedidos y no-despedidos junto al secretario Gremial del Consejo Directivo Provincial, Diego Guerra. Luego del enorme impacto de la Caravana del INTI del viernes hacia el Ministerio de Trabajo de la Naci\u00f3n, el Gerente Zlatanoff decidi\u00f3&nbsp;cerrar el predio de la sede central a partir de las 23:49 de ese mismo d\u00eda, trayendo de nuevo a la Polic\u00eda para impedir el ingreso de las y los trabajadores.<\/p>\n<p><img loading=\"lazy\" decoding=\"async\" class=\"aligncenter size-full wp-image-9853\" src=\"http:\/\/www.atecordoba.org\/wp-content\/uploads\/2018\/03\/28515078_277444989456598_4120800823473244046_o-e1520257937617.jpg\" alt=\"\" width=\"550\" height=\"367\"><\/p>\n<p>Sin embargo, durante el s\u00e1bado la muestra se hizo igual, sobre la calle colectora y fue un \u00e9xito, destac\u00e1ndose las actividades l\u00fadicas para los ni\u00f1os. Una&nbsp;nueva demostraci\u00f3n de la impotencia de estas autoridades, aisladas y desprestigiadas por su pol\u00edtica de vaciamiento, pero tambi\u00e9n por los esc\u00e1ndalos de corrupci\u00f3n que las salpican un d\u00eda si y otro tambi\u00e9n. En este contexto es que durante el mismo fin de semana, rodeados por la Polic\u00eda y alambrado de por medio, se realiz\u00f3 el Plenario Nacional de Delegadas\/os de ATE con representantes de muchas provincias que -de Norte a Sur- se organizaron para viajar, traer propuestas, inquietudes.<\/p>\n<p>Ante la contundencia del plan de lucha, coordinado por la Junta Interna ATE-INTI, la autoridades intensificaron los aprietes en vez de dar respuesta a los justos reclamos para mantener las fuentes de trabajo y mantener las labores claves para el funcionamiento del ente.<\/p>\n<p><img loading=\"lazy\" decoding=\"async\" class=\"aligncenter size-full wp-image-9854\" src=\"http:\/\/www.atecordoba.org\/wp-content\/uploads\/2018\/03\/28516481_277447662789664_4878673651381233760_o-e1520257970160.jpg\" alt=\"\" width=\"550\" height=\"367\"><\/p>\n<p>Por caso, en estos d\u00edas se est\u00e1 extorsionando con el salario&nbsp; mintiendo sobre que el pago se retras\u00f3 por el paro que viene sosteniendo la Asamblea de Trabajadores, cuando en realidad todo estaba&nbsp;listo para su liquidaci\u00f3n bancaria y a \u00faltimo momento las Autoridades del INTI dieron la orden de retenerlo para presionar y, posiblemente, para descontar a m\u00e1s compa\u00f1eros los d\u00edas de paro.<\/p>\n<p><img loading=\"lazy\" decoding=\"async\" class=\"aligncenter size-full wp-image-9855\" src=\"http:\/\/www.atecordoba.org\/wp-content\/uploads\/2018\/03\/28516448_277446022789828_1429876412599722058_o-e1520258009866.jpg\" alt=\"\" width=\"550\" height=\"367\"><\/p>\n<p>Sin embargo, la lucha del INTI est\u00e1 fuerte a pesar de los aprietes y las amenazas (como el&nbsp;nuevo intento de amedrentarnos con el \u201crobo\u201d en la casa del Secretario General de ATE-INTI, Francisco Dolmann).<\/p>\n<p>Esa es la \u00fanica carta que las autoridades tienen para intentar doblegar a los trabajadores: la amenaza de listas negras, la persecuci\u00f3n que a los compa\u00f1eros&nbsp;que luchan, y los descuentos. Ante estas agresiones los trabajadores organizados del INTI han decidido responder con m\u00e1s unidad y m\u00e1s organizaci\u00f3n.<\/p>\n<p>Durante el plenario se resolvi\u00f3 tambi\u00e9n que el acampe se levante el d\u00eda 8 para participar en la movilizaci\u00f3n del paro por el D\u00eda Internacional de la Mujer Trabajadora<\/p>\n<p>&nbsp;<\/p>\n<p>https:\/\/www.facebook.com\/mesanacionalateinti\/videos\/1813491245612188\/<\/p>\n<p><strong>Festival solidario<\/strong><\/p>\n<p>Por otro lado, el viernes pasado se realiz\u00f3 un festival de m\u00fasica en solidaridad con el conflicto del INTI en C\u00f3rdoba Capital, en la Plaza V\u00e9lez S\u00e1rsfield. Con gran repercusi\u00f3n y concurrencia, la Mesa de Ciencia y T\u00e9cnica coordin\u00f3 la actividad donde participan compa\u00f1eros de INTI, INTA, SENASA, Subsecretaria de Agricultura Familiar, Conicet y la UNC.<\/p>\n<p><img loading=\"lazy\" decoding=\"async\" class=\"aligncenter size-full wp-image-9846\" src=\"http:\/\/www.atecordoba.org\/wp-content\/uploads\/2018\/03\/IMG-20180303-WA0053-e1520257360931.jpg\" alt=\"\" width=\"550\" height=\"413\"><\/p>\n<p>La actividad comenz\u00f3 a partir de las 17 horas y el punto de partida fue una feria de productores autogestionados de frutas y verduras denominado &#8216;Verdurazo&#8217;.<\/p>\n<p><img loading=\"lazy\" decoding=\"async\" class=\"aligncenter size-full wp-image-9847\" src=\"http:\/\/www.atecordoba.org\/wp-content\/uploads\/2018\/03\/IMG_20180302_202836862-e1520257387688.jpg\" alt=\"\" width=\"550\" height=\"309\"><\/p>\n<p>En la oportunidad, estuvo presente el presidente de la Junta Interna ATE-INTI, Francisco Dolmann. En C\u00f3rdoba, el INTI despidi\u00f3 a compa\u00f1eros de Cruz del Eje, C\u00f3rdoba capital y Bell Ville.<\/p>\n<p><img loading=\"lazy\" decoding=\"async\" class=\"aligncenter size-full wp-image-9848\" src=\"http:\/\/www.atecordoba.org\/wp-content\/uploads\/2018\/03\/IMG-20180302-WA0072-e1520257407384.jpg\" alt=\"\" width=\"550\" height=\"330\"><\/p>\n<p>La actividad se desarroll\u00f3 hasta las 24 horas y cont\u00f3 con el apoyo de ATE, Surrbac, Adiuc, Coopi, APINTA y la solidaridad de la Mesa Permanente de Derechos Humanos.<\/p>\n<p><img loading=\"lazy\" decoding=\"async\" class=\"aligncenter size-full wp-image-9849\" src=\"http:\/\/www.atecordoba.org\/wp-content\/uploads\/2018\/03\/IMG-20180302-WA0051-e1520257427503.jpg\" alt=\"\" width=\"550\" height=\"413\"><\/p>\n<p><strong>Documento conjunto<\/strong><\/p>\n<p style=\"text-align: left;\">Delegados de ATE y representantes de los trabajadores en lucha leyeron un documento conjunto, que facilitamos a continuaci\u00f3n:<\/p>\n<p style=\"text-align: center;\"><strong>\u00bfPor qu\u00e9 hoy decidimos convocar a un festival por la unidad de los pueblos en lucha?<\/strong><\/p>\n<p>Como trabajadores, como sociedad diversa en culturas, creencias y costumbres debemos esforzarnos, luchar por generar conciencia conjunta, colectiva. Para que esto pueda construirse, florecer, multiplicarse, necesitamos crear redes que contemplen nuestras diferencias y nos permitan encontrarnos desde diferentes lugares.<\/p>\n<p>Despu\u00e9s de disfrutar de la m\u00fasica que somos capaces de crear, queremos invitarlos, invitarnos, a reflexionar sobre las ideas y proyectos que compartimos, las opciones que tenemos para construir un pa\u00eds donde sea posible encontrarnos y diagramar caminos donde quepan muchos mundos.<\/p>\n<p>Queremos que sea una realidad la existencia de espacios de debate que nos permitan pensar un pa\u00eds m\u00e1s all\u00e1 del gobierno de turno, m\u00e1s all\u00e1 de las diferencias, m\u00e1s all\u00e1 de nuestro espacio personal.<\/p>\n<p>Construir con el otro significa mirar la multiplicidad de posibilidades que explotan cuando lo colectivo es el motor de las transformaciones. Nos mueve la potencia del trabajo por hacer, para que \u00e9l, vos, yo, nosotros, podamos acceder a un laburo socialmente \u00fatil, a una educaci\u00f3n p\u00fablica, laica y gratuita, al goce del tiempo libre, a un salario justo, a una jubilaci\u00f3n digna.<\/p>\n<p>Latinoam\u00e9rica atraviesa un momento muy dif\u00edcil, evidenciado en lo inmediato en el aumento del costo de vida y el achicamiento de nuestros salarios. Diariamente asistimos a una espiral de despidos que buscan generar miedo y disciplinarnos como sociedad. Lo que quieren estos grandes generadores de desesperanza es un pa\u00eds sin organizaci\u00f3n. Y sin organizaci\u00f3n es muy f\u00e1cil que nos pasen por encima.<\/p>\n<p>En los \u00faltimos dos a\u00f1os los sectores de ciencia, t\u00e9cnica y educaci\u00f3n venimos siendo golpeados a trav\u00e9s de una pol\u00edtica de ajuste con un claro perfil neoliberal. Se busca desmantelar a\u00f1os de investigaci\u00f3n, transferencia y vinculaci\u00f3n con la sociedad. Proyectos productivos, sociales y experimentos que contribuyen a la lucha contra el c\u00e1ncer, la desertificaci\u00f3n, el acceso al agua, la protecci\u00f3n del bosque nativo son desfinanciados. La investigaci\u00f3n b\u00e1sica y las investigaciones sociales y humanas sobre el trabajo, la salud, el racismo, la educaci\u00f3n, las mujeres quedan truncos porque t\u00e9cnicos, administrativos, cient\u00edficos y docentes son desvinculados de sus trabajos o desaparecen subsidios y fuentes de financiamiento.<\/p>\n<p>En la Subsecretaria de Agricultura Familiar los primeros 23 despidos en C\u00f3rdoba se produjeron en 2016, reduciendo en un 50% la planta provincial. Se logr\u00f3 que tres de esos compa\u00f1eros fueran reincorporados, pero lo hicieron bajo la modalidad de contratos precarios. Y en una segunda desvinculaci\u00f3n, finalmente, los despidieron. Presupuestariamente, se ha limitado el combustible para los trabajos de campo, no se arreglan veh\u00edculos y se han hecho caer monotributos sociales agropecuarios. La Subsecretar\u00eda de Agricultura Familiar no cuenta con l\u00edneas de financiamiento propias para el sector de Agricultura Familiar.<\/p>\n<p>Los productores familiares generan el 80% de los alimentos que los argentinos comemos. Estos productores necesitan un Estado presente, a trav\u00e9s de sus t\u00e9cnicos que acompa\u00f1an en espirales de construcci\u00f3n conjunta, asesoramiento y capacitaci\u00f3n para producir m\u00e1s y mejores alimentos.<\/p>\n<p>En CONICET, a fines de 2017, quedaron desvinculados 400 compa\u00f1eros que estuvieron form\u00e1ndose por siete a\u00f1os en calidad de becarios. Otros 411 m\u00e1s tienen pendiente su situaci\u00f3n porque el organismo a\u00fan no se ha pronunciado. Durante los a\u00f1os de formaci\u00f3n, a los becarios no se les reconoce antig\u00fcedad, no les hacen aportes jubilatorios, entre otros derechos laborales ignorados. A los trabajadores del organismo se les niega sistem\u00e1ticamente un Convenio Colectivo propio.<\/p>\n<p>En el caso de los compa\u00f1eros y compa\u00f1eras vinculados al CONICET bajo la modalidad de Art\u00edculo 9, se les extiende a\u00f1o tras a\u00f1o el contrato pese a los reclamos para que se conviertan en trabajadores permanentes. Sin ciencia de calidad, comprometida con una sociedad m\u00e1s justa, no hay posibilidad de desarrollo independiente.&nbsp;<\/p>\n<p>En INTA, el a\u00f1o pasado, un informe del Ministerio de Modernizaci\u00f3n, indicaba que sobraban 750 trabajadores. Este n\u00famero surgi\u00f3 de un an\u00e1lisis sesgado desconociendo la dimensi\u00f3n y diversidad de actividades que realiza una de las instituciones con mayor presencia territorial del pa\u00eds. Unidos, autoridades y trabajadores de INTA, sostuvieron que no ocurrieran despidos pero fundamentalmente que no se afectar\u00e1n los procesos de construcci\u00f3n y desarrollo. Sin embargo, actualmente se transita una fuerte reestructuraci\u00f3n del INTA para achicar gastos. La financiaci\u00f3n se reduce fuerte y constantemente. A esta situaci\u00f3n se suma la no renovaci\u00f3n de vacantes jubilables, que como la historia lo demuestra, afecta la continuidad de l\u00edneas de trabajo fundamentales y en las que se han invertido a\u00f1os de construcci\u00f3n, formaci\u00f3n y financiaci\u00f3n.&nbsp;&nbsp;&nbsp;&nbsp;&nbsp;<\/p>\n<p>En INTI, organismo encargado de las tareas de control y certificaci\u00f3n de productos, desarrollos tecnol\u00f3gicos y ensayos para todas las ramas industriales, se produjeron a comienzos de este a\u00f1o,&nbsp; 258&nbsp; despidos sin causa. El objetivo detr\u00e1s de ello es achicar el organismo y entregar las certificaciones a empresas privadas asociadas a algunos funcionarios del gobierno Nacional.<\/p>\n<p>Hace m\u00e1s de 25 d\u00edas que los compa\u00f1eros y las compa\u00f1eras vienen sosteniendo una lucha para que se les reconozcan sus derechos y reincorporen a los despedidos. Las autoridades amedrentan, difaman y no dan respuesta a los reclamos exigidos<\/p>\n<p>EL presupuesto del SENASA est\u00e1 siendo reducido en un 25% y 130 trabajadores fueron despedidos hasta diciembre del 2017. Con este desguace, con esta l\u00f3gica y con esta falta de compromiso del actual gobierno, el SENASA no puede cumplir su funci\u00f3n.<\/p>\n<p>El SENASA el \u00fanico organismo nacional con aval internacional que puede garantizar la calidad de los alimentos, resguardando la salud de la poblaci\u00f3n y la calidad de las exportaciones. Los controles y funciones que SENASA lleva adelante, pretenden ser transferidos a manos privadas. La inocuidad de los alimentos que producimos y que llega a cada familia Argentina y de otros pa\u00edses, es garantizada por este organismo. Lo que exportamos, hoy se encuentra en riesgo sanitario y zoofitosanitario&nbsp; por las actuales pol\u00edticas del gobierno nacional.&nbsp;&nbsp;&nbsp;&nbsp;<\/p>\n<p>La Universidad Nacional de C\u00f3rdoba representa el laboratorio del Gobierno, implementando una reforma acad\u00e9mica ideada por el rector Juri para poner a las Universidades Nacionales al servicio directo de las empresas y multinacionales. Pretenden transformar a la educaci\u00f3n superior gratuita y libre en una simple f\u00e1brica de t\u00edtulos habilitantes, con planes de estudio ideados por empresas, carreras cortas, y cursos de posgrado pagos.<\/p>\n<p>Queremos una Universidad comprometida con la sociedad y el pueblo Argentino y no con las multinacionales. Una universidad que de posibilidades&nbsp;<\/p>\n<p>Por eso, este festival es una invitaci\u00f3n, un convite, una puerta abierta para organizarnos.<\/p>\n<ul>\n<li>Organizarnos para proteger el trabajo, la ciencia, la educaci\u00f3n y a los productores.<\/li>\n<li>Organizarnos para estar informados<\/li>\n<li>Organizarnos para el paro internacional de mujeres del 8 de marzo, exigiendo a las centrales sindicales que lo acompa\u00f1en activamente.<\/li>\n<li>Organizarnos para defender lo que a lo largo de la historia hemos ganado tras arduas luchas y para consolidar nuevos derechos.<\/li>\n<li>Organizarnos para dar forma al mundo que so\u00f1amos&#8230;<\/li>\n<\/ul>\n","protected":false},"excerpt":{"rendered":"<p>La junta Interna ATE-INTI resolvi\u00f3 llevar a cabo un acampe en cada delegaci\u00f3n del pa\u00eds los pr\u00f3ximos 7 y 8 de marzo en reclamo de la reincorporaci\u00f3n de los 258 despedidos. El viernes se realiz\u00f3 un festival solidario en C\u00f3rdoba y el fin de semana una muestra tecnol\u00f3gica &#8216;INTI en lucha&#8217; en la sede central [&hellip;]<\/p>\n","protected":false},"author":1,"featured_media":19220,"comment_status":"open","ping_status":"open","sticky":false,"template":"","format":"standard","meta":{"_exactmetrics_skip_tracking":false,"_exactmetrics_sitenote_active":false,"_exactmetrics_sitenote_note":"","_exactmetrics_sitenote_category":0,"jnews-multi-image_gallery":[],"jnews_single_post":[],"jnews_primary_category":[],"jnews_social_meta":[],"jnews_review":[],"enable_review":"","type":"","name":"","summary":"","brand":"","sku":"","good":[],"bad":[],"score_override":"","override_value":"","rating":[],"price":[],"jnews_override_counter":[],"jnews_post_split":[],"footnotes":""},"categories":[100],"tags":[],"class_list":["post-9845","post","type-post","status-publish","format-standard","has-post-thumbnail","hentry","category-inti"],"jetpack_featured_media_url":"https:\/\/atecordoba.org\/wp-content\/uploads\/2020\/05\/logo-nuevochico-e1561581322808.png","_links":{"self":[{"href":"https:\/\/atecordoba.org\/index.php?rest_route=\/wp\/v2\/posts\/9845","targetHints":{"allow":["GET"]}}],"collection":[{"href":"https:\/\/atecordoba.org\/index.php?rest_route=\/wp\/v2\/posts"}],"about":[{"href":"https:\/\/atecordoba.org\/index.php?rest_route=\/wp\/v2\/types\/post"}],"author":[{"embeddable":true,"href":"https:\/\/atecordoba.org\/index.php?rest_route=\/wp\/v2\/users\/1"}],"replies":[{"embeddable":true,"href":"https:\/\/atecordoba.org\/index.php?rest_route=%2Fwp%2Fv2%2Fcomments&post=9845"}],"version-history":[{"count":0,"href":"https:\/\/atecordoba.org\/index.php?rest_route=\/wp\/v2\/posts\/9845\/revisions"}],"wp:featuredmedia":[{"embeddable":true,"href":"https:\/\/atecordoba.org\/index.php?rest_route=\/wp\/v2\/media\/19220"}],"wp:attachment":[{"href":"https:\/\/atecordoba.org\/index.php?rest_route=%2Fwp%2Fv2%2Fmedia&parent=9845"}],"wp:term":[{"taxonomy":"category","embeddable":true,"href":"https:\/\/atecordoba.org\/index.php?rest_route=%2Fwp%2Fv2%2Fcategories&post=9845"},{"taxonomy":"post_tag","embeddable":true,"href":"https:\/\/atecordoba.org\/index.php?rest_route=%2Fwp%2Fv2%2Ftags&post=9845"}],"curies":[{"name":"wp","href":"https:\/\/api.w.org\/{rel}","templated":true}]}}