{"id":9840,"date":"2018-03-02T15:43:57","date_gmt":"2018-03-02T18:43:57","guid":{"rendered":"http:\/\/www.atecordoba.org\/?p=9840"},"modified":"2018-03-02T15:43:57","modified_gmt":"2018-03-02T18:43:57","slug":"festival-en-defensa-de-la-ciencia-y-tecnica-nacional-repudio-a-los-despidos-2","status":"publish","type":"post","link":"https:\/\/atecordoba.org\/?p=9840","title":{"rendered":"Festival en defensa de la Ciencia y T\u00e9cnica nacional, repudio a los despidos"},"content":{"rendered":"<p><em>Hoy viernes 2 de marzo los trabajadores de Ciencia y T\u00e9cnica de diversos organismos del Estado, realizar\u00e1n conjuntamente un festival de m\u00fasica en rechazo a los despidos, el ajuste y el vaciamiento de pol\u00edticas del sector.<\/em><\/p>\n<p><img loading=\"lazy\" decoding=\"async\" class=\"aligncenter size-full wp-image-9842\" src=\"http:\/\/www.atecordoba.org\/wp-content\/uploads\/2018\/03\/verdurazo-fesatival.jpg\" alt=\"\" width=\"552\" height=\"773\"><\/p>\n<p>A su vez se llevar\u00e1 a cabo una feria de verduras de productores autogestionados que trabajan en el marco de los programa de la Subsecretar\u00eda de Agricultura Familiar (SsAF).<\/p>\n<p>Toda la actividad se desarrollar\u00e1 entre las 17 y las 24 horas en la Plaza V\u00e9lez Sarsfield, frente al Patio Olmos, y est\u00e1 por la Mesa de Ciencia y T\u00e9cnica por ATE, Apinta, Surrbac, Coopi, Mesa de Trabajo por los DD.HH. y Adiuc.<\/p>\n<p>Se trata de un evento de abierto a la comunidad que tiene por objetivo difundir en C\u00f3rdoba la situaci\u00f3n de los trabajadores sometidos a un brutal ajuste de parte de la administraci\u00f3n nacional, en organismos como INTI, CONICET, INTA, SENASA, Secretar\u00eda de Agricultura Familiar y la UNC. Vale se\u00f1alar que s\u00f3lo en el INTI el gobierno nacional realiz\u00f3 258 despidos sin causa.<\/p>\n<p><img loading=\"lazy\" decoding=\"async\" class=\"aligncenter size-full wp-image-9841\" src=\"http:\/\/www.atecordoba.org\/wp-content\/uploads\/2018\/03\/saf-ilustrado-e1520015887750.jpeg\" alt=\"\" width=\"300\" height=\"533\"><\/p>\n<p>Denominado como \u2018Festival por la unidad de los pueblos en lucha\u2019 y \u2018Verdurazo\u2019, la participaci\u00f3n popular supone un apoyo indispensable para mantener la lucha en pie, todas vez que los trabajadores y las organizaciones convocantes comparten con la comunidad la importancia de mantener en marcha los entes que contribuyen al desarrollo de la industria, el campo, la ciencia y las familias productoras rurales, ante la pol\u00edtica de achique y desguace del Estado.<\/p>\n<p>En la oportunidad estar\u00e1 presente el compa\u00f1ero Francisco Dolmann, presidente de la Junta Interna ATE-INTI, para apoyar a los compa\u00f1eros y tomar contacto con la prensa.<\/p>\n<p><img loading=\"lazy\" decoding=\"async\" class=\"aligncenter size-full wp-image-9843\" src=\"http:\/\/www.atecordoba.org\/wp-content\/uploads\/2018\/03\/WhatsApp-Image-2018-03-01-at-14.27.38-e1520016142996.jpeg\" alt=\"\" width=\"550\" height=\"664\"><\/p>\n<p>En el desarrollo del festival de m\u00fasica participar\u00e1n las agrupaciones art\u00edsticas: Las Ninfas, Adriana C\u00e9liz, Mar\u00eda y Cosecha, Contraflor al Resto, Rimando Entreversos, ALF, Agust\u00edn Albrieu, Los Yuyos y Cocho Pedraza<\/p>\n<p>&nbsp;<\/p>\n","protected":false},"excerpt":{"rendered":"<p>Hoy viernes 2 de marzo los trabajadores de Ciencia y T\u00e9cnica de diversos organismos del Estado, realizar\u00e1n conjuntamente un festival de m\u00fasica en rechazo a los despidos, el ajuste y el vaciamiento de pol\u00edticas del sector. A su vez se llevar\u00e1 a cabo una feria de verduras de productores autogestionados que trabajan en el marco [&hellip;]<\/p>\n","protected":false},"author":1,"featured_media":19220,"comment_status":"open","ping_status":"open","sticky":false,"template":"","format":"standard","meta":{"_exactmetrics_skip_tracking":false,"_exactmetrics_sitenote_active":false,"_exactmetrics_sitenote_note":"","_exactmetrics_sitenote_category":0,"jnews-multi-image_gallery":[],"jnews_single_post":[],"jnews_primary_category":[],"jnews_social_meta":[],"jnews_review":[],"enable_review":"","type":"","name":"","summary":"","brand":"","sku":"","good":[],"bad":[],"score_override":"","override_value":"","rating":[],"price":[],"jnews_override_counter":[],"jnews_post_split":[],"footnotes":""},"categories":[105,139,100,18,16,97],"tags":[],"class_list":["post-9840","post","type-post","status-publish","format-standard","has-post-thumbnail","hentry","category-conicet","category-inta","category-inti","category-nacionales","category-saf","category-senaf"],"jetpack_featured_media_url":"https:\/\/atecordoba.org\/wp-content\/uploads\/2020\/05\/logo-nuevochico-e1561581322808.png","_links":{"self":[{"href":"https:\/\/atecordoba.org\/index.php?rest_route=\/wp\/v2\/posts\/9840","targetHints":{"allow":["GET"]}}],"collection":[{"href":"https:\/\/atecordoba.org\/index.php?rest_route=\/wp\/v2\/posts"}],"about":[{"href":"https:\/\/atecordoba.org\/index.php?rest_route=\/wp\/v2\/types\/post"}],"author":[{"embeddable":true,"href":"https:\/\/atecordoba.org\/index.php?rest_route=\/wp\/v2\/users\/1"}],"replies":[{"embeddable":true,"href":"https:\/\/atecordoba.org\/index.php?rest_route=%2Fwp%2Fv2%2Fcomments&post=9840"}],"version-history":[{"count":0,"href":"https:\/\/atecordoba.org\/index.php?rest_route=\/wp\/v2\/posts\/9840\/revisions"}],"wp:featuredmedia":[{"embeddable":true,"href":"https:\/\/atecordoba.org\/index.php?rest_route=\/wp\/v2\/media\/19220"}],"wp:attachment":[{"href":"https:\/\/atecordoba.org\/index.php?rest_route=%2Fwp%2Fv2%2Fmedia&parent=9840"}],"wp:term":[{"taxonomy":"category","embeddable":true,"href":"https:\/\/atecordoba.org\/index.php?rest_route=%2Fwp%2Fv2%2Fcategories&post=9840"},{"taxonomy":"post_tag","embeddable":true,"href":"https:\/\/atecordoba.org\/index.php?rest_route=%2Fwp%2Fv2%2Ftags&post=9840"}],"curies":[{"name":"wp","href":"https:\/\/api.w.org\/{rel}","templated":true}]}}