{"id":9831,"date":"2018-02-27T15:03:16","date_gmt":"2018-02-27T18:03:16","guid":{"rendered":"http:\/\/www.atecordoba.org\/?p=9831"},"modified":"2018-02-27T15:03:16","modified_gmt":"2018-02-27T18:03:16","slug":"murio-menendez-un-genocida-ensanado-con-movimiento-obrero","status":"publish","type":"post","link":"https:\/\/atecordoba.org\/?p=9831","title":{"rendered":"Muri\u00f3 Men\u00e9ndez, un genocida ensa\u00f1ado con el movimiento obrero"},"content":{"rendered":"<p><em>Hoy&nbsp; muri\u00f3 un s\u00edmbolo de la tr\u00e1gica noche que enlut\u00f3 C\u00f3rdoba. Luciano Benjam\u00edn Men\u00e9ndez falleci\u00f3 en el Hospital Militar, bajo los cuidados que garantiza el sistema sanitario, consumido por una enfermedad, tras enfrentar 13 condenas por cientos de cr\u00edmenes de lesa humanidad cometidos durante la \u00faltima dictadura militar.<\/em><\/p>\n<p><img loading=\"lazy\" decoding=\"async\" class=\"size-full wp-image-9832\" src=\"http:\/\/www.atecordoba.org\/wp-content\/uploads\/2018\/02\/menendez2.jpg\" alt=\"\" width=\"467\" height=\"700\"><\/p>\n<p>El genocida deja una huella de asesinatos, torturas, violaciones, saqueos, atentados y robos de ni\u00f1os que quedar\u00e1n marcados en la piel de la sociedad cordobesa. Su presencia en la provincia como jefe de Tercer Cuerpo de Ej\u00e9rcito y responsable de los campos de concentraci\u00f3n, tortura y muerte, fue la sentencia de miles de compa\u00f1eros militantes sindicales, pol\u00edticos, sociales y religiosos, comprometidos con la realidad de nuestro pa\u00eds, as\u00ed como la defensa de los trabajadores.<\/p>\n<p>Este personaje siniestro tuvo particular ensa\u00f1amiento con los trabajadores, los activistas y los miembros de la resistencia sindical, sobre los que ten\u00eda el mandato de domesticar esa insurgencia que hab\u00eda transformado a C\u00f3rdoba en la vanguardia del movimiento obrero nacional.<\/p>\n<p>Se fue sin dar a conocer d\u00f3nde est\u00e1n los restos de miles de sus v\u00edctimas desaparecidas, ni del destino actual de aquellos ni\u00f1os cuya identidad fue robada. Quiz\u00e1s uno de sus peores cr\u00edmenes.<\/p>\n<p>No actu\u00f3 solo, y muchos de sus c\u00f3mplices civiles a\u00fan se mantienen impunes, usufructuando el retroceso pol\u00edtico, econ\u00f3mico y social que gener\u00f3 su funesta figura.<\/p>\n<p>En este d\u00eda, el Consejo Directivo Provincial de ATE C\u00f3rdoba y la CTA Aut\u00f3noma abrazan a cada una de las v\u00edctimas de este genocida, y a sus familias, y se comprometen a continuar la lucha para revertir su legado.<\/p>\n","protected":false},"excerpt":{"rendered":"<p>Hoy&nbsp; muri\u00f3 un s\u00edmbolo de la tr\u00e1gica noche que enlut\u00f3 C\u00f3rdoba. Luciano Benjam\u00edn Men\u00e9ndez falleci\u00f3 en el Hospital Militar, bajo los cuidados que garantiza el sistema sanitario, consumido por una enfermedad, tras enfrentar 13 condenas por cientos de cr\u00edmenes de lesa humanidad cometidos durante la \u00faltima dictadura militar. El genocida deja una huella de asesinatos, [&hellip;]<\/p>\n","protected":false},"author":1,"featured_media":19220,"comment_status":"open","ping_status":"open","sticky":false,"template":"","format":"standard","meta":{"_exactmetrics_skip_tracking":false,"_exactmetrics_sitenote_active":false,"_exactmetrics_sitenote_note":"","_exactmetrics_sitenote_category":0,"jnews-multi-image_gallery":[],"jnews_single_post":[],"jnews_primary_category":[],"jnews_social_meta":[],"jnews_review":[],"enable_review":"","type":"","name":"","summary":"","brand":"","sku":"","good":[],"bad":[],"score_override":"","override_value":"","rating":[],"price":[],"jnews_override_counter":[],"jnews_post_split":[],"footnotes":""},"categories":[10],"tags":[],"class_list":["post-9831","post","type-post","status-publish","format-standard","has-post-thumbnail","hentry","category-accion-politica"],"jetpack_featured_media_url":"https:\/\/atecordoba.org\/wp-content\/uploads\/2020\/05\/logo-nuevochico-e1561581322808.png","_links":{"self":[{"href":"https:\/\/atecordoba.org\/index.php?rest_route=\/wp\/v2\/posts\/9831","targetHints":{"allow":["GET"]}}],"collection":[{"href":"https:\/\/atecordoba.org\/index.php?rest_route=\/wp\/v2\/posts"}],"about":[{"href":"https:\/\/atecordoba.org\/index.php?rest_route=\/wp\/v2\/types\/post"}],"author":[{"embeddable":true,"href":"https:\/\/atecordoba.org\/index.php?rest_route=\/wp\/v2\/users\/1"}],"replies":[{"embeddable":true,"href":"https:\/\/atecordoba.org\/index.php?rest_route=%2Fwp%2Fv2%2Fcomments&post=9831"}],"version-history":[{"count":0,"href":"https:\/\/atecordoba.org\/index.php?rest_route=\/wp\/v2\/posts\/9831\/revisions"}],"wp:featuredmedia":[{"embeddable":true,"href":"https:\/\/atecordoba.org\/index.php?rest_route=\/wp\/v2\/media\/19220"}],"wp:attachment":[{"href":"https:\/\/atecordoba.org\/index.php?rest_route=%2Fwp%2Fv2%2Fmedia&parent=9831"}],"wp:term":[{"taxonomy":"category","embeddable":true,"href":"https:\/\/atecordoba.org\/index.php?rest_route=%2Fwp%2Fv2%2Fcategories&post=9831"},{"taxonomy":"post_tag","embeddable":true,"href":"https:\/\/atecordoba.org\/index.php?rest_route=%2Fwp%2Fv2%2Ftags&post=9831"}],"curies":[{"name":"wp","href":"https:\/\/api.w.org\/{rel}","templated":true}]}}