{"id":9828,"date":"2018-02-27T13:59:06","date_gmt":"2018-02-27T16:59:06","guid":{"rendered":"http:\/\/www.atecordoba.org\/?p=9828"},"modified":"2018-02-27T13:59:06","modified_gmt":"2018-02-27T16:59:06","slug":"declaracion-ate-conicet-sobre-el-pago-al-presentismo-y-la-productividad","status":"publish","type":"post","link":"https:\/\/atecordoba.org\/?p=9828","title":{"rendered":"Declaraci\u00f3n ATE CONICET sobre el pago al presentismo y la productividad"},"content":{"rendered":"<p><em>Los trabajadores contin\u00faan exigiendo el CCT, paritarias libres, inmediato aumento salarial y el fin de la extorsi\u00f3n de las cl\u00e1usulas de presentismo y productividad.<\/em><\/p>\n<p><img loading=\"lazy\" decoding=\"async\" class=\"aligncenter size-full wp-image-9829\" src=\"http:\/\/www.atecordoba.org\/wp-content\/uploads\/2018\/02\/toma2-1-e1519749741862.jpg\" alt=\"\" width=\"550\" height=\"309\"><\/p>\n<p style=\"font-weight: 400;\"><span style=\"font-style: inherit; font-weight: inherit;\">&#8220;En el d\u00eda de ayer, lunes 26 de febrero, la Gerencia de Recursos Humanos del CONICET inform\u00f3 a lxs trabajadorxs de CIC y CPA que &#8216;queda discontinuado el pago por presentismo para el personal de ambas carreras\u201d y que analizar\u00e1 \u201cc\u00f3mo implementar durante el corriente a\u00f1o el premio por productividad&#8217;.<\/span><\/p>\n<p style=\"font-weight: 400;\"><span style=\"font-style: inherit; font-weight: inherit;\">Frente a esta situaci\u00f3n lo\/as trabajadore\/as del CONICET realizaron una declaraci\u00f3n donde sostienen lo siguiente:&nbsp;<\/span><\/p>\n<p style=\"font-weight: 400;\"><span style=\"font-style: inherit; font-weight: inherit;\">\u201cComo parte de ATE hemos denunciado la firma de la paritaria para lxs trabajadorxs estatales ya que la misma estableci\u00f3 un incremento nominal del salario del 20% en tres cuotas, lo que se ubic\u00f3 por debajo de la inflaci\u00f3n (y sigue sin aplicarse la cl\u00e1usula gatillo), e incorpor\u00f3 las cl\u00e1usulas de presentismo y productividad, que en los hechos implican una extorsi\u00f3n a cambio de la p\u00e9rdida de derechos consagrados en el Convenio Colectivo de Trabajo del Estado.<\/span><\/p>\n<p style=\"font-weight: 400;\"><span style=\"font-style: inherit; font-weight: inherit;\">Sostuvimos esta denuncia sobre la base de la opini\u00f3n de cientos de trabajadorxs que se pronunciaron en forma rotunda contra la paritaria y se\u00f1alamos tambi\u00e9n que el monto del presentismo deb\u00eda ser incorporado al salario.<\/span><\/p>\n<p style=\"font-weight: 400;\"><span style=\"font-style: inherit; font-weight: inherit;\">Ocho meses despu\u00e9s, vemos como los salarios vigentes atentan contra el poder adquisitivo de lxs trabajadorxs, que las cl\u00e1usulas de presentismo y productividad junto con el control biom\u00e9trico horadan nuestros derechos laborales y que la resoluci\u00f3n del organismo del d\u00eda de hoy incrementa las desigualdades entre trabajadorxs, al excluir del alcance del pago del presentismo no s\u00f3lo a becarixs (a quienes se les niega la propia identidad laboral) sino ahora tambi\u00e9n a investigadorxs y personal de apoyo.<\/span><\/p>\n<p style=\"font-weight: 400;\"><span style=\"font-style: inherit; font-weight: inherit;\">Esta disposici\u00f3n es producto de una burda maniobra tendiente a reducir los salarios de Investigadores y Personal de Apoyo que se construy\u00f3 a partir de una inexplicable consulta de la Gerencia de Recursos Humanos del CONICET a la Comisi\u00f3n T\u00e9cnica Asesora de Pol\u00edtica Salarial del Sector P\u00fablico sobre si es pertinente pagar el Presentismo a CIC y CPA. La rid\u00edcula respuesta completa la maniobra: \u201catento a la modalidad de su prestaci\u00f3n y la especificidad de sus objetivos no resulta beneficiario del premio\u201d. Cabe preguntarse: \u00bfen que se fundamentaba la duda de la Gerencia de Recursos Humanos?&nbsp; y muy especialmente: \u00bfest\u00e1n de acuerdo las autoridades del CONICET con la respuesta recibida?<\/span><\/p>\n<p style=\"font-weight: 400;\"><span style=\"font-style: inherit; font-weight: inherit;\">&nbsp;Desde ATE CONICET ratificamos que todxs lxs trabajadorxs del organismo, administrativxs, personal de apoyo, becarixs e investigadorxs formamos parte de un mismo proceso de trabajo, el de la producci\u00f3n cient\u00edfica, que dicho proceso -tal como reconoce la propia Jefatura de Gabinete- tiene condiciones de trabajo y objetivos espec\u00edficos y que todo ello deriva en la necesidad de fundar instituciones propias: un Convenio Colectivo de Trabajo para todxs lxs trabajadorxs del organismo, establecido en paritarias libres, que contemple escalaf\u00f3n \u00fanico y r\u00e9gimen salarial propio.<\/span><\/p>\n<p style=\"font-weight: 400;\"><span style=\"font-style: inherit; font-weight: inherit;\">A sesenta a\u00f1os de la creaci\u00f3n del CONICET, reclamamos una vez m\u00e1s el fin del estatuto sancionado durante la dictadura militar de Lanusse, y su reemplazo por un Convenio Colectivo de Trabajo construido en forma democr\u00e1tica con y para lxs trabajadorxs de ciencia.<\/span><\/p>\n<p style=\"font-weight: 400;\"><span style=\"font-style: inherit; font-weight: inherit;\">\u00a1Aumento Salarial ya!<\/span><\/p>\n<p style=\"font-weight: 400;\"><span style=\"font-style: inherit; font-weight: inherit;\">\u00a1No a la extorsi\u00f3n de las cl\u00e1usulas de presentismo y productividad!<\/span><\/p>\n<p style=\"font-weight: 400;\"><span style=\"font-style: inherit; font-weight: inherit;\">\u00a1Por un Convenio Colectivo de Trabajo del CONICET y paritarias libres!\u201d.<\/span><\/p>\n<p style=\"font-weight: 400;\"><b><strong style=\"font-style: inherit;\">ATE Conicet<\/strong><\/b><\/p>\n","protected":false},"excerpt":{"rendered":"<p>Los trabajadores contin\u00faan exigiendo el CCT, paritarias libres, inmediato aumento salarial y el fin de la extorsi\u00f3n de las cl\u00e1usulas de presentismo y productividad. &#8220;En el d\u00eda de ayer, lunes 26 de febrero, la Gerencia de Recursos Humanos del CONICET inform\u00f3 a lxs trabajadorxs de CIC y CPA que &#8216;queda discontinuado el pago por presentismo [&hellip;]<\/p>\n","protected":false},"author":1,"featured_media":19220,"comment_status":"open","ping_status":"open","sticky":false,"template":"","format":"standard","meta":{"_exactmetrics_skip_tracking":false,"_exactmetrics_sitenote_active":false,"_exactmetrics_sitenote_note":"","_exactmetrics_sitenote_category":0,"jnews-multi-image_gallery":[],"jnews_single_post":[],"jnews_primary_category":[],"jnews_social_meta":[],"jnews_review":[],"enable_review":"","type":"","name":"","summary":"","brand":"","sku":"","good":[],"bad":[],"score_override":"","override_value":"","rating":[],"price":[],"jnews_override_counter":[],"jnews_post_split":[],"footnotes":""},"categories":[105],"tags":[],"class_list":["post-9828","post","type-post","status-publish","format-standard","has-post-thumbnail","hentry","category-conicet"],"jetpack_featured_media_url":"https:\/\/atecordoba.org\/wp-content\/uploads\/2020\/05\/logo-nuevochico-e1561581322808.png","_links":{"self":[{"href":"https:\/\/atecordoba.org\/index.php?rest_route=\/wp\/v2\/posts\/9828","targetHints":{"allow":["GET"]}}],"collection":[{"href":"https:\/\/atecordoba.org\/index.php?rest_route=\/wp\/v2\/posts"}],"about":[{"href":"https:\/\/atecordoba.org\/index.php?rest_route=\/wp\/v2\/types\/post"}],"author":[{"embeddable":true,"href":"https:\/\/atecordoba.org\/index.php?rest_route=\/wp\/v2\/users\/1"}],"replies":[{"embeddable":true,"href":"https:\/\/atecordoba.org\/index.php?rest_route=%2Fwp%2Fv2%2Fcomments&post=9828"}],"version-history":[{"count":0,"href":"https:\/\/atecordoba.org\/index.php?rest_route=\/wp\/v2\/posts\/9828\/revisions"}],"wp:featuredmedia":[{"embeddable":true,"href":"https:\/\/atecordoba.org\/index.php?rest_route=\/wp\/v2\/media\/19220"}],"wp:attachment":[{"href":"https:\/\/atecordoba.org\/index.php?rest_route=%2Fwp%2Fv2%2Fmedia&parent=9828"}],"wp:term":[{"taxonomy":"category","embeddable":true,"href":"https:\/\/atecordoba.org\/index.php?rest_route=%2Fwp%2Fv2%2Fcategories&post=9828"},{"taxonomy":"post_tag","embeddable":true,"href":"https:\/\/atecordoba.org\/index.php?rest_route=%2Fwp%2Fv2%2Ftags&post=9828"}],"curies":[{"name":"wp","href":"https:\/\/api.w.org\/{rel}","templated":true}]}}