{"id":9820,"date":"2018-02-27T13:09:52","date_gmt":"2018-02-27T16:09:52","guid":{"rendered":"http:\/\/www.atecordoba.org\/?p=9820"},"modified":"2018-02-27T13:09:52","modified_gmt":"2018-02-27T16:09:52","slug":"inti-un-mes-de-permanencia-y-lucha-contra-los-despidos","status":"publish","type":"post","link":"https:\/\/atecordoba.org\/?p=9820","title":{"rendered":"INTI: Un mes de permanencia y lucha contra los despidos"},"content":{"rendered":"<p><em>Amplia participaci\u00f3n en la conferencia para apoyar el reclamo por la reincorporaci\u00f3n. El viernes caravana al Ministerio de Trabajo.<\/em><\/p>\n<p><img loading=\"lazy\" decoding=\"async\" class=\"aligncenter size-full wp-image-9821\" src=\"http:\/\/www.atecordoba.org\/wp-content\/uploads\/2018\/02\/11846_7459-e1519747675790.jpg\" alt=\"\" width=\"550\" height=\"367\"><\/p>\n<p style=\"font-weight: 400;\">Al cumplirse un mes de la permanencia pac\u00edfica en el Parque Tecnol\u00f3gico Miguelete, los trabajadores y trabajadoras del INTI encabezaron una conferencia de prensa en la que participaron referentes de derechos humanos, dirigentes sociales, gremiales y pol\u00edticos, representantes de c\u00e1maras empresarias, legisladores de distintos bloques parlamentarios, y trabajadores y trabajadoras de otras juntas internas y sectores en lucha de todo el pa\u00eds.<\/p>\n<p style=\"font-weight: 400;\">Durante el encuentro, se anunci\u00f3 que&nbsp;este viernes 2 de marzo, a las 10 de la ma\u00f1ana partir\u00e1 una caravana multitudinaria, desde la sede central del Instituto Nacional de Tecnolog\u00eda Industrial (colectora General Paz 5400), hacia el Ministerio de Trabajo de la Naci\u00f3n (Leandro N. Alem al 600) y a las oficinas del directorio del INTI (Leandro N Alem 1067), tambi\u00e9n en el barrio porte\u00f1o de Retiro &nbsp;&nbsp;<\/p>\n<p style=\"font-weight: 400;\">La encargada de conducir el encuentro con los medios de comunicaci\u00f3n fue&nbsp;Giselle Santana, Secretaria Gremial de la Junta Interna de ATE&nbsp;en el organismo, que asegur\u00f3 que en el fondo los 258 despidos son parte de un proceso para \u201cdestruir al INTI, desguazar un organismo estrat\u00e9gico en el desarrollo industrial y la soberan\u00eda tecnol\u00f3gica de nuestro pa\u00eds, entregarle este instituto a la Uni\u00f3n Europea, con quien quieren firmar un acuerdo de libre comercio a trav\u00e9s de la consultora Tecnalia, que hizo un plan seg\u00fan el cual sobran m\u00e1s de mil trabajadores y trabajadoras, y seg\u00fan el cual un instituto que ha servido para el fortalecimiento de la peque\u00f1a y mediana empresa se va a convertir en una simple asesor\u00eda para el transporte, el agro-alimento y las energ\u00edas renovables\u201d.<\/p>\n<p style=\"font-weight: 400;\">El primero de los oradores fue el&nbsp;Secretario General de la Asociaci\u00f3n Trabajadores del Estado, Hugo Cachorro Godoy\u201d,&nbsp;que expres\u00f3 \u201corgullo\u201d por la lucha de los trabajadores del INTI, \u201cpara lograr las reincorporaciones y para defender la soberan\u00eda tecnol\u00f3gica de nuestro pa\u00eds\u201d.<\/p>\n<p style=\"font-weight: 400;\">\u201cno solamente estamos defendiendo un inter\u00e9s sectorial por el despedido, sino que nuestra lucha tiene que ver con los intereses de toda la sociedad. Hace dos a\u00f1os, cuando el gobierno de Macri comenz\u00f3 esta Tercer Reforma del Estado, esta barbarie de destrucci\u00f3n del Estado Nacional, comenzando con los despidos, lanzamos una campa\u00f1a dici\u00e9ndole al conjunto de la sociedad \u201cnuestro trabajo son tus derechos\u201d, porque somos consientes que al mismo&nbsp; tiempo que defendemos nuestros derechos como trabajadores defendemos tambi\u00e9n el derechos de toda la sociedad a tener un Estado democr\u00e1tico y popular, no un Estado al servicio de las minor\u00edas del privilegio\u201d, sentenci\u00f3 Godoy, que finaliz\u00f3 recordando que el Gobierno no ha recibido nunca al sindicato ni a la asamblea de trabajadores, llamando a participar activamente en el Paro de Mujeres del pr\u00f3ximo 8 de marzo, y alentando a sostener y apoyar la lucha del INTI, porque \u201cla mitad del triunfo la vamos a obtener con unidad y fortaleza adentro del lugar de trabajo, la otra mitad la vamos a obtener con el acompa\u00f1amiento del conjunto de la sociedad, porque estamos defendiendo un bien que es de todos. En esta pelea del INTI esta el espejo donde nos miramos trabajadores y trabajadoras de todo el pa\u00eds\u201d.<\/p>\n<p><img loading=\"lazy\" decoding=\"async\" class=\"aligncenter size-full wp-image-9822\" src=\"http:\/\/www.atecordoba.org\/wp-content\/uploads\/2018\/02\/11846_7463-e1519747759190.jpg\" alt=\"\" width=\"550\" height=\"367\"><\/p>\n<p>&nbsp;<\/p>\n<p style=\"font-weight: 400;\">El Premio Nobel de la Paz, Adolfo P\u00e9rez Esquivel,&nbsp;alert\u00f3 que \u201cestamos ante un momento muy dif\u00edcil, no solo en Argentina sino en todo el continente. No hay que permitir los aprietes del gobierno, como lo que sucedi\u00f3 con la compa\u00f1era Giselle, si la tocan a ella nos tocan a todos nosotros, y es la defensa del derecho al reclamo por el trabajo, a la dignidad de las personas, porque no solo se est\u00e1n violando los derechos de las personas sino el derecho de los pueblos, este gobierno privilegia el capital financiero sobre la vida del pueblo, esto es achicar el Estado, privatizar todo y perder la soberan\u00eda\u201d, finaliz\u00f3 el titular del Servicio de Paz y Justicia. &nbsp;<\/p>\n<p style=\"font-weight: 400;\">Por el Consejo Directivo de ATE Nacional estuvieron presentes tambi\u00e9n Silvia Le\u00f3n (Secretaria de Organizaci\u00f3n), Mario Mu\u00f1oz (Secretario Gremial), &nbsp;Mar\u00eda Teresa Romero (Secretaria de Formaci\u00f3n), Marta Galante (Departamento de G\u00e9nero), H\u00e9ctor Carrica (Departamento de Derechos Humanos) y los dirigentes Flavio Vergara, Rodolfo Kempf, Pablo Spataro, y Natalia Castesana.&nbsp;<\/p>\n<p style=\"font-weight: 400;\">En uno de los momentos m\u00e1s fuertes de la jornada, uno de los directores del INTI&nbsp;ley\u00f3 un potente reclamo a las autoridades, en nombre de todos los directores de trabajo, coordinadores de unidades t\u00e9cnicas, jefes de laboratorio, Jefes de \u00e1rea, y Jefes de sectores de apoyo&nbsp;del Instituto Nacional de Tecnolog\u00eda Industrial:<\/p>\n<p style=\"font-weight: 400;\"><em style=\"font-style: inherit; font-weight: inherit;\">Continuamos sumamente preocupados ante la situaci\u00f3n a la que han sometido a nuestro Instituto. Hoy, al cumplirse un mes de este inaudito conflicto,&nbsp;ratificamos la postura de solicitar la reversi\u00f3n de los despidos&nbsp;y manifestamos la necesaria existencia de procesos y criterios transparentes y preestablecidos que garanticen la ecuanimidad en decisiones futuras.<\/em><\/p>\n<p style=\"font-weight: 400;\"><em style=\"font-style: inherit; font-weight: inherit;\">En este sentido es indispensable garantizar actos que generen confianza, permitiendo reconstruir el tejido organizacional para retomar nuestras tareas como referentes tecnol\u00f3gicos del Estrado Nacional.<\/em><\/p>\n<p style=\"font-weight: 400;\"><em style=\"font-style: inherit; font-weight: inherit;\">Consideramos que la misi\u00f3n esencial del INTI es el apoyo tecnol\u00f3gico a la industria del pa\u00eds, especialmente a las PyMes, a las econom\u00edas regionales y al propio Estado.<\/em><\/p>\n<p><img loading=\"lazy\" decoding=\"async\" class=\"aligncenter size-full wp-image-9823\" src=\"http:\/\/www.atecordoba.org\/wp-content\/uploads\/2018\/02\/11846_7465-e1519747700329.jpg\" alt=\"\" width=\"550\" height=\"367\"><\/p>\n<p style=\"font-weight: 400;\"><em style=\"font-style: inherit; font-weight: inherit;\">Para ello consideramos valido repensar las estructuras siempre y cuando se mantenga la especificidad que nos fortalece como agentes de transferencia de tecnolog\u00eda, a trav\u00e9s de Centros sectoriales y regionales. Sin embargo,&nbsp;para analizar cualquier cambio en la estructura vigente, es necesario que haya sido resuelta favorablemente la situaci\u00f3n que hoy atraviesa el Instituto.<\/em><\/p>\n<p style=\"font-weight: 400;\"><em style=\"font-style: inherit; font-weight: inherit;\">Reafirmamos que&nbsp;no es posible concebir un instituto p\u00fablico de innovaci\u00f3n, investigaci\u00f3n y desarrollo, sin alcanzar un ambiente de profunda libertad de pensamiento.<\/em><\/p>\n<p style=\"font-weight: 400;\"><em style=\"font-style: inherit; font-weight: inherit;\">Los trabajadores del INTI desde su creaci\u00f3n y a trav\u00e9s de su historia, han bregado por la pluralidad democr\u00e1tica, por lo tanto&nbsp;<\/em><em style=\"font-style: inherit; font-weight: inherit;\">no aceptamos que, despu\u00e9s de 60 a\u00f1os de historia institucional y 35 a\u00f1os de democracia en el pa\u00eds, alguien sea despedido por su pensamiento ideol\u00f3gico y\/o su participaci\u00f3n pol\u00edtica o sindical. Por el bien del INTI, necesitamos una resoluci\u00f3n positiva urgente. &nbsp;&nbsp;<\/em><\/p>\n<p style=\"font-weight: 400;\">Luego, en representaci\u00f3n de&nbsp;Unidad Popular estuvieron los ex diputados V\u00edctor de Gennaro y Claudio Lozano, que a su turno cuestion\u00f3 duramente las pol\u00edticas del gobierno nacional: \u201cDicen que quieren modernizar el Estado, pero ac\u00e1 est\u00e1n destruyendo el conocimiento y la industria, todas y cada una de sus falacias mueren al discutir el tema del INTI, por esa raz\u00f3n es que hay que seguir adelante, hay que ponerle freno a este plan maestro armado por gente de Repsol y la Banca Espa\u00f1ola, en el marco de esta Tecnalia, este plan de desguace que quiere transformar el inti en un organismo subsidiario del modelo extractivista\u201d, destac\u00f3 el economista.<\/p>\n<p style=\"font-weight: 400;\">Por su parte,&nbsp;Taty Almeida, de Madres de Plaza de Mayo L\u00ednea Fundadora,&nbsp;en representaci\u00f3n de la Mesa de Derechos Humanos que componen 12 organismos, valor\u00f3 que \u201cla resistencia cada vez es mayor, esto que est\u00e1n haciendo ustedes en el INTI es militancia pura, compromiso, compa\u00f1erismo, es ocuparse del otro. Es ins\u00f3lito lo que esta ocurriendo desde que esta Macri, todos los d\u00edas se siguen violando los derechos humanos, porque el derechos al trabajo es un derecho humano, pero vamos a seguir resistiendo\u201d<\/p>\n<p style=\"font-weight: 400;\">Los trabajadores y trabajadoras en conflicto del INTI recibieron el apoyo de distintas c\u00e1maras de la peque\u00f1a y mediana empresa, que destacaron el apoyo indispensable que el instituto brinda a la industria nacional y al empresariado local<\/p>\n<p style=\"font-weight: 400;\">Al cierre de la conferencia,&nbsp;el Secretario General de la Junta interna de ATE INTI, Francisco Pancho Dollman,&nbsp;integrante tambi\u00e9n de ATE Nacional agradeci\u00f3 la presencia de los medios y de los compa\u00f1eros y militantes de distintos espacios presentes, y se dirigi\u00f3 a las autoridades del organismo: \u201cno conoc\u00edan el INTI, ni a sus trabajadores, cada cosa que las autoridades nos hagan estamos dispuestos a responderle, como cuando quisieron romper la huelga con los compa\u00f1eros de finanzas, cuando quisieron amedrentar con la polic\u00eda, cuando nos acusaron de romper el jard\u00edn y que hab\u00edamos secuestrado gente y roto los vidrios, todas las agresiones que recibamos vamos a estar en Asamblea, en unidad, respondiendo a cada una de ellas, y ahora se viene una dif\u00edcil porque nos van a amenazar con los d\u00edas de descuento, pero si nos organizamos y pedimos la solidaridad de todos los trabajadores, tambi\u00e9n podemos hacerle frente\u201d.<\/p>\n<p>&nbsp;<\/p>\n","protected":false},"excerpt":{"rendered":"<p>Amplia participaci\u00f3n en la conferencia para apoyar el reclamo por la reincorporaci\u00f3n. El viernes caravana al Ministerio de Trabajo. Al cumplirse un mes de la permanencia pac\u00edfica en el Parque Tecnol\u00f3gico Miguelete, los trabajadores y trabajadoras del INTI encabezaron una conferencia de prensa en la que participaron referentes de derechos humanos, dirigentes sociales, gremiales y [&hellip;]<\/p>\n","protected":false},"author":1,"featured_media":19220,"comment_status":"open","ping_status":"open","sticky":false,"template":"","format":"standard","meta":{"_exactmetrics_skip_tracking":false,"_exactmetrics_sitenote_active":false,"_exactmetrics_sitenote_note":"","_exactmetrics_sitenote_category":0,"jnews-multi-image_gallery":[],"jnews_single_post":[],"jnews_primary_category":[],"jnews_social_meta":[],"jnews_review":[],"enable_review":"","type":"","name":"","summary":"","brand":"","sku":"","good":[],"bad":[],"score_override":"","override_value":"","rating":[],"price":[],"jnews_override_counter":[],"jnews_post_split":[],"footnotes":""},"categories":[100],"tags":[],"class_list":["post-9820","post","type-post","status-publish","format-standard","has-post-thumbnail","hentry","category-inti"],"jetpack_featured_media_url":"https:\/\/atecordoba.org\/wp-content\/uploads\/2020\/05\/logo-nuevochico-e1561581322808.png","_links":{"self":[{"href":"https:\/\/atecordoba.org\/index.php?rest_route=\/wp\/v2\/posts\/9820","targetHints":{"allow":["GET"]}}],"collection":[{"href":"https:\/\/atecordoba.org\/index.php?rest_route=\/wp\/v2\/posts"}],"about":[{"href":"https:\/\/atecordoba.org\/index.php?rest_route=\/wp\/v2\/types\/post"}],"author":[{"embeddable":true,"href":"https:\/\/atecordoba.org\/index.php?rest_route=\/wp\/v2\/users\/1"}],"replies":[{"embeddable":true,"href":"https:\/\/atecordoba.org\/index.php?rest_route=%2Fwp%2Fv2%2Fcomments&post=9820"}],"version-history":[{"count":0,"href":"https:\/\/atecordoba.org\/index.php?rest_route=\/wp\/v2\/posts\/9820\/revisions"}],"wp:featuredmedia":[{"embeddable":true,"href":"https:\/\/atecordoba.org\/index.php?rest_route=\/wp\/v2\/media\/19220"}],"wp:attachment":[{"href":"https:\/\/atecordoba.org\/index.php?rest_route=%2Fwp%2Fv2%2Fmedia&parent=9820"}],"wp:term":[{"taxonomy":"category","embeddable":true,"href":"https:\/\/atecordoba.org\/index.php?rest_route=%2Fwp%2Fv2%2Fcategories&post=9820"},{"taxonomy":"post_tag","embeddable":true,"href":"https:\/\/atecordoba.org\/index.php?rest_route=%2Fwp%2Fv2%2Ftags&post=9820"}],"curies":[{"name":"wp","href":"https:\/\/api.w.org\/{rel}","templated":true}]}}