{"id":9817,"date":"2018-02-27T08:49:00","date_gmt":"2018-02-27T11:49:00","guid":{"rendered":"http:\/\/www.atecordoba.org\/?p=9817"},"modified":"2020-07-02T12:23:51","modified_gmt":"2020-07-02T15:23:51","slug":"festival-en-defensa-de-la-ciencia-y-tecnica-nacional-repudio-a-los-despidos","status":"publish","type":"post","link":"https:\/\/atecordoba.org\/?p=9817","title":{"rendered":"Festival en defensa de la Ciencia y T\u00e9cnica nacional, repudio a los despidos"},"content":{"rendered":"<p><em>El pr\u00f3ximo viernes 2 de marzo trabajadores de Ciencia y T\u00e9cnica de diversos organismos del Estado, gremios representativos y organizaciones sociales realizar\u00e1n conjuntamente un festival de m\u00fasica y una feria de productores autogestionados de verduras en rechazo a los despidos, el ajuste y el vaciamiento de pol\u00edticas del sector.<\/em><\/p>\n<p><img loading=\"lazy\" decoding=\"async\" class=\"aligncenter size-full wp-image-9818\" src=\"http:\/\/www.atecordoba.org\/wp-content\/uploads\/2018\/02\/verdurazo-fesatival-e1519732061670.jpg\" alt=\"\" width=\"350\" height=\"490\"><\/p>\n<p>Se trata de una actividad organizada por ATE, Apinta, Surrbac, Coopi, Mesa de Trabajo por los DD.HH. y Adiuc para convocar a la comunidad a respaldar la lucha de los trabajadores de INTI, CONICET, INTA, SENASA, Secretar\u00eda de Agricultura Familiar y la UNC.<\/p>\n<p>S\u00f3lo en el INTI el gobierno nacional realiz\u00f3 258 despidos sin causa.<\/p>\n<p>Denominado como \u2018Festival por la unidad de los pueblos en lucha\u2019 y \u2018Verdurazo\u2019, la convocatoria est\u00e1 programada para el pr\u00f3ximo viernes 2 de marzo, a partir de las 17 horas, en la Plaza V\u00e9lez Sarsfield.<\/p>\n<p>De esta forma, los trabajadores y las organizaciones convocantes comparten con la comunidad la importante de mantener en marcha los entes que contribuyen al desarrollo de la industria, el campo, la ciencia y las familias productoras rurales, ante la pol\u00edtica de achique y desguace del Estado.<\/p>\n","protected":false},"excerpt":{"rendered":"<p>El pr\u00f3ximo viernes 2 de marzo trabajadores de Ciencia y T\u00e9cnica de diversos organismos del Estado, gremios representativos y organizaciones sociales realizar\u00e1n conjuntamente un festival de m\u00fasica y una feria de productores autogestionados de verduras en rechazo a los despidos, el ajuste y el vaciamiento de pol\u00edticas del sector. Se trata de una actividad organizada [&hellip;]<\/p>\n","protected":false},"author":1,"featured_media":19220,"comment_status":"open","ping_status":"open","sticky":false,"template":"","format":"standard","meta":{"_exactmetrics_skip_tracking":false,"_exactmetrics_sitenote_active":false,"_exactmetrics_sitenote_note":"","_exactmetrics_sitenote_category":0,"jnews-multi-image_gallery":[],"jnews_single_post":[],"jnews_primary_category":[],"jnews_social_meta":[],"jnews_review":[],"enable_review":"","type":"","name":"","summary":"","brand":"","sku":"","good":[],"bad":[],"score_override":"","override_value":"","rating":[],"price":[],"jnews_override_counter":[],"jnews_post_split":[],"footnotes":""},"categories":[139,100,16,112],"tags":[],"class_list":["post-9817","post","type-post","status-publish","format-standard","has-post-thumbnail","hentry","category-inta","category-inti","category-saf","category-senasa"],"jetpack_featured_media_url":"https:\/\/atecordoba.org\/wp-content\/uploads\/2020\/05\/logo-nuevochico-e1561581322808.png","_links":{"self":[{"href":"https:\/\/atecordoba.org\/index.php?rest_route=\/wp\/v2\/posts\/9817","targetHints":{"allow":["GET"]}}],"collection":[{"href":"https:\/\/atecordoba.org\/index.php?rest_route=\/wp\/v2\/posts"}],"about":[{"href":"https:\/\/atecordoba.org\/index.php?rest_route=\/wp\/v2\/types\/post"}],"author":[{"embeddable":true,"href":"https:\/\/atecordoba.org\/index.php?rest_route=\/wp\/v2\/users\/1"}],"replies":[{"embeddable":true,"href":"https:\/\/atecordoba.org\/index.php?rest_route=%2Fwp%2Fv2%2Fcomments&post=9817"}],"version-history":[{"count":1,"href":"https:\/\/atecordoba.org\/index.php?rest_route=\/wp\/v2\/posts\/9817\/revisions"}],"predecessor-version":[{"id":20574,"href":"https:\/\/atecordoba.org\/index.php?rest_route=\/wp\/v2\/posts\/9817\/revisions\/20574"}],"wp:featuredmedia":[{"embeddable":true,"href":"https:\/\/atecordoba.org\/index.php?rest_route=\/wp\/v2\/media\/19220"}],"wp:attachment":[{"href":"https:\/\/atecordoba.org\/index.php?rest_route=%2Fwp%2Fv2%2Fmedia&parent=9817"}],"wp:term":[{"taxonomy":"category","embeddable":true,"href":"https:\/\/atecordoba.org\/index.php?rest_route=%2Fwp%2Fv2%2Fcategories&post=9817"},{"taxonomy":"post_tag","embeddable":true,"href":"https:\/\/atecordoba.org\/index.php?rest_route=%2Fwp%2Fv2%2Ftags&post=9817"}],"curies":[{"name":"wp","href":"https:\/\/api.w.org\/{rel}","templated":true}]}}