{"id":9779,"date":"2018-02-21T09:51:49","date_gmt":"2018-02-21T12:51:49","guid":{"rendered":"http:\/\/www.atecordoba.org\/?p=9779"},"modified":"2020-06-09T16:51:02","modified_gmt":"2020-06-09T19:51:02","slug":"plenario-de-delegados-en-la-seccional-rio-cuarto","status":"publish","type":"post","link":"https:\/\/atecordoba.org\/?p=9779","title":{"rendered":"Plenario de delegados en la seccional R\u00edo Cuarto"},"content":{"rendered":"<p><em>Se est\u00e1 realizando desde las 9 horas un encuentro de nacionales, provinciales y municipales estatales en el sur provincial, con la presencia de la secretaria General de ATE C\u00f3rdoba Liliana Salerno.<\/em><\/p>\n<p><img loading=\"lazy\" decoding=\"async\" class=\"aligncenter size-full wp-image-9780\" src=\"http:\/\/atecordoba.org\/wp-content\/uploads\/2020\/06\/plenario-21-2-2018-e1519216031442.jpg\" alt=\"\" width=\"550\" height=\"389\"><\/p>\n<p>El Plenario se realiza en el marco del plan de lucha que ATE viene llevando a cabo para frenar el ajuste en el Estado, por paritarias sin techo, fin de los despidos y reincorporaci\u00f3n inmediata de cada compa\u00f1ero que haya perdido su puesto de trabajo.&nbsp;<\/p>\n<p>Tal como declar\u00f3 a la prensa el secretario General de ATE R\u00edo Cuarto, Walter Avalos, en oportunidad de realizarse el paro nacional del pasado 15 de febrero, &#8220;esto tiene que ver con la continuidad del plan de lucha, con los despidos en distintos organismos del Estado nacional, sea Inti, Senasa o Fabricaciones Militares.&nbsp; Vemos una falta de compromiso del gobierno nacional y de las autoridades de los distintos organismos, que en algunos casos asumieron los \u00faltimos seis meses, no son de carrera y no conocen los organismos. Por caso, el Senasa est\u00e1 ac\u00e9falo y el ministro de Agroindustria es Etchevere viene de la Sociedad Rural, que es la patronal. El gobierno nacional est\u00e1 duro en esta postura y deslegitima el rol de los trabajadores estatales&#8221;.&nbsp;<\/p>\n<p>&nbsp;<\/p>\n","protected":false},"excerpt":{"rendered":"<p>Se est\u00e1 realizando desde las 9 horas un encuentro de nacionales, provinciales y municipales estatales en el sur provincial, con la presencia de la secretaria General de ATE C\u00f3rdoba Liliana Salerno. El Plenario se realiza en el marco del plan de lucha que ATE viene llevando a cabo para frenar el ajuste en el Estado, [&hellip;]<\/p>\n","protected":false},"author":1,"featured_media":19220,"comment_status":"open","ping_status":"open","sticky":false,"template":"","format":"standard","meta":{"_exactmetrics_skip_tracking":false,"_exactmetrics_sitenote_active":false,"_exactmetrics_sitenote_note":"","_exactmetrics_sitenote_category":0,"jnews-multi-image_gallery":[],"jnews_single_post":[],"jnews_primary_category":[],"jnews_social_meta":[],"jnews_review":[],"enable_review":"","type":"","name":"","summary":"","brand":"","sku":"","good":[],"bad":[],"score_override":"","override_value":"","rating":[],"price":[],"jnews_override_counter":[],"jnews_post_split":[],"footnotes":""},"categories":[12,34],"tags":[],"class_list":["post-9779","post","type-post","status-publish","format-standard","has-post-thumbnail","hentry","category-rio-cuarto","category-seccionales"],"jetpack_featured_media_url":"https:\/\/atecordoba.org\/wp-content\/uploads\/2020\/05\/logo-nuevochico-e1561581322808.png","_links":{"self":[{"href":"https:\/\/atecordoba.org\/index.php?rest_route=\/wp\/v2\/posts\/9779","targetHints":{"allow":["GET"]}}],"collection":[{"href":"https:\/\/atecordoba.org\/index.php?rest_route=\/wp\/v2\/posts"}],"about":[{"href":"https:\/\/atecordoba.org\/index.php?rest_route=\/wp\/v2\/types\/post"}],"author":[{"embeddable":true,"href":"https:\/\/atecordoba.org\/index.php?rest_route=\/wp\/v2\/users\/1"}],"replies":[{"embeddable":true,"href":"https:\/\/atecordoba.org\/index.php?rest_route=%2Fwp%2Fv2%2Fcomments&post=9779"}],"version-history":[{"count":1,"href":"https:\/\/atecordoba.org\/index.php?rest_route=\/wp\/v2\/posts\/9779\/revisions"}],"predecessor-version":[{"id":20085,"href":"https:\/\/atecordoba.org\/index.php?rest_route=\/wp\/v2\/posts\/9779\/revisions\/20085"}],"wp:featuredmedia":[{"embeddable":true,"href":"https:\/\/atecordoba.org\/index.php?rest_route=\/wp\/v2\/media\/19220"}],"wp:attachment":[{"href":"https:\/\/atecordoba.org\/index.php?rest_route=%2Fwp%2Fv2%2Fmedia&parent=9779"}],"wp:term":[{"taxonomy":"category","embeddable":true,"href":"https:\/\/atecordoba.org\/index.php?rest_route=%2Fwp%2Fv2%2Fcategories&post=9779"},{"taxonomy":"post_tag","embeddable":true,"href":"https:\/\/atecordoba.org\/index.php?rest_route=%2Fwp%2Fv2%2Ftags&post=9779"}],"curies":[{"name":"wp","href":"https:\/\/api.w.org\/{rel}","templated":true}]}}