{"id":9756,"date":"2018-02-16T12:01:33","date_gmt":"2018-02-16T15:01:33","guid":{"rendered":"http:\/\/www.atecordoba.org\/?p=9756"},"modified":"2018-02-16T12:01:33","modified_gmt":"2018-02-16T15:01:33","slug":"paro-nacional-basta-de-despidos-y-de-ajuste","status":"publish","type":"post","link":"https:\/\/atecordoba.org\/?p=9756","title":{"rendered":"Paro Nacional: \u00a1Basta de despidos y de ajuste!"},"content":{"rendered":"<p class=\"copete\"><em>ATE y la CTA-A movilizaron en todo el pa\u00eds junto a una gran cantidad de organizaciones sindicales y sociales para enfrentar al ajuste.<\/em><\/p>\n<p><img loading=\"lazy\" decoding=\"async\" class=\"aligncenter size-full wp-image-9766\" src=\"http:\/\/www.atecordoba.org\/wp-content\/uploads\/2018\/02\/11786_7380-e1518792615920.jpg\" alt=\"\" width=\"550\" height=\"367\"><\/p>\n<p style=\"font-weight: 400;\">En Capital Federal, y desde primeras horas de la ma\u00f1ana, ATE, la CTA-A y un gran n\u00famero organizaciones sociales y gremiales concentraron en cuatro puntos estrat\u00e9gicos de la regi\u00f3n metropolitana, en el marco de la Jornada Nacional de Lucha y el Paro Nacional de estatales. Decenas y decenas de colectivos, autos y camionetas inundaron los principales accesos para visibilizar el reclamo contra la pol\u00edtica econ\u00f3mica de ajuste y despidos masivos, con la que el Gobierno de Macri junto a gobernadores e intendentes, golpea a la clase trabajadora.<\/p>\n<p><img loading=\"lazy\" decoding=\"async\" class=\"aligncenter size-full wp-image-9767\" src=\"http:\/\/www.atecordoba.org\/wp-content\/uploads\/2018\/02\/11786_7381-e1518792645948.jpg\" alt=\"\" width=\"550\" height=\"367\"><\/p>\n<p style=\"font-weight: 400;\">Las columnas partieron desde INTI (General Paz y Av. Constituyentes), Hospital Posadas, Puente 12 (en Autopista Ricchieri y General Paz) y Puente Pueyrred\u00f3n en Avellaneda, para confluir en Av. de Mayo y Av. 9 de Julio. Desde all\u00ed, m\u00e1s de 15 mil trabajadores y trabajadoras marcharon hacia Plaza de Mayo, donde se realiz\u00f3 un acto central.<\/p>\n<div class=\"epyt-video-wrapper\"><iframe loading=\"lazy\"  style=\"display: block; margin: 0px auto;\"  id=\"_ytid_12031\"  width=\"480\" height=\"270\"  data-origwidth=\"480\" data-origheight=\"270\" src=\"https:\/\/www.youtube.com\/embed\/ddU9D7Mg9qw?enablejsapi=1&#038;autoplay=0&#038;cc_load_policy=0&#038;cc_lang_pref=&#038;iv_load_policy=3&#038;loop=0&#038;rel=0&#038;fs=1&#038;playsinline=0&#038;autohide=2&#038;theme=dark&#038;color=red&#038;controls=1&#038;disablekb=0&#038;\" class=\"__youtube_prefs__  epyt-is-override  no-lazyload\" title=\"YouTube player\"  allow=\"fullscreen; accelerometer; autoplay; clipboard-write; encrypted-media; gyroscope; picture-in-picture; web-share\" referrerpolicy=\"strict-origin-when-cross-origin\" allowfullscreen data-no-lazy=\"1\" data-skipgform_ajax_framebjll=\"\"><\/iframe><\/div>\n<p style=\"font-weight: 400;\"><span style=\"font-style: inherit; font-weight: inherit;\">Al comienzo del acto, Nora Corti\u00f1as, Madre de Plaza de Mayo, alent\u00f3 a los presentes: \u201cHijos e hijas nuestras, est\u00e1n aqu\u00ed con ustedes los 30 mil detenidos desaparecidos presentes. En nombre de las Madres de Plaza de Mayo L\u00ednea Fundadora pedimos la reincorporaci\u00f3n inmediata de todos los despedidos. Todos y todas son imprescindibles. No sobra nadie. Todos los que estamos luchando somos imprescindibles\u201d.<\/span><\/p>\n<p><img loading=\"lazy\" decoding=\"async\" class=\"aligncenter size-full wp-image-9768\" src=\"http:\/\/www.atecordoba.org\/wp-content\/uploads\/2018\/02\/11786_7379-e1518792690761.jpg\" alt=\"\" width=\"550\" height=\"367\"><\/p>\n<p style=\"font-weight: 400;\"><span style=\"font-style: inherit; font-weight: inherit;\">Tom\u00f3 la palabra entonces el Secretario General de ATE Nacional, Hugo \u2018Cachorro\u2019 Godoy, quien dijo: \u201cHoy hay Paro Nacional y Movilizaci\u00f3n desde Tierra del Fuego, hasta la Quiaca. Porque ninguno de los dirigentes sindicales y sociales que estamos ac\u00e1 tenemos empresas. Tenemos sindicatos y organizaciones que representan a trabajadores y trabajadoras que decidimos en asamblea y bancamos a nuestros delegados y delegadas. Hoy todas las organizaciones que convocamos a este Paro representamos cada uno de los conflictos contra los despidos, contra los cierres de f\u00e1brica, contra el lockout patronal, para que se declare la emergencia alimentaria porque hay hambre en nuestro pa\u00eds, para que se cumpla con la emergencia social\u201d.<\/span><\/p>\n<p><img loading=\"lazy\" decoding=\"async\" class=\"aligncenter size-full wp-image-9769\" src=\"http:\/\/www.atecordoba.org\/wp-content\/uploads\/2018\/02\/11786_7364-e1518792715862.jpg\" alt=\"\" width=\"550\" height=\"367\"><\/p>\n<p style=\"font-weight: 400;\"><span style=\"font-style: inherit; font-weight: inherit;\">\u201cSomos hoy m\u00e1s de 15 mil trabajadores y trabajadoras movilizados aqu\u00ed, en esta Av. de Mayo. Y, si sumamos a las movilizaciones de todo el pa\u00eds, somos m\u00e1s de 300 mil moviliz\u00e1ndonos en este d\u00eda en todo el territorio nacional. Estamos orgullosos de este espacio que desde el 6 de diciembre venimos construyendo con todas las organizaciones que hoy estamos presentes. Los que aqu\u00ed estamos vinimos a decir que si a este Paro y a esta Movilizaci\u00f3n no hay respuesta, la continuidad ser\u00e1 profundizar las medidas de fuerza\u201d, agreg\u00f3 Godoy.<\/span><\/p>\n<p><img loading=\"lazy\" decoding=\"async\" class=\"aligncenter size-full wp-image-9770\" src=\"http:\/\/www.atecordoba.org\/wp-content\/uploads\/2018\/02\/11786_7377-e1518792739948.jpg\" alt=\"\" width=\"550\" height=\"367\"><\/p>\n<p style=\"font-weight: 400;\"><span style=\"font-style: inherit; font-weight: inherit;\">Rafael Vargas, Secretario General del Sindicato de Obreros y Empleados del Az\u00facar del Ingenio Ledesma y dirigente de la Federaci\u00f3n Azucarera Regional, manifest\u00f3: \u201cVenimos de Salta y Jujuy, representando a la Federaci\u00f3n Azucarera Regional que, ante este avasallamiento, ha preparado una caravana para el d\u00eda lunes 19, que va transitar m\u00e1s de 200 kil\u00f3metros para visibilizar nuestro conflicto. Junto a la CTA-A y al resto de las organizaciones hermanas, vamos a hacer la movida del lunes esperando que todos puedan adherirse para hacerle entender a este Gobierno que no estamos dispuestos a quedarnos de rodillas ni a aceptar las pol\u00edticas de ajuste, ni en el Estado, ni en el sector privado. \u00a1Fuerza compa\u00f1eros! \u00a1A seguir luchando! Esa es la \u00fanica esperanza para poder vencer al capitalismo\u201d.<\/span><\/p>\n<p><img loading=\"lazy\" decoding=\"async\" class=\"aligncenter size-full wp-image-9771\" src=\"http:\/\/www.atecordoba.org\/wp-content\/uploads\/2018\/02\/11786_7357-e1518792767835.jpg\" alt=\"\" width=\"550\" height=\"367\"><\/p>\n<p style=\"font-weight: 400;\"><span style=\"font-style: inherit; font-weight: inherit;\">Fue el turno luego de los compa\u00f1eros de ATE INTI: Francisco Dolmann, referente del sector, dijo: \u201cNo sobra nadie en el INTI, no sobra nadie en el Estado. Nosotros llevamos 21 d\u00edas de acampe, de permanencia en la instituci\u00f3n. El INTI marc\u00f3 un camino que tiene que ver con la organizaci\u00f3n, con la lucha, con el compa\u00f1erismo y la solidaridad. El ataque en nuestro organismo fue tan profundo que se est\u00e1n llevando a 40 compa\u00f1eros delegados. Pero todos los despedidos est\u00e1n adentro compartiendo las asambleas con nosotros, fortaleciendo el Paro que para nosotros comenz\u00f3 ayer con una asamblea de 1.200 compa\u00f1eros y compa\u00f1eras de trabajo que aprobaron un Paro para ayer, hoy y ma\u00f1ana\u201d.<\/span><\/p>\n<p><img loading=\"lazy\" decoding=\"async\" class=\"aligncenter size-full wp-image-9772\" src=\"http:\/\/www.atecordoba.org\/wp-content\/uploads\/2018\/02\/11786_7360-e1518792792848.jpg\" alt=\"\" width=\"550\" height=\"367\"><\/p>\n<p style=\"font-weight: 400;\"><span style=\"font-style: inherit; font-weight: inherit;\">Por su parte, la compa\u00f1era de ATE INTI Giselle Santana asegur\u00f3: \u201cLos trabajadores y las trabajadoras del INTI sabemos que no estamos enfrentando a un ataque aislado. Nos sentimos parte de todas las luchas que los compa\u00f1eros y compa\u00f1eras est\u00e1n dando en todo el Estado. En el INTI somos los compa\u00f1eros y compa\u00f1eras del Hospital Posadas, somos los de Fabricaciones Militares, de R\u00edo Turbio, de SENASA, de todos los lugares donde hay despidos. Porque el ataque no es s\u00f3lo a un lugar: Ac\u00e1 hay un vaciamiento, una destrucci\u00f3n de todas las pol\u00edticas p\u00fablicas, de la Salud, de la Educaci\u00f3n, de la Ciencia y la Tecnolog\u00eda, de la Industria\u201d.<\/span><\/p>\n<p><img loading=\"lazy\" decoding=\"async\" class=\"aligncenter size-full wp-image-9773\" src=\"http:\/\/www.atecordoba.org\/wp-content\/uploads\/2018\/02\/11786_7367-e1518792817603.jpg\" alt=\"\" width=\"550\" height=\"367\"><\/p>\n<p style=\"font-weight: 400;\"><span style=\"font-style: inherit; font-weight: inherit;\">Hizo uso de la palabra tambi\u00e9n la compa\u00f1era Mirta Jaime, Presidenta de CICOP Hospital Posadas, que explic\u00f3: \u201cEl Hospital Posadas se defiende. El Hospital Posadas no se vende. El Hospital Posadas hoy tiene m\u00e1s de 122 nuevos despidos, pero que suman 642 despidos desde marzo de 2016. Hoy les decimos al Gobierno de Macri y de Cambiemos, que no estamos dispuestos a seguir con este plan de ajuste. Les estamos presentando resistencia. Hoy les estamos diciendo que no queremos m\u00e1s despidos y que estamos dispuestos a defender a la Salud P\u00fablica, Universal, Gratuita, de Calidad y para todos y todas. \u00a1La fuente de trabajo se defiende! Ya sean las fuentes de trabajo del Posadas, del INTI, de R\u00edo Turbio, de SENASA, de Uni\u00f3n Ferroviaria, de los ingenios, de cualquier lugar donde nos toquen, compa\u00f1eros y compa\u00f1eras\u201d.<\/span><\/p>\n<p><img loading=\"lazy\" decoding=\"async\" class=\"aligncenter size-full wp-image-9774\" src=\"http:\/\/www.atecordoba.org\/wp-content\/uploads\/2018\/02\/11786_7365-e1518792849365.jpg\" alt=\"\" width=\"550\" height=\"367\"><\/p>\n<p style=\"font-weight: 400;\"><span style=\"font-style: inherit; font-weight: inherit;\">En representaci\u00f3n de los compa\u00f1eros y compa\u00f1eras que llevan adelante la lucha por la defensa de los puestos de trabajo en Yacimientos Carbon\u00edferos R\u00edo Turbio, el compa\u00f1ero Cristian Gordillo, Secretario General Adjunto Seccional ATE R\u00edo Turbio, expres\u00f3: \u201cComo todos sabemos, a tres mil kil\u00f3metros tenemos un recurso natural que es el carb\u00f3n. Ese carb\u00f3n, para darle valor a los pueblos, se transforma en energ\u00eda para darle electricidad a cuatro provincias. Pero este Gobierno cree que eso es inviable. Nosotros le decimos a este Gobierno Nacional que lo \u00fanico que logr\u00f3 con Eduardo Costa, con Zeid\u00e1n, con Pancho Rold\u00e1n, fue encender la mecha de la resistencia. Les decimos basta a las pol\u00edticas de Mauricio Macri. En unidad y con organizaci\u00f3n vamos a lograr que esta lucha salga adelante\u201d.<\/span><\/p>\n<p><img loading=\"lazy\" decoding=\"async\" class=\"aligncenter size-full wp-image-9775\" src=\"http:\/\/www.atecordoba.org\/wp-content\/uploads\/2018\/02\/11786_7382-e1518792880410.jpg\" alt=\"\" width=\"550\" height=\"367\"><\/p>\n<p style=\"font-weight: 400;\"><span style=\"font-style: inherit; font-weight: inherit;\">Desde ATE SENASA, Gustavo Montiveros, referente del sector, relat\u00f3: \u201cEn el \u00faltimo d\u00eda h\u00e1bil del a\u00f1o pasado, fueron despedidos 130 trabajadores y trabajadoras del Servicio Nacional de Sanidad y Calidad Agroalimentaria \u2013SENASA-. A partir de ese momento, a lo largo y ancho del pa\u00eds, estamos movilizados para exigir la inmediata reincorporaci\u00f3n de los compa\u00f1eros y compa\u00f1eras, pero tambi\u00e9n para denunciar y poner en alerta a la poblaci\u00f3n sobre el achique de nuestro organismo, la tercerizaci\u00f3n de funciones, y el peligro sanitario para todos los ciudadanos y ciudadanas de nuestro pueblo que consumen productos de origen c\u00e1rnico o vegetal. Est\u00e1n sacando los controles del Estado y se los est\u00e1n dando a entes privados encabezados por la Sociedad Rural Argentina\u201d.<\/span><\/p>\n<p><img loading=\"lazy\" decoding=\"async\" class=\"aligncenter size-full wp-image-9776\" src=\"http:\/\/www.atecordoba.org\/wp-content\/uploads\/2018\/02\/11786_7368-e1518792915692.jpg\" alt=\"\" width=\"550\" height=\"367\"><\/p>\n<p style=\"font-weight: 400;\"><span style=\"font-style: inherit; font-weight: inherit;\">Tom\u00f3 tambi\u00e9n la palabra Romina Del Pl\u00e1, Secretaria General de SUTEBA La Matanza y Diputada Nacional, que asever\u00f3: \u201cFrente a los despidos masivos y al cierre de f\u00e1bricas se plantea fuertemente la necesidad de la ocupaci\u00f3n y de la huelga en todos los lugares que hoy est\u00e1n siendo atacados. Hemos visto c\u00f3mo, luego de la represi\u00f3n a esa enorme movilizaci\u00f3n del 18 de diciembre, la poblaci\u00f3n sali\u00f3 masivamente en los cacerolazos. Y hemos visto c\u00f3mo en Azul se levant\u00f3 la poblaci\u00f3n para acompa\u00f1ar a los fabriqueros. Vemos los paros comunitarios en la cuenca carbon\u00edfera de R\u00edo Turbio y 28 de Noviembre. El fen\u00f3meno de las puebladas muestra que el pueblo se levanta contra este plan de guerra contra los trabajadores\u201d.<\/span><\/p>\n<p style=\"font-weight: 400;\"><span style=\"font-style: inherit; font-weight: inherit;\">El siguiente orador fue Fernando \u2018Tato\u2019 Dondero, Secretario General del Sindicato de Prensa de Buenos Aires (SiPreBA), que se\u00f1al\u00f3: \u201cLas trabajadoras y los trabajadores de Prensa estamos en esta movilizaci\u00f3n porque es la movilizaci\u00f3n de los conflictos, porque es la marcha de la lucha, porque es la presencia necesaria de las trabajadoras y los trabajadores para cambiar el curso de este pa\u00eds. Empresa a empresa hemos perdido casi dos mil puestos de trabajo en la Ciudad de Buenos Aires desde que Cambiemos es Gobierno. Cierres, despidos, retiros voluntarios, jubilaciones anticipadas: Esa es la pol\u00edtica de las patronales. Cada vez hay menos voces y menos democracia para decir lo que pasa en nuestro pa\u00eds. Por eso estamos en esta y en todas las luchas. La nueva ofensiva que estamos padeciendo es sobre los medios p\u00fablicos: Despidos en Radio Nacional y retiros voluntarios en T\u00e9lam, Radio Nacional y en la TV P\u00fablica\u201d.<\/span><\/p>\n<p><img loading=\"lazy\" decoding=\"async\" class=\"aligncenter size-full wp-image-9777\" src=\"http:\/\/www.atecordoba.org\/wp-content\/uploads\/2018\/02\/11786_7361-e1518793250526.jpg\" alt=\"\" width=\"550\" height=\"367\"><\/p>\n<p style=\"font-weight: 400;\"><span style=\"font-style: inherit; font-weight: inherit;\">Fredy Mari\u00f1o, dirigente de la Corriente Clasista y Combativa (CCC), asegur\u00f3: \u201cCompa\u00f1eras y compa\u00f1eros, \u00a1qu\u00e9 ejemplo de unidad! Porque la Patria est\u00e1 en peligro. Hoy, 15 de febrero, los trabajadores desocupados, precarizados, y de la econom\u00eda popular, se movilizaron tambi\u00e9n a todas las gobernaciones. Ha sido tremenda la movilizaci\u00f3n frente a la Casa de Gobierno de la Provincia de Buenos Aires. Los oligarcas, los sinverg\u00fcenzas, los pro imperialistas que est\u00e1n de retiro espiritual en Chapadmalal, tienen que tener en cuenta a los cientos de miles de hombres y mujeres que hoy se han movilizado a lo largo y ancho del pa\u00eds\u201d.<\/span><\/p>\n<p style=\"font-weight: 400;\"><span style=\"font-style: inherit; font-weight: inherit;\">Por la Confederaci\u00f3n de Trabajadores de la Econom\u00eda Popular (CTEP), Rafael Klejzer dijo: \u201cEs un orgullo para nosotros, los trabajadores de la Econom\u00eda Popular, y nuestro sindicato la CTEP, estar aqu\u00ed nuevamente con ustedes. Alegres porque hemos encontrado y nos hemos cruzado a tantos compa\u00f1eros de lucha de muchos a\u00f1os. Compa\u00f1eros como Cachorro, el Colo y V\u00edctor, son ejemplo de coherencia y lucha. Queremos saludar a este Paro Activo de los estatales, porque imag\u00ednense qu\u00e9 har\u00eda nuestro sector, el de los trabajadores humildes de la Patria, sin un Estado fuerte, presente y con trabajadores comprometidos en una perspectiva emancipadora. Fortalecer al Estado desde esa perspectiva es trabajar por la Justicia Social, es defender a la soberan\u00eda nacional y es abrazar a los m\u00e1s humildes, a los ni\u00f1os, a los ancianos. Es tender una mano. Ese es el Estado que tenemos que recuperar\u201d.<\/span><\/p>\n<p style=\"font-weight: 400;\"><span style=\"font-style: inherit; font-weight: inherit;\">Por su parte, Jorge Adaro, Secretario General ADEMYS Capital Federal, salud\u00f3: \u201cEn nombre de la docencia de la Ciudad de Buenos Aires quiero reiterar el saludo con absoluta emoci\u00f3n y respeto a los trabajadores del INTI, del Hospital Posadas, de FANAZUL, del tabaco, de los ingenios del norte. En el saludo a estos compa\u00f1eros queremos expresar el saludo a los miles y miles de compa\u00f1eros que hoy, en esta inmensa jornada de Paro, se han movilizado en todo el pa\u00eds. Esta es una jornada ejemplar que va en el curso de avanzar en nuestro fuerte repudio y lucha contra el ajuste del Gobierno Nacional acompa\u00f1ado por todos los gobernadores. Repudiamos y combatimos a ese ajuste, compa\u00f1eras y compa\u00f1eros\u201d.<\/span><\/p>\n<p style=\"font-weight: 400;\"><span style=\"font-style: inherit; font-weight: inherit;\">Walter C\u00f3rdoba, referente de Barrios de Pie, asinti\u00f3: \u201cEs un honor poder estar ac\u00e1, una vez m\u00e1s en la calle, reclamando por la emergencia alimentaria para nuestros comedores comunitarios, para los comedores escolares. No puede ser que, en este pa\u00eds, tengamos los niveles de pobreza que tenemos, los niveles de indigencia que tenemos. Eso se debe a una decisi\u00f3n pol\u00edtica de nuestras \u00e9lites. Es la misma decisi\u00f3n pol\u00edtica que quiere despidos en el Estado, que quiere un Estado m\u00ednimo. Nosotros queremos un Estado presente, un Estado que fortalezca derechos\u201d.<\/span><\/p>\n<p style=\"font-weight: 400;\"><span style=\"font-style: inherit; font-weight: inherit;\">Finalmente, Ricardo Peidro, Secretario Adjunto CTA-A a nivel nacional, cerr\u00f3 el acto: \u201cEsta es la CTA Aut\u00f3noma, a la cual no hay que exigirle paros. El Paro se decidi\u00f3 en las asambleas y plenarios, y hoy todos los sindicatos de nuestra Central est\u00e1n movilizados en todo el pa\u00eds. La jornada de lucha incluye a compa\u00f1eros estatales, docentes, trabajadores de la salud y de la actividad privada. Estamos movilizados todos y cada uno de los que decidimos no dar m\u00e1s plazos. Se acabaron los tiempos. A nosotros no nos corren con carpetazos\u201d.<\/span><\/p>\n<p style=\"font-weight: 400;\"><span style=\"font-style: inherit; font-weight: inherit;\">El dirigente de la CTA-A adem\u00e1s dijo: \u201cLa resistencia y oposici\u00f3n a este Gobierno tienen nombre y apellido, y es el de todas las organizaciones populares. Pero tambi\u00e9n tiene c\u00f3mplices, y el c\u00f3mplice fundamental es un modelo sindical que la CTA Aut\u00f3noma viene repudiando desde su nacimiento. Es un modelo sindical empresario que, a la hora de los bifes \u2013como fue en la d\u00e9cada del \u201890-, no supo dar respuesta\u201d.<\/span><\/p>\n<p style=\"font-weight: 400;\"><span style=\"font-style: inherit; font-weight: inherit;\">Peidro luego adelant\u00f3 el acompa\u00f1amiento de la CTA-A a la caravana que el 19 de febrero protagonizar\u00e1n los trabajadores nucleados en la Federaci\u00f3n Azucarera Regional de Jujuy y Salta. Los trabajadores de los ingenios juje\u00f1os R\u00edo Grande, Ledesma y La Esperanza, y de los salte\u00f1os San Mart\u00edn del Tabacal y San Isidro vienen resistiendo una ola de despidos, que ya alcanzar\u00eda los tres mil en el sector.<\/span><\/p>\n<p style=\"font-weight: 400;\"><span style=\"font-style: inherit; font-weight: inherit;\">\u201cEste es solo el comienzo. Si no se corrigen las pol\u00edticas \u2013sobre lo cual, tenemos pocas expectativas-, vamos a recorre el pa\u00eds y a decretar un Paro Nacional Activo. Y que se sumen los que quieran luchar, los que sostienen sus dichos con las acciones. Hay que sostener con el cuero lo que se dice. \u00a1Viva la clase trabajadora! \u00a1Vivan las organizaciones sociales y sindicales que resisten! \u00a1Viva la CTA Aut\u00f3noma!\u201d, cerr\u00f3 entre aplausos el dirigente de la Central.<\/span><\/p>\n<p style=\"font-weight: 400;\">En Capital Federal, y desde primeras horas de la ma\u00f1ana, ATE, la CTA-A y un gran n\u00famero organizaciones sociales y gremiales concentraron en cuatro puntos estrat\u00e9gicos de la regi\u00f3n metropolitana, en el marco de la Jornada Nacional de Lucha y el Paro Nacional de estatales. Decenas y decenas de colectivos, autos y camionetas inundaron los principales accesos para visibilizar el reclamo contra la pol\u00edtica econ\u00f3mica de ajuste y despidos masivos, con la que el Gobierno de Macri junto a gobernadores e intendentes, golpea a la clase trabajadora.<\/p>\n<p style=\"font-weight: 400;\">Las columnas partieron desde INTI (General Paz y Av. Constituyentes), Hospital Posadas, Puente 12 (en Autopista Ricchieri y General Paz) y Puente Pueyrred\u00f3n en Avellaneda, para confluir en Av. de Mayo y Av. 9 de Julio. Desde all\u00ed, m\u00e1s de 15 mil trabajadores y trabajadoras marcharon hacia Plaza de Mayo, donde se realiz\u00f3 un acto central.<\/p>\n<p style=\"font-weight: 400;\"><span style=\"font-style: inherit; font-weight: inherit;\">Al comienzo del acto, Nora Corti\u00f1as, Madre de Plaza de Mayo, alent\u00f3 a los presentes: \u201cHijos e hijas nuestras, est\u00e1n aqu\u00ed con ustedes los 30 mil detenidos desaparecidos presentes. En nombre de las Madres de Plaza de Mayo L\u00ednea Fundadora pedimos la reincorporaci\u00f3n inmediata de todos los despedidos. Todos y todas son imprescindibles. No sobra nadie. Todos los que estamos luchando somos imprescindibles\u201d.<\/span><\/p>\n<p style=\"font-weight: 400;\"><span style=\"font-style: inherit; font-weight: inherit;\">Tom\u00f3 la palabra entonces el Secretario General de ATE Nacional, Hugo \u2018Cachorro\u2019 Godoy, quien dijo: \u201cHoy hay Paro Nacional y Movilizaci\u00f3n desde Tierra del Fuego, hasta la Quiaca. Porque ninguno de los dirigentes sindicales y sociales que estamos ac\u00e1 tenemos empresas. Tenemos sindicatos y organizaciones que representan a trabajadores y trabajadoras que decidimos en asamblea y bancamos a nuestros delegados y delegadas. Hoy todas las organizaciones que convocamos a este Paro representamos cada uno de los conflictos contra los despidos, contra los cierres de f\u00e1brica, contra el lockout patronal, para que se declare la emergencia alimentaria porque hay hambre en nuestro pa\u00eds, para que se cumpla con la emergencia social\u201d.<\/span><\/p>\n<p style=\"font-weight: 400;\"><span style=\"font-style: inherit; font-weight: inherit;\">\u201cSomos hoy m\u00e1s de 15 mil trabajadores y trabajadoras movilizados aqu\u00ed, en esta Av. de Mayo. Y, si sumamos a las movilizaciones de todo el pa\u00eds, somos m\u00e1s de 300 mil moviliz\u00e1ndonos en este d\u00eda en todo el territorio nacional. Estamos orgullosos de este espacio que desde el 6 de diciembre venimos construyendo con todas las organizaciones que hoy estamos presentes. Los que aqu\u00ed estamos vinimos a decir que si a este Paro y a esta Movilizaci\u00f3n no hay respuesta, la continuidad ser\u00e1 profundizar las medidas de fuerza\u201d, agreg\u00f3 Godoy.<\/span><\/p>\n<p style=\"font-weight: 400;\"><span style=\"font-style: inherit; font-weight: inherit;\">Rafael Vargas, Secretario General del Sindicato de Obreros y Empleados del Az\u00facar del Ingenio Ledesma y dirigente de la Federaci\u00f3n Azucarera Regional, manifest\u00f3: \u201cVenimos de Salta y Jujuy, representando a la Federaci\u00f3n Azucarera Regional que, ante este avasallamiento, ha preparado una caravana para el d\u00eda lunes 19, que va transitar m\u00e1s de 200 kil\u00f3metros para visibilizar nuestro conflicto. Junto a la CTA-A y al resto de las organizaciones hermanas, vamos a hacer la movida del lunes esperando que todos puedan adherirse para hacerle entender a este Gobierno que no estamos dispuestos a quedarnos de rodillas ni a aceptar las pol\u00edticas de ajuste, ni en el Estado, ni en el sector privado. \u00a1Fuerza compa\u00f1eros! \u00a1A seguir luchando! Esa es la \u00fanica esperanza para poder vencer al capitalismo\u201d.<\/span><\/p>\n<p style=\"font-weight: 400;\"><span style=\"font-style: inherit; font-weight: inherit;\">Fue el turno luego de los compa\u00f1eros de ATE INTI: Francisco Dolmann, referente del sector, dijo: \u201cNo sobra nadie en el INTI, no sobra nadie en el Estado. Nosotros llevamos 21 d\u00edas de acampe, de permanencia en la instituci\u00f3n. El INTI marc\u00f3 un camino que tiene que ver con la organizaci\u00f3n, con la lucha, con el compa\u00f1erismo y la solidaridad. El ataque en nuestro organismo fue tan profundo que se est\u00e1n llevando a 40 compa\u00f1eros delegados. Pero todos los despedidos est\u00e1n adentro compartiendo las asambleas con nosotros, fortaleciendo el Paro que para nosotros comenz\u00f3 ayer con una asamblea de 1.200 compa\u00f1eros y compa\u00f1eras de trabajo que aprobaron un Paro para ayer, hoy y ma\u00f1ana\u201d.<\/span><\/p>\n<p style=\"font-weight: 400;\"><span style=\"font-style: inherit; font-weight: inherit;\">Por su parte, la compa\u00f1era de ATE INTI Giselle Santana asegur\u00f3: \u201cLos trabajadores y las trabajadoras del INTI sabemos que no estamos enfrentando a un ataque aislado. Nos sentimos parte de todas las luchas que los compa\u00f1eros y compa\u00f1eras est\u00e1n dando en todo el Estado. En el INTI somos los compa\u00f1eros y compa\u00f1eras del Hospital Posadas, somos los de Fabricaciones Militares, de R\u00edo Turbio, de SENASA, de todos los lugares donde hay despidos. Porque el ataque no es s\u00f3lo a un lugar: Ac\u00e1 hay un vaciamiento, una destrucci\u00f3n de todas las pol\u00edticas p\u00fablicas, de la Salud, de la Educaci\u00f3n, de la Ciencia y la Tecnolog\u00eda, de la Industria\u201d.<\/span><\/p>\n<p style=\"font-weight: 400;\"><span style=\"font-style: inherit; font-weight: inherit;\">Hizo uso de la palabra tambi\u00e9n la compa\u00f1era Mirta Jaime, Presidenta de CICOP Hospital Posadas, que explic\u00f3: \u201cEl Hospital Posadas se defiende. El Hospital Posadas no se vende. El Hospital Posadas hoy tiene m\u00e1s de 122 nuevos despidos, pero que suman 642 despidos desde marzo de 2016. Hoy les decimos al Gobierno de Macri y de Cambiemos, que no estamos dispuestos a seguir con este plan de ajuste. Les estamos presentando resistencia. Hoy les estamos diciendo que no queremos m\u00e1s despidos y que estamos dispuestos a defender a la Salud P\u00fablica, Universal, Gratuita, de Calidad y para todos y todas. \u00a1La fuente de trabajo se defiende! Ya sean las fuentes de trabajo del Posadas, del INTI, de R\u00edo Turbio, de SENASA, de Uni\u00f3n Ferroviaria, de los ingenios, de cualquier lugar donde nos toquen, compa\u00f1eros y compa\u00f1eras\u201d.<\/span><\/p>\n<p style=\"font-weight: 400;\"><span style=\"font-style: inherit; font-weight: inherit;\">En representaci\u00f3n de los compa\u00f1eros y compa\u00f1eras que llevan adelante la lucha por la defensa de los puestos de trabajo en Yacimientos Carbon\u00edferos R\u00edo Turbio, el compa\u00f1ero Cristian Gordillo, Secretario General Adjunto Seccional ATE R\u00edo Turbio, expres\u00f3: \u201cComo todos sabemos, a tres mil kil\u00f3metros tenemos un recurso natural que es el carb\u00f3n. Ese carb\u00f3n, para darle valor a los pueblos, se transforma en energ\u00eda para darle electricidad a cuatro provincias. Pero este Gobierno cree que eso es inviable. Nosotros le decimos a este Gobierno Nacional que lo \u00fanico que logr\u00f3 con Eduardo Costa, con Zeid\u00e1n, con Pancho Rold\u00e1n, fue encender la mecha de la resistencia. Les decimos basta a las pol\u00edticas de Mauricio Macri. En unidad y con organizaci\u00f3n vamos a lograr que esta lucha salga adelante\u201d.<\/span><\/p>\n<p style=\"font-weight: 400;\"><span style=\"font-style: inherit; font-weight: inherit;\">Desde ATE SENASA, Gustavo Montiveros, referente del sector, relat\u00f3: \u201cEn el \u00faltimo d\u00eda h\u00e1bil del a\u00f1o pasado, fueron despedidos 130 trabajadores y trabajadoras del Servicio Nacional de Sanidad y Calidad Agroalimentaria \u2013SENASA-. A partir de ese momento, a lo largo y ancho del pa\u00eds, estamos movilizados para exigir la inmediata reincorporaci\u00f3n de los compa\u00f1eros y compa\u00f1eras, pero tambi\u00e9n para denunciar y poner en alerta a la poblaci\u00f3n sobre el achique de nuestro organismo, la tercerizaci\u00f3n de funciones, y el peligro sanitario para todos los ciudadanos y ciudadanas de nuestro pueblo que consumen productos de origen c\u00e1rnico o vegetal. Est\u00e1n sacando los controles del Estado y se los est\u00e1n dando a entes privados encabezados por la Sociedad Rural Argentina\u201d.<\/span><\/p>\n<p style=\"font-weight: 400;\"><span style=\"font-style: inherit; font-weight: inherit;\">Tom\u00f3 tambi\u00e9n la palabra Romina Del Pl\u00e1, Secretaria General de SUTEBA La Matanza y Diputada Nacional, que asever\u00f3: \u201cFrente a los despidos masivos y al cierre de f\u00e1bricas se plantea fuertemente la necesidad de la ocupaci\u00f3n y de la huelga en todos los lugares que hoy est\u00e1n siendo atacados. Hemos visto c\u00f3mo, luego de la represi\u00f3n a esa enorme movilizaci\u00f3n del 18 de diciembre, la poblaci\u00f3n sali\u00f3 masivamente en los cacerolazos. Y hemos visto c\u00f3mo en Azul se levant\u00f3 la poblaci\u00f3n para acompa\u00f1ar a los fabriqueros. Vemos los paros comunitarios en la cuenca carbon\u00edfera de R\u00edo Turbio y 28 de Noviembre. El fen\u00f3meno de las puebladas muestra que el pueblo se levanta contra este plan de guerra contra los trabajadores\u201d.<\/span><\/p>\n<p style=\"font-weight: 400;\"><span style=\"font-style: inherit; font-weight: inherit;\">El siguiente orador fue Fernando \u2018Tato\u2019 Dondero, Secretario General del Sindicato de Prensa de Buenos Aires (SiPreBA), que se\u00f1al\u00f3: \u201cLas trabajadoras y los trabajadores de Prensa estamos en esta movilizaci\u00f3n porque es la movilizaci\u00f3n de los conflictos, porque es la marcha de la lucha, porque es la presencia necesaria de las trabajadoras y los trabajadores para cambiar el curso de este pa\u00eds. Empresa a empresa hemos perdido casi dos mil puestos de trabajo en la Ciudad de Buenos Aires desde que Cambiemos es Gobierno. Cierres, despidos, retiros voluntarios, jubilaciones anticipadas: Esa es la pol\u00edtica de las patronales. Cada vez hay menos voces y menos democracia para decir lo que pasa en nuestro pa\u00eds. Por eso estamos en esta y en todas las luchas. La nueva ofensiva que estamos padeciendo es sobre los medios p\u00fablicos: Despidos en Radio Nacional y retiros voluntarios en T\u00e9lam, Radio Nacional y en la TV P\u00fablica\u201d.<\/span><\/p>\n<p style=\"font-weight: 400;\"><span style=\"font-style: inherit; font-weight: inherit;\">Fredy Mari\u00f1o, dirigente de la Corriente Clasista y Combativa (CCC), asegur\u00f3: \u201cCompa\u00f1eras y compa\u00f1eros, \u00a1qu\u00e9 ejemplo de unidad! Porque la Patria est\u00e1 en peligro. Hoy, 15 de febrero, los trabajadores desocupados, precarizados, y de la econom\u00eda popular, se movilizaron tambi\u00e9n a todas las gobernaciones. Ha sido tremenda la movilizaci\u00f3n frente a la Casa de Gobierno de la Provincia de Buenos Aires. Los oligarcas, los sinverg\u00fcenzas, los pro imperialistas que est\u00e1n de retiro espiritual en Chapadmalal, tienen que tener en cuenta a los cientos de miles de hombres y mujeres que hoy se han movilizado a lo largo y ancho del pa\u00eds\u201d.<\/span><\/p>\n<p style=\"font-weight: 400;\"><span style=\"font-style: inherit; font-weight: inherit;\">Por la Confederaci\u00f3n de Trabajadores de la Econom\u00eda Popular (CTEP), Rafael Klejzer dijo: \u201cEs un orgullo para nosotros, los trabajadores de la Econom\u00eda Popular, y nuestro sindicato la CTEP, estar aqu\u00ed nuevamente con ustedes. Alegres porque hemos encontrado y nos hemos cruzado a tantos compa\u00f1eros de lucha de muchos a\u00f1os. Compa\u00f1eros como Cachorro, el Colo y V\u00edctor, son ejemplo de coherencia y lucha. Queremos saludar a este Paro Activo de los estatales, porque imag\u00ednense qu\u00e9 har\u00eda nuestro sector, el de los trabajadores humildes de la Patria, sin un Estado fuerte, presente y con trabajadores comprometidos en una perspectiva emancipadora. Fortalecer al Estado desde esa perspectiva es trabajar por la Justicia Social, es defender a la soberan\u00eda nacional y es abrazar a los m\u00e1s humildes, a los ni\u00f1os, a los ancianos. Es tender una mano. Ese es el Estado que tenemos que recuperar\u201d.<\/span><\/p>\n<p style=\"font-weight: 400;\"><span style=\"font-style: inherit; font-weight: inherit;\">Por su parte, Jorge Adaro, Secretario General ADEMYS Capital Federal, salud\u00f3: \u201cEn nombre de la docencia de la Ciudad de Buenos Aires quiero reiterar el saludo con absoluta emoci\u00f3n y respeto a los trabajadores del INTI, del Hospital Posadas, de FANAZUL, del tabaco, de los ingenios del norte. En el saludo a estos compa\u00f1eros queremos expresar el saludo a los miles y miles de compa\u00f1eros que hoy, en esta inmensa jornada de Paro, se han movilizado en todo el pa\u00eds. Esta es una jornada ejemplar que va en el curso de avanzar en nuestro fuerte repudio y lucha contra el ajuste del Gobierno Nacional acompa\u00f1ado por todos los gobernadores. Repudiamos y combatimos a ese ajuste, compa\u00f1eras y compa\u00f1eros\u201d.<\/span><\/p>\n<p style=\"font-weight: 400;\"><span style=\"font-style: inherit; font-weight: inherit;\">Walter C\u00f3rdoba, referente de Barrios de Pie, asinti\u00f3: \u201cEs un honor poder estar ac\u00e1, una vez m\u00e1s en la calle, reclamando por la emergencia alimentaria para nuestros comedores comunitarios, para los comedores escolares. No puede ser que, en este pa\u00eds, tengamos los niveles de pobreza que tenemos, los niveles de indigencia que tenemos. Eso se debe a una decisi\u00f3n pol\u00edtica de nuestras \u00e9lites. Es la misma decisi\u00f3n pol\u00edtica que quiere despidos en el Estado, que quiere un Estado m\u00ednimo. Nosotros queremos un Estado presente, un Estado que fortalezca derechos\u201d.<\/span><\/p>\n<p style=\"font-weight: 400;\"><span style=\"font-style: inherit; font-weight: inherit;\">Finalmente, Ricardo Peidro, Secretario Adjunto CTA-A a nivel nacional, cerr\u00f3 el acto: \u201cEsta es la CTA Aut\u00f3noma, a la cual no hay que exigirle paros. El Paro se decidi\u00f3 en las asambleas y plenarios, y hoy todos los sindicatos de nuestra Central est\u00e1n movilizados en todo el pa\u00eds. La jornada de lucha incluye a compa\u00f1eros estatales, docentes, trabajadores de la salud y de la actividad privada. Estamos movilizados todos y cada uno de los que decidimos no dar m\u00e1s plazos. Se acabaron los tiempos. A nosotros no nos corren con carpetazos\u201d.<\/span><\/p>\n<p style=\"font-weight: 400;\"><span style=\"font-style: inherit; font-weight: inherit;\">El dirigente de la CTA-A adem\u00e1s dijo: \u201cLa resistencia y oposici\u00f3n a este Gobierno tienen nombre y apellido, y es el de todas las organizaciones populares. Pero tambi\u00e9n tiene c\u00f3mplices, y el c\u00f3mplice fundamental es un modelo sindical que la CTA Aut\u00f3noma viene repudiando desde su nacimiento. Es un modelo sindical empresario que, a la hora de los bifes \u2013como fue en la d\u00e9cada del \u201890-, no supo dar respuesta\u201d.<\/span><\/p>\n<p style=\"font-weight: 400;\"><span style=\"font-style: inherit; font-weight: inherit;\">Peidro luego adelant\u00f3 el acompa\u00f1amiento de la CTA-A a la caravana que el 19 de febrero protagonizar\u00e1n los trabajadores nucleados en la Federaci\u00f3n Azucarera Regional de Jujuy y Salta. Los trabajadores de los ingenios juje\u00f1os R\u00edo Grande, Ledesma y La Esperanza, y de los salte\u00f1os San Mart\u00edn del Tabacal y San Isidro vienen resistiendo una ola de despidos, que ya alcanzar\u00eda los tres mil en el sector.<\/span><\/p>\n<p style=\"font-weight: 400;\"><span style=\"font-style: inherit; font-weight: inherit;\">\u201cEste es solo el comienzo. Si no se corrigen las pol\u00edticas \u2013sobre lo cual, tenemos pocas expectativas-, vamos a recorre el pa\u00eds y a decretar un Paro Nacional Activo. Y que se sumen los que quieran luchar, los que sostienen sus dichos con las acciones. Hay que sostener con el cuero lo que se dice. \u00a1Viva la clase trabajadora! \u00a1Vivan las organizaciones sociales y sindicales que resisten! \u00a1Viva la CTA Aut\u00f3noma!\u201d, cerr\u00f3 entre aplausos el dirigente de la Central.<\/span><\/p>\n","protected":false},"excerpt":{"rendered":"<p>ATE y la CTA-A movilizaron en todo el pa\u00eds junto a una gran cantidad de organizaciones sindicales y sociales para enfrentar al ajuste. En Capital Federal, y desde primeras horas de la ma\u00f1ana, ATE, la CTA-A y un gran n\u00famero organizaciones sociales y gremiales concentraron en cuatro puntos estrat\u00e9gicos de la regi\u00f3n metropolitana, en el [&hellip;]<\/p>\n","protected":false},"author":1,"featured_media":19220,"comment_status":"open","ping_status":"open","sticky":false,"template":"","format":"standard","meta":{"_exactmetrics_skip_tracking":false,"_exactmetrics_sitenote_active":false,"_exactmetrics_sitenote_note":"","_exactmetrics_sitenote_category":0,"jnews-multi-image_gallery":[],"jnews_single_post":[],"jnews_primary_category":[],"jnews_social_meta":[],"jnews_review":[],"enable_review":"","type":"","name":"","summary":"","brand":"","sku":"","good":[],"bad":[],"score_override":"","override_value":"","rating":[],"price":[],"jnews_override_counter":[],"jnews_post_split":[],"footnotes":""},"categories":[21],"tags":[],"class_list":["post-9756","post","type-post","status-publish","format-standard","has-post-thumbnail","hentry","category-paro-nacional"],"jetpack_featured_media_url":"https:\/\/atecordoba.org\/wp-content\/uploads\/2020\/05\/logo-nuevochico-e1561581322808.png","_links":{"self":[{"href":"https:\/\/atecordoba.org\/index.php?rest_route=\/wp\/v2\/posts\/9756","targetHints":{"allow":["GET"]}}],"collection":[{"href":"https:\/\/atecordoba.org\/index.php?rest_route=\/wp\/v2\/posts"}],"about":[{"href":"https:\/\/atecordoba.org\/index.php?rest_route=\/wp\/v2\/types\/post"}],"author":[{"embeddable":true,"href":"https:\/\/atecordoba.org\/index.php?rest_route=\/wp\/v2\/users\/1"}],"replies":[{"embeddable":true,"href":"https:\/\/atecordoba.org\/index.php?rest_route=%2Fwp%2Fv2%2Fcomments&post=9756"}],"version-history":[{"count":0,"href":"https:\/\/atecordoba.org\/index.php?rest_route=\/wp\/v2\/posts\/9756\/revisions"}],"wp:featuredmedia":[{"embeddable":true,"href":"https:\/\/atecordoba.org\/index.php?rest_route=\/wp\/v2\/media\/19220"}],"wp:attachment":[{"href":"https:\/\/atecordoba.org\/index.php?rest_route=%2Fwp%2Fv2%2Fmedia&parent=9756"}],"wp:term":[{"taxonomy":"category","embeddable":true,"href":"https:\/\/atecordoba.org\/index.php?rest_route=%2Fwp%2Fv2%2Fcategories&post=9756"},{"taxonomy":"post_tag","embeddable":true,"href":"https:\/\/atecordoba.org\/index.php?rest_route=%2Fwp%2Fv2%2Ftags&post=9756"}],"curies":[{"name":"wp","href":"https:\/\/api.w.org\/{rel}","templated":true}]}}