{"id":9752,"date":"2018-02-16T11:32:29","date_gmt":"2018-02-16T14:32:29","guid":{"rendered":"http:\/\/www.atecordoba.org\/?p=9752"},"modified":"2018-02-16T11:32:29","modified_gmt":"2018-02-16T14:32:29","slug":"masiva-movilizacion-en-cordoba-por-el-paro-nacional-de-ate","status":"publish","type":"post","link":"https:\/\/atecordoba.org\/?p=9752","title":{"rendered":"Masiva movilizaci\u00f3n en C\u00f3rdoba por el paro nacional de ATE"},"content":{"rendered":"<p><em>La marcha del paro de ATE y la CTA Aut\u00f3noma se nutri\u00f3 de movimientos sociales, que sumaron su reclamo por la emergencia alimentaria. Basta de despidos y solidaridad con los estatales fueron los ejes de la protesta.<\/em><\/p>\n<p><img loading=\"lazy\" decoding=\"async\" class=\"aligncenter size-full wp-image-9758\" src=\"http:\/\/www.atecordoba.org\/wp-content\/uploads\/2018\/02\/protestaATE3-e1518791334810.jpg\" alt=\"\" width=\"550\" height=\"302\"><\/p>\n<p>Con la presencia de compa\u00f1eros de los organismos nacionales en C\u00f3rdoba ATE realiz\u00f3 ayer una importante movilizaci\u00f3n que coron\u00f3 el paro nacional resuelto por nuestra conducci\u00f3n para repudiar las pol\u00edticas de ajuste del gobierno de Mauricio Macri.&nbsp;<\/p>\n<p>La concentraci\u00f3n se realiz\u00f3 a partir de las 9 en la delegaci\u00f3n regional del INTI,&nbsp;uno de los organismo m\u00e1s golpeados por la persecuci\u00f3n y los despidos. All\u00ed se congregaron compa\u00f1eros de llegados del interior provincial como las delegaciones&nbsp; de las seccionales R\u00edo Cuarto y R\u00edo Tercero, con sus respectivos secretarios Generales, Walter Avalos y Cristian Colman, que acompa\u00f1aron en la marcha a la secretaria General del CDP, Liliana Salerno.<\/p>\n<p><img loading=\"lazy\" decoding=\"async\" class=\"aligncenter size-full wp-image-9759\" src=\"http:\/\/www.atecordoba.org\/wp-content\/uploads\/2018\/02\/27971696_349982542148392_578234806020916006_n-e1518791363872.jpg\" alt=\"\" width=\"400\" height=\"600\"><\/p>\n<p>A su vez, los compa\u00f1eros de Barrios de Pie sumaron una importante columna, movilizados por la solidaridad con los estatales y el reclamo por extender y hacer efectiva la emergencia alimentaria, dados los problemas para llegar literalmente a fin de mes de los sectores m\u00e1s vulnerables de la capital cordobesa.&nbsp;<\/p>\n<p>La marcha recorri\u00f3 la avenida Velez Sarsfield hasta la plaza del mismo nombre, frente al monumento a Agust\u00edn Tosco, donde se instal\u00f3 el escenario. Casi simult\u00e1neamente, como estaba coordinado en la reuni\u00f3n operativa llevada a cabo ayer, las columnas de la CCC y la CTEP llegaron desde la Municipalidad de C\u00f3rdoba y el Ministerio de Trabajo de la Naci\u00f3n, donde las organizaciones sociales realizaron sus reclamos.<\/p>\n<p><img loading=\"lazy\" decoding=\"async\" class=\"aligncenter size-full wp-image-9760\" src=\"http:\/\/www.atecordoba.org\/wp-content\/uploads\/2018\/02\/IMG_20180215_103452050_HDR-e1518791400120.jpg\" alt=\"\" width=\"550\" height=\"309\"><\/p>\n<p>A la hora de los discursos, Salerno destac\u00f3 la coherencia de ATE para enfrentar el ajuste de Macri &#8220;desde el primer d\u00eda de su gobierno&#8221;. &#8220;Siempre estamos en los sectores donde hay despidos. porque hay que oponerse a este gobierno depredador de trabajadores, un gobierno que extorsiona a las organizaciones sociales y sindicales para que no protesten&#8221;.<\/p>\n<p>La dirigente anunci\u00f3 que el gobierno profundizar\u00e1 su pol\u00edtica de despidos &#8220;que genera terror en todos los sectores de trabajo. Como \u00e9ste no es un a\u00f1o electoral nos van a tratar de masacrar. A este cuadro vamos a oponer la resistencia en unidad con todos los que quieran luchar contra el ajuste del gobierno nacional. No nos importa a qu\u00e9 sector pol\u00edtico o central sindical pertenezcan, mientras quieran defender los puestos de trabajo&#8221;, concluy\u00f3.&nbsp;<\/p>\n<p><img loading=\"lazy\" decoding=\"async\" class=\"aligncenter size-full wp-image-9761\" src=\"http:\/\/www.atecordoba.org\/wp-content\/uploads\/2018\/02\/28161441_349983228814990_4758548331130760057_o-e1518791432977.jpg\" alt=\"\" width=\"550\" height=\"367\"><\/p>\n<p>Tambi\u00e9n se dirigieron a los compa\u00f1eros presentes dirigentes de Barrios de Pie, la CCC y la CTEP, as\u00ed como los jubilados del Foro C\u00f3rdoba Solidaria, todos resaltando la unidad como motor de la construcci\u00f3n social para resistir el ajuste en C\u00f3rdoba. La movilizaci\u00f3n estuvo en l\u00ednea con las jornadas de lucha de diciembre pasado, cuando la CTA-A cordobesa comenz\u00f3 a construir un proceso de unidad con organizaciones sociales que comparten el rechazo a la pol\u00edtica del gobierno nacional, la unidad de la clase trabajadora.&nbsp;<\/p>\n<p><strong>Villa Mar\u00eda<\/strong><\/p>\n<p>La seccional Villa Mar\u00eda organiz\u00f3 una protesta con corte de ruta sobre la autopista C\u00f3rdoba-Rosario&nbsp;a partir de las 8 horas. Los compa\u00f1eros informaron que el paro tuvo un acatamiento multitudinario en la F\u00e1brica Militar.<\/p>\n<p><img loading=\"lazy\" decoding=\"async\" class=\"aligncenter size-full wp-image-9762\" src=\"http:\/\/www.atecordoba.org\/wp-content\/uploads\/2018\/02\/villa-maria-e1518791462746.jpg\" alt=\"\" width=\"550\" height=\"310\"><br \/>\nAl mediod\u00eda los trabajadores se dirigieron hacia el centro de la ciudad para reclamarle al juez federal Roque Rebak su falta sensibilidad social y su postura en contra de la clase trabajadora por su rechazo ante el recurso de amparo presentado por los cesanteados de Fabricaciones Militares Villa Mar\u00eda.<\/p>\n<p><img loading=\"lazy\" decoding=\"async\" class=\"aligncenter size-full wp-image-9763\" src=\"http:\/\/www.atecordoba.org\/wp-content\/uploads\/2018\/02\/mercado-e1518791520810.jpg\" alt=\"\" width=\"550\" height=\"309\"><\/p>\n<p>&nbsp;<\/p>\n","protected":false},"excerpt":{"rendered":"<p>La marcha del paro de ATE y la CTA Aut\u00f3noma se nutri\u00f3 de movimientos sociales, que sumaron su reclamo por la emergencia alimentaria. Basta de despidos y solidaridad con los estatales fueron los ejes de la protesta. Con la presencia de compa\u00f1eros de los organismos nacionales en C\u00f3rdoba ATE realiz\u00f3 ayer una importante movilizaci\u00f3n que [&hellip;]<\/p>\n","protected":false},"author":1,"featured_media":19220,"comment_status":"open","ping_status":"open","sticky":false,"template":"","format":"standard","meta":{"_exactmetrics_skip_tracking":false,"_exactmetrics_sitenote_active":false,"_exactmetrics_sitenote_note":"","_exactmetrics_sitenote_category":0,"jnews-multi-image_gallery":[],"jnews_single_post":[],"jnews_primary_category":[],"jnews_social_meta":[],"jnews_review":[],"enable_review":"","type":"","name":"","summary":"","brand":"","sku":"","good":[],"bad":[],"score_override":"","override_value":"","rating":[],"price":[],"jnews_override_counter":[],"jnews_post_split":[],"footnotes":""},"categories":[21],"tags":[],"class_list":["post-9752","post","type-post","status-publish","format-standard","has-post-thumbnail","hentry","category-paro-nacional"],"jetpack_featured_media_url":"https:\/\/atecordoba.org\/wp-content\/uploads\/2020\/05\/logo-nuevochico-e1561581322808.png","_links":{"self":[{"href":"https:\/\/atecordoba.org\/index.php?rest_route=\/wp\/v2\/posts\/9752","targetHints":{"allow":["GET"]}}],"collection":[{"href":"https:\/\/atecordoba.org\/index.php?rest_route=\/wp\/v2\/posts"}],"about":[{"href":"https:\/\/atecordoba.org\/index.php?rest_route=\/wp\/v2\/types\/post"}],"author":[{"embeddable":true,"href":"https:\/\/atecordoba.org\/index.php?rest_route=\/wp\/v2\/users\/1"}],"replies":[{"embeddable":true,"href":"https:\/\/atecordoba.org\/index.php?rest_route=%2Fwp%2Fv2%2Fcomments&post=9752"}],"version-history":[{"count":0,"href":"https:\/\/atecordoba.org\/index.php?rest_route=\/wp\/v2\/posts\/9752\/revisions"}],"wp:featuredmedia":[{"embeddable":true,"href":"https:\/\/atecordoba.org\/index.php?rest_route=\/wp\/v2\/media\/19220"}],"wp:attachment":[{"href":"https:\/\/atecordoba.org\/index.php?rest_route=%2Fwp%2Fv2%2Fmedia&parent=9752"}],"wp:term":[{"taxonomy":"category","embeddable":true,"href":"https:\/\/atecordoba.org\/index.php?rest_route=%2Fwp%2Fv2%2Fcategories&post=9752"},{"taxonomy":"post_tag","embeddable":true,"href":"https:\/\/atecordoba.org\/index.php?rest_route=%2Fwp%2Fv2%2Ftags&post=9752"}],"curies":[{"name":"wp","href":"https:\/\/api.w.org\/{rel}","templated":true}]}}