{"id":9745,"date":"2018-02-14T14:25:39","date_gmt":"2018-02-14T17:25:39","guid":{"rendered":"http:\/\/www.atecordoba.org\/?p=9745"},"modified":"2018-02-14T14:25:39","modified_gmt":"2018-02-14T17:25:39","slug":"conferencia-de-prensa-de-la-conduccion-nacional-por-el-paro-de-manana","status":"publish","type":"post","link":"https:\/\/atecordoba.org\/?p=9745","title":{"rendered":"Conferencia de prensa de la conducci\u00f3n nacional por el paro de ma\u00f1ana"},"content":{"rendered":"<p><em>Se realiz\u00f3 en la sede de la CTA Aut\u00f3noma para informar detalles sobre la medida de lucha.<\/em><\/p>\n<p><img loading=\"lazy\" decoding=\"async\" class=\"aligncenter size-full wp-image-9746\" src=\"http:\/\/www.atecordoba.org\/wp-content\/uploads\/2018\/02\/paro-15-f-conf-prensa-e1518629042832.jpg\" alt=\"\" width=\"550\" height=\"413\"><\/p>\n<p style=\"font-weight: 400;\">Ante una nutrida presencia de medios nacionales, esta ma\u00f1ana tuvo lugar la conferencia de prensa en la sede de la CTA Aut\u00f3noma (Per\u00f3n 3866) en la que se informaron los detalles del paro nacional que ma\u00f1ana llevar\u00e1 adelante la Central junto a ATE y otras organizaciones sociales, gremiales y pol\u00edticas contra los despidos y el ajuste. Habr\u00e1 cortes, caravanas, ollas populares, radios abiertas, para confluir pasado el mediod\u00eda en Avenida de Mayo y Nueve de Julio. El acto central ser\u00e1 en Plaza de Mayo.<\/p>\n<p style=\"font-weight: 400;\">Ricardo Peidro, secretario general adjunto de la CTA Aut\u00f3noma fue el encargado de abrir la conferencia de prensa. El dirigente nombr\u00f3 a todas las organizaciones presentes y agradeci\u00f3 la presencia de todos los comunicadores y comunicadoras.<\/p>\n<p style=\"font-weight: 400;\">&#8220;Va a ser una jornada de lucha en todo el pa\u00eds. Nos unimos parando y movilizando en todo el territorio nacional. En cada uno de los lugares del pa\u00eds los n\u00facleos principales van a estar donde se est\u00e1n produciendo despidos masivos como en los ingenios de Salta y Jujuy, en R\u00edo Turbio, en Azul, en los distintos organismos del Estado, as\u00ed como en los sectores del \u00e1mbito privado&#8221;, dijo Hugo &#8220;Cachorro&#8221; Godoy, secretario general de ATE Nacional.<\/p>\n<p style=\"font-weight: 400;\">El dirigente detall\u00f3 adem\u00e1s que en la regi\u00f3n metropolitana va a haber diferentes caravanas: la Columna Sur concentrar\u00e1 en la Plaza Alsina de Avellaneda, aglutinando los sectores en conflicto de La Plata, Berazategui, Florencio Varela, Lomas de Zamora, Quilmes, entre otras localidades. A ella se sumar\u00e1 una columna de los trabajadores mineros de R\u00edo Turbio. Mientras que la columna Oeste concentrar\u00e1 en Puente 12 (Richieri y General Paz) con los trabajadores del Hospital Posadas, ANAC, SENASA y una columna de los trabajadores de Fanazul. Por su parte, la columna Norte concentrar\u00e1 en el INTI, junto a los trabajadores de CONEA y SEGEMAR. A ella se sumar\u00e1 una columna de la Federaci\u00f3n Azucarera Regional. Entrar\u00e1 a la Ciudad por la Autopista Illia y 9 de Julio. Las concentraciones ser\u00e1n a las 10 de la ma\u00f1ana y se concentrar\u00e1n a las 13 en Avenida de Mayo y Nueve de Julio para ir a Plaza de Mayo.<\/p>\n<p style=\"font-weight: 400;\">&#8220;Est\u00e1 abierta la participaci\u00f3n, por eso van a ser caravanas y marchas para que se sumen quienes quieran hacerlo. No puede ser que se sigan produciendo despidos y cierres de empresas. Queremos que no se trate la ley de reforma laboral, que sea retirada por el gobierno y que sea derogada la ley de reforma previsional&#8221;, concluy\u00f3 Godoy.<\/p>\n<p style=\"font-weight: 400;\">Por su parte, Fernando &#8220;Tato&#8221; Dondero, secretario general de Sipreba dijo: &#8220;esta pol\u00edtica de ajuste se ha llevado m\u00e1s de 500 puestos de trabajo. En los \u00faltimos meses esta pol\u00edtica de despidos se extendi\u00f3 a los medios p\u00fablicos. Primero van con las jubilaciones anticipadas, despu\u00e9s con los retiros voluntarios y luego con los despidos. Nosotros ma\u00f1ana vamos a estar por nuestras reivindicaciones espec\u00edficas: por paritarias libres, porque nuestros salarios est\u00e1n cada vez m\u00e1s deteriorados, porque sabemos que necesitamos construir un nuevo sindicalismo y por eso estamos en la calle llamando a la unidad activa&#8221;.<\/p>\n<p style=\"font-weight: 400;\">Romina Del Pla, secretaria general de Suteba La Matanza, diputada por el Frente de Izquierda sum\u00f3 su voz: &#8220;Suteba Multicolor se suma a la lucha de ma\u00f1ana, al paro nacional, vamos a participar de las diferentes caravanas. Estamos viviendo las consecuencias del pacto fiscal y del ajuste que hemos rechazado y que hemos votado en contra. Despidos en el Inti, en el Senasa, en los ingenios de Salta y de Jujuy, en Azul, en R\u00edo Turbio, es un plan de guerra contra los trabajadores. Es fundamental que tengamos el paro nacional de todos los sindicatos que aqu\u00ed estamos. En el caso de los docentes nos quieren imponer una paritaria del 15% y utilizar a los docentes como paritaria testigo para salarios a la baja en todos los gremios. Nos quieren imponer modificaciones en nuestros estatutos. La jornada de ma\u00f1ana tiene la importancia de colocar todos estos reclamos en el centro de la escena&#8221;.<\/p>\n<p style=\"font-weight: 400;\">Jorge Adaro, secretario general de Ademys, agreg\u00f3: &#8220;El escenario de inicio de clases ser\u00e1 con conflicto. la docencia combativa de nuestro pa\u00eds va a realizar un plenario nacional el 27 de febrero donde vamos a discutir las medidas de fuerza nacionalmente. Tambi\u00e9n como sector mayoritariamente femenino vamos a llevar adelante el 8 de marzo el paro internacional de mujeres, que descontamos ser\u00e1 con una movilizaci\u00f3n inmensa&#8221;.<\/p>\n<p style=\"font-weight: 400;\">En representaci\u00f3n de la Conaduh, Antonio Rosello se\u00f1al\u00f3: &#8220;Venimos a traer el reclamo de los 190 mil docentes universitarios de todo el pa\u00eds contra el arancelamiento y los cupos en la universidad p\u00fablica. Vamos a participar del paro en todo el pa\u00eds, en los cortes, en las caravanas. Estamos deliberando c\u00f3mo vamos a empezar el ciclo lectivo. Muchos de los que estamos ac\u00e1 ya estamos afectados por la Ley Previsional votada en el Congreso, exigimos su derogaci\u00f3n, exigimos la vigencia de los convenios colectivos de trabajo y exigimos que haya paritarias libres para todos los sectores. Las puebladas de Azul, de R\u00edo Turbio nos marcan un camino de unidad. Es por eso que vamos a estar ma\u00f1ana con todo en la movilizaci\u00f3n llevando a la Plaza de Mayo los reclamos de todos los trabajadores&#8221;.<\/p>\n<p style=\"font-weight: 400;\">Walter C\u00f3rdoba, coordinador de Barrios de Pie, detall\u00f3: &#8220;Vamos a hacer 1000 ollas por la emergencia alimentaria en todas las plazas del pa\u00eds. Vamos a estar concentrando en los accesos a Capital Federal, vamos a participar de las caravanas. Al mediod\u00eda estaremos con una olla popular en el Obelisco y a la tarde movilizaremos a la Jefatura de Gobierno y a la Gobernaci\u00f3n de la Provincia de Buenos Aires. Creemos que es importante que estemos en este marco de unidad, porque la realidad es que estos Ceos lo que buscan es precarizar m\u00e1s la vida, el trabajo, la salud, la educaci\u00f3n, por eso la jornada de ma\u00f1ana ser\u00e1 una visagra&#8221;.<\/p>\n<p style=\"font-weight: 400;\">Guillermo Pacagnini, secretario general de Cicop dijo: &#8220;Nos vamos a sumar al paro activo de ma\u00f1ana. Los compa\u00f1eros del Posadas est\u00e1n al frente de uno de los conflictos m\u00e1s paradigm\u00e1ticos del desguace de la salud p\u00fablica y el ajuste&#8221; y le dio la palabra a Mirta Jaime, secretaria general de Cicop en el Hospital Posadas: &#8220;es un hospital emblem\u00e1tico por la lucha y porque adem\u00e1s ha sido un centro clandestino de desaparici\u00f3n de personas. Tenemos un hospital altamente militarizado, tenemos 23 delegados despedidos. va demostrando el desguace de la salud p\u00fablica. Se est\u00e1 intentando llevar adelante la reforma laboral en el Posadas. Tenemos que tener unidad desde abajo, desde las asambleas. Fesprosa vot\u00f3 un paro nacional para ma\u00f1ana y un plan de lucha com\u00fan, es la \u00fanica salida. no a los despidos, defendamos la salud p\u00fablica, la educaci\u00f3n, la industria&#8221;.<\/p>\n<p style=\"font-weight: 400;\">Alejandro Crespo, dirigente del Sutna a\u00f1adi\u00f3: &#8220;Estamos sufriendo mucho en la industria, con la pol\u00edtica de permitir el ingreso de importaciones, reemplazando los productos nacionales. La estamos viviendo en cada uno de los lugares de trabajo y los trabajadores tenemos que revertirla en la lucha. Tenemos que organizarnos y vamos a participar masivamente de estas acciones&#8221;.<\/p>\n<p style=\"font-weight: 400;\">El \u00faltimo en hablar fue Eduardo Belliboni, dirigente nacional del Polo Obrero: &#8220;Ma\u00f1ana vamos a hacer una jornada hist\u00f3rica no s\u00f3lo en la Capital sino en todo el pa\u00eds. El gobierno que asumi\u00f3 diciendo que atacaba la pobreza, ataca hoy el trabajo&#8221;.<\/p>\n<p style=\"font-weight: 400;\">Mapa de los cortes:<\/p>\n<p><img loading=\"lazy\" decoding=\"async\" class=\"aligncenter size-full wp-image-9747\" src=\"http:\/\/www.atecordoba.org\/wp-content\/uploads\/2018\/02\/E1Z_mapa_cortes1.jpg\" alt=\"\" width=\"304\" height=\"406\"><\/p>\n","protected":false},"excerpt":{"rendered":"<p>Se realiz\u00f3 en la sede de la CTA Aut\u00f3noma para informar detalles sobre la medida de lucha. Ante una nutrida presencia de medios nacionales, esta ma\u00f1ana tuvo lugar la conferencia de prensa en la sede de la CTA Aut\u00f3noma (Per\u00f3n 3866) en la que se informaron los detalles del paro nacional que ma\u00f1ana llevar\u00e1 adelante [&hellip;]<\/p>\n","protected":false},"author":1,"featured_media":19220,"comment_status":"open","ping_status":"open","sticky":false,"template":"","format":"standard","meta":{"_exactmetrics_skip_tracking":false,"_exactmetrics_sitenote_active":false,"_exactmetrics_sitenote_note":"","_exactmetrics_sitenote_category":0,"jnews-multi-image_gallery":[],"jnews_single_post":[],"jnews_primary_category":[],"jnews_social_meta":[],"jnews_review":[],"enable_review":"","type":"","name":"","summary":"","brand":"","sku":"","good":[],"bad":[],"score_override":"","override_value":"","rating":[],"price":[],"jnews_override_counter":[],"jnews_post_split":[],"footnotes":""},"categories":[21],"tags":[],"class_list":["post-9745","post","type-post","status-publish","format-standard","has-post-thumbnail","hentry","category-paro-nacional"],"jetpack_featured_media_url":"https:\/\/atecordoba.org\/wp-content\/uploads\/2020\/05\/logo-nuevochico-e1561581322808.png","_links":{"self":[{"href":"https:\/\/atecordoba.org\/index.php?rest_route=\/wp\/v2\/posts\/9745","targetHints":{"allow":["GET"]}}],"collection":[{"href":"https:\/\/atecordoba.org\/index.php?rest_route=\/wp\/v2\/posts"}],"about":[{"href":"https:\/\/atecordoba.org\/index.php?rest_route=\/wp\/v2\/types\/post"}],"author":[{"embeddable":true,"href":"https:\/\/atecordoba.org\/index.php?rest_route=\/wp\/v2\/users\/1"}],"replies":[{"embeddable":true,"href":"https:\/\/atecordoba.org\/index.php?rest_route=%2Fwp%2Fv2%2Fcomments&post=9745"}],"version-history":[{"count":0,"href":"https:\/\/atecordoba.org\/index.php?rest_route=\/wp\/v2\/posts\/9745\/revisions"}],"wp:featuredmedia":[{"embeddable":true,"href":"https:\/\/atecordoba.org\/index.php?rest_route=\/wp\/v2\/media\/19220"}],"wp:attachment":[{"href":"https:\/\/atecordoba.org\/index.php?rest_route=%2Fwp%2Fv2%2Fmedia&parent=9745"}],"wp:term":[{"taxonomy":"category","embeddable":true,"href":"https:\/\/atecordoba.org\/index.php?rest_route=%2Fwp%2Fv2%2Fcategories&post=9745"},{"taxonomy":"post_tag","embeddable":true,"href":"https:\/\/atecordoba.org\/index.php?rest_route=%2Fwp%2Fv2%2Ftags&post=9745"}],"curies":[{"name":"wp","href":"https:\/\/api.w.org\/{rel}","templated":true}]}}