{"id":9738,"date":"2018-02-14T14:09:05","date_gmt":"2018-02-14T17:09:05","guid":{"rendered":"http:\/\/www.atecordoba.org\/?p=9738"},"modified":"2018-02-14T14:09:05","modified_gmt":"2018-02-14T17:09:05","slug":"paro-nacional-de-ate-2","status":"publish","type":"post","link":"https:\/\/atecordoba.org\/?p=9738","title":{"rendered":"Paro Nacional de ATE"},"content":{"rendered":"<p><em>En rechazo a la pol\u00edtica de ajuste, los despidos y desmantelamientos de organismos p\u00fablicos claves para el pa\u00eds, ATE realizar\u00e1 ma\u00f1ana un paro de actividades desde las 0 horas. La medida de fuerza tiene por objetivo perforar el techo salarial que la administraci\u00f3n macrista pretende imponer en las paritarias estatales.<\/em><\/p>\n<p><img loading=\"lazy\" decoding=\"async\" class=\"aligncenter size-full wp-image-9739\" src=\"http:\/\/www.atecordoba.org\/wp-content\/uploads\/2018\/02\/bandera-2-e1518628109677.jpeg\" alt=\"\" width=\"550\" height=\"330\"><\/p>\n<p>La Comisi\u00f3n Directiva de ATE C\u00f3rdoba, conjuntamente con delegados nacionales y provinciales, resolvieron convocar en la delegaci\u00f3n de INTI ma\u00f1ana 15 de febrero con motivo del paro nacional de nuestro gremio, bajo la consigna \u2018Basta de despidos, reincorporaci\u00f3n ya\u2019. En l\u00ednea a lo resuelto por la conducci\u00f3n nacional de nuestro gremio.<\/p>\n<p>Tal como se dispuso la semana pasada, el plenario General de delegados aprob\u00f3 por unanimidad convocar a una concentraci\u00f3n<img loading=\"lazy\" decoding=\"async\" class=\"aligncenter size-full wp-image-9741\" src=\"http:\/\/www.atecordoba.org\/wp-content\/uploads\/2018\/02\/paro-15f_1-e1518628887940.jpeg\" alt=\"\" width=\"300\" height=\"533\"> el pr\u00f3ximo 15 de febrero en el marco del paro nacional que ATE convoca en repudio a la pol\u00edtica de despidos del gobierno de Macri. En tal sentido, los representantes de ATE diversos organismos con presencia en C\u00f3rdoba est\u00e1n sufriendo el impacto de esas medidas arbitrarias e injustificadas que tienen como \u00fanico fin ajustar a los trabajadores y reducir la presencia del Estado y la prestaci\u00f3n de servicios p\u00fablicos, para favorecer a las corporaciones.<\/p>\n<p>Los trabajadores rechazaron las pol\u00edticas oficiales, tal como lo viene haciendo ATE desde el inicio de la gesti\u00f3n macrista, ya que van en detrimento del inter\u00e9s general, y ratificaron la participaci\u00f3n en la movilizaci\u00f3n de ma\u00f1ana.<\/p>\n<p>Se resolvi\u00f3 convocar para las 9 horas en frente a la sede del INTI (Plaza de las Am\u00e9ricas) para posteriormente realizar la movilizaci\u00f3n.<\/p>\n<p><img loading=\"lazy\" decoding=\"async\" class=\"aligncenter size-full wp-image-9742\" src=\"http:\/\/www.atecordoba.org\/wp-content\/uploads\/2018\/02\/paro-15f_2-e1518628906784.jpeg\" alt=\"\" width=\"300\" height=\"533\"><\/p>\n<p>Con la medida de fuerza ATE rechaza la pol\u00edtica salarial del gobierno nacional y exige una pauta salarial que garantice el acceso pleno a la canasta familiar para los haberes b\u00e1sicos de los trabajadores de categor\u00eda inicial, que seg\u00fan la junta interna de ATE-Indec alcanza los 25 mil pesos. El mismo reclamo a nivel nacional hacemos extensivo a nivel provincial y municipal.<\/p>\n<p>Mar\u00eda Liliana Salerno<\/p>\n<p>Secretaria General<\/p>\n","protected":false},"excerpt":{"rendered":"<p>En rechazo a la pol\u00edtica de ajuste, los despidos y desmantelamientos de organismos p\u00fablicos claves para el pa\u00eds, ATE realizar\u00e1 ma\u00f1ana un paro de actividades desde las 0 horas. La medida de fuerza tiene por objetivo perforar el techo salarial que la administraci\u00f3n macrista pretende imponer en las paritarias estatales. La Comisi\u00f3n Directiva de ATE [&hellip;]<\/p>\n","protected":false},"author":1,"featured_media":19220,"comment_status":"open","ping_status":"open","sticky":false,"template":"","format":"standard","meta":{"_exactmetrics_skip_tracking":false,"_exactmetrics_sitenote_active":false,"_exactmetrics_sitenote_note":"","_exactmetrics_sitenote_category":0,"jnews-multi-image_gallery":[],"jnews_single_post":[],"jnews_primary_category":[],"jnews_social_meta":[],"jnews_review":[],"enable_review":"","type":"","name":"","summary":"","brand":"","sku":"","good":[],"bad":[],"score_override":"","override_value":"","rating":[],"price":[],"jnews_override_counter":[],"jnews_post_split":[],"footnotes":""},"categories":[21],"tags":[],"class_list":["post-9738","post","type-post","status-publish","format-standard","has-post-thumbnail","hentry","category-paro-nacional"],"jetpack_featured_media_url":"https:\/\/atecordoba.org\/wp-content\/uploads\/2020\/05\/logo-nuevochico-e1561581322808.png","_links":{"self":[{"href":"https:\/\/atecordoba.org\/index.php?rest_route=\/wp\/v2\/posts\/9738","targetHints":{"allow":["GET"]}}],"collection":[{"href":"https:\/\/atecordoba.org\/index.php?rest_route=\/wp\/v2\/posts"}],"about":[{"href":"https:\/\/atecordoba.org\/index.php?rest_route=\/wp\/v2\/types\/post"}],"author":[{"embeddable":true,"href":"https:\/\/atecordoba.org\/index.php?rest_route=\/wp\/v2\/users\/1"}],"replies":[{"embeddable":true,"href":"https:\/\/atecordoba.org\/index.php?rest_route=%2Fwp%2Fv2%2Fcomments&post=9738"}],"version-history":[{"count":0,"href":"https:\/\/atecordoba.org\/index.php?rest_route=\/wp\/v2\/posts\/9738\/revisions"}],"wp:featuredmedia":[{"embeddable":true,"href":"https:\/\/atecordoba.org\/index.php?rest_route=\/wp\/v2\/media\/19220"}],"wp:attachment":[{"href":"https:\/\/atecordoba.org\/index.php?rest_route=%2Fwp%2Fv2%2Fmedia&parent=9738"}],"wp:term":[{"taxonomy":"category","embeddable":true,"href":"https:\/\/atecordoba.org\/index.php?rest_route=%2Fwp%2Fv2%2Fcategories&post=9738"},{"taxonomy":"post_tag","embeddable":true,"href":"https:\/\/atecordoba.org\/index.php?rest_route=%2Fwp%2Fv2%2Ftags&post=9738"}],"curies":[{"name":"wp","href":"https:\/\/api.w.org\/{rel}","templated":true}]}}