{"id":9735,"date":"2018-02-14T13:40:07","date_gmt":"2018-02-14T16:40:07","guid":{"rendered":"http:\/\/www.atecordoba.org\/?p=9735"},"modified":"2018-02-14T13:40:07","modified_gmt":"2018-02-14T16:40:07","slug":"villa-maria-ate-teme-el-cierre-de-la-fabrica-militar","status":"publish","type":"post","link":"https:\/\/atecordoba.org\/?p=9735","title":{"rendered":"Villa Mar\u00eda: ATE teme el cierre de la f\u00e1brica militar"},"content":{"rendered":"<p><em>\u201cSi la situaci\u00f3n en Fabricaciones no cambia, los indicadores nos dicen que vamos a correr la misma suerte que Azul\u201d, afirmaron en la seccional.<\/em><\/p>\n<p><img loading=\"lazy\" decoding=\"async\" class=\"aligncenter size-full wp-image-9736\" src=\"http:\/\/www.atecordoba.org\/wp-content\/uploads\/2018\/02\/villa-maria-3-e1518626370261.jpg\" alt=\"\" width=\"550\" height=\"309\"><\/p>\n<p>El pr\u00f3ximo 15 de febrero, la Asociaci\u00f3n de Trabajadores del Estado (ATE) convoc\u00f3 a un paro y manifestaci\u00f3n en reclamo por los despidos y el futuro de Fabricaciones Militares: \u201cEn continuidad con el plan de lucha que se lleva adelante desde ATE Nacional, el d\u00eda 15 de este mes vamos a hacer un paro activo\u201d, explic\u00f3 el referente sindical Jorge Heredia.<\/p>\n<p>Ese d\u00eda se har\u00e1n distintas actividades en la F\u00e1brica, se har\u00e1n cortes de ruta y \u201calguna visita al juez Rebak\u201d que rechaz\u00f3 los amparos por los despidos en la F\u00e1brica Militar de Villa Mar\u00eda.<\/p>\n<p>\u201cEstamos muy preocupados por la situaci\u00f3n de la F\u00e1brica. Comenzamos el a\u00f1o igual que como lo terminamos y nosotros ten\u00edamos alguna esperanza de que esto mejore, a pesar de que en esta empresa dejaron sin trabajo a 500 personas a fin de a\u00f1o\u201d, se\u00f1alaron en conferencia de prensa, donde anunciaron las medidas de fuerza.<\/p>\n<p>\u201cHaciendo un an\u00e1lisis con los compa\u00f1eros, los indicadores nos dicen que vamos a correr la misma suerte que Azul (en referencia a la localidad bonaerense donde se cerr\u00f3 una F\u00e1brica Militar en diciembre). Viendo lo que est\u00e1 pasando, creo que de no tomar el Gobierno alguna resoluci\u00f3n favorable para nosotros, vamos a correr la misma suerte\u201d, enfatiz\u00f3 Heredia.<\/p>\n<p>El gremialista afirm\u00f3 que \u201ctodo lo que hab\u00edamos dicho hace dos a\u00f1os atr\u00e1s se cumpli\u00f3\u201d: \u201cNos dec\u00edan que ment\u00edamos a los compa\u00f1eros y que alarm\u00e1bamos a la gente. Pero esto ya lo vivimos en los 90 y creo que una experiencia te da para poder explicarle a los compa\u00f1eros m\u00e1s nuevos, que no lo vivieron, algunas cosas y darles herramientas para que ellos se vayan manejando\u201d.<\/p>\n<p><strong>\u201cEsto va al cierre\u201d<\/strong><\/p>\n<p>En la \u00faltima reuni\u00f3n que mantuvo el intendente Mart\u00edn Gill con Oscar Aguad por la situaci\u00f3n y el futuro de Fabricaciones Militares, el ministro de Defensa asegur\u00f3 que la planta de Villa Mar\u00eda no se iba a cerrar: \u201cTambi\u00e9n dijo que no iba a despedir trabajadores. Riva (el interventor) dijo que no iba a cerrar plantas y sin embargo s\u00ed se cerraron. Yo no les creo m\u00e1s nada. Dependemos exclusivamente de las acciones que podamos hacer nosotros mismos. Los dirigentes nos han defraudado constantemente y mentido en la cara\u201d, asegur\u00f3 Heredia, en referencia fundamentalmente al Gobierno nacional.<\/p>\n<p>\u201cMe animo a predecir, que de continuar en esta situaci\u00f3n, para nosotros esto va al cierre. Vamos a correr la misma suerte que Fanazul\u201d, reiter\u00f3.<\/p>\n<p>\u201cSoy el secretario gremial de ATE Villa Mar\u00eda y hace 32 a\u00f1os que trabajo en la F\u00e1brica, por eso digo lo que digo. Que el Gobierno se haga cargo de lo que dicen\u201d, finaliz\u00f3.<\/p>\n<p><strong>Rechazo del amparo<\/strong><\/p>\n<p>Sobre el rechazo del juez Rebak al amparo presentado por los despidos en el pasado mes de diciembre, afirmaron: \u201cEs lamentable. Es evidente que la Justicia no es independiente del poder pol\u00edtico. El juez dice que no es una emergencia, pero si los compa\u00f1eros que hoy est\u00e1n sufriendo necesidades, que no tienen un trabajo ni c\u00f3mo enfrentar la diaria no es una emergencia, no s\u00e9 qu\u00e9 es lo que es\u201d.<\/p>\n<p>Al ser consultados sobre si van a apelar la medida, manifestaron que s\u00ed: \u201cPero las instancias superiores la mayor\u00eda de las veces siguen el mismo camino\u201d.<\/p>\n<p>El mi\u00e9rcoles pasado, el presidente Mauricio Macri, pis\u00f3 suelo villamariense para inaugurar la planta termoel\u00e9ctrica MSU, al respecto de por qu\u00e9 no se acercaron hasta el lugar, expresaron: \u201cTenemos que asumir esa parte, porque no nos pudimos organizar a tiempo para hacernos presentes ese d\u00eda. Hubi\u00e9ramos querido ir y juntar los compa\u00f1eros para decirle al presidente lo que pensamos de su gobierno, lo que pensamos de lo que est\u00e1n haciendo con Fabricaciones Militares y con todos los trabajadores del Estado\u201d, finalizaron.<\/p>\n","protected":false},"excerpt":{"rendered":"<p>\u201cSi la situaci\u00f3n en Fabricaciones no cambia, los indicadores nos dicen que vamos a correr la misma suerte que Azul\u201d, afirmaron en la seccional. El pr\u00f3ximo 15 de febrero, la Asociaci\u00f3n de Trabajadores del Estado (ATE) convoc\u00f3 a un paro y manifestaci\u00f3n en reclamo por los despidos y el futuro de Fabricaciones Militares: \u201cEn continuidad [&hellip;]<\/p>\n","protected":false},"author":1,"featured_media":19220,"comment_status":"open","ping_status":"open","sticky":false,"template":"","format":"standard","meta":{"_exactmetrics_skip_tracking":false,"_exactmetrics_sitenote_active":false,"_exactmetrics_sitenote_note":"","_exactmetrics_sitenote_category":0,"jnews-multi-image_gallery":[],"jnews_single_post":[],"jnews_primary_category":[],"jnews_social_meta":[],"jnews_review":[],"enable_review":"","type":"","name":"","summary":"","brand":"","sku":"","good":[],"bad":[],"score_override":"","override_value":"","rating":[],"price":[],"jnews_override_counter":[],"jnews_post_split":[],"footnotes":""},"categories":[17,21],"tags":[],"class_list":["post-9735","post","type-post","status-publish","format-standard","has-post-thumbnail","hentry","category-fabricaciones-militares","category-paro-nacional"],"jetpack_featured_media_url":"https:\/\/atecordoba.org\/wp-content\/uploads\/2020\/05\/logo-nuevochico-e1561581322808.png","_links":{"self":[{"href":"https:\/\/atecordoba.org\/index.php?rest_route=\/wp\/v2\/posts\/9735","targetHints":{"allow":["GET"]}}],"collection":[{"href":"https:\/\/atecordoba.org\/index.php?rest_route=\/wp\/v2\/posts"}],"about":[{"href":"https:\/\/atecordoba.org\/index.php?rest_route=\/wp\/v2\/types\/post"}],"author":[{"embeddable":true,"href":"https:\/\/atecordoba.org\/index.php?rest_route=\/wp\/v2\/users\/1"}],"replies":[{"embeddable":true,"href":"https:\/\/atecordoba.org\/index.php?rest_route=%2Fwp%2Fv2%2Fcomments&post=9735"}],"version-history":[{"count":0,"href":"https:\/\/atecordoba.org\/index.php?rest_route=\/wp\/v2\/posts\/9735\/revisions"}],"wp:featuredmedia":[{"embeddable":true,"href":"https:\/\/atecordoba.org\/index.php?rest_route=\/wp\/v2\/media\/19220"}],"wp:attachment":[{"href":"https:\/\/atecordoba.org\/index.php?rest_route=%2Fwp%2Fv2%2Fmedia&parent=9735"}],"wp:term":[{"taxonomy":"category","embeddable":true,"href":"https:\/\/atecordoba.org\/index.php?rest_route=%2Fwp%2Fv2%2Fcategories&post=9735"},{"taxonomy":"post_tag","embeddable":true,"href":"https:\/\/atecordoba.org\/index.php?rest_route=%2Fwp%2Fv2%2Ftags&post=9735"}],"curies":[{"name":"wp","href":"https:\/\/api.w.org\/{rel}","templated":true}]}}