{"id":9727,"date":"2018-02-08T15:07:15","date_gmt":"2018-02-08T18:07:15","guid":{"rendered":"http:\/\/www.atecordoba.org\/?p=9727"},"modified":"2018-02-08T15:07:15","modified_gmt":"2018-02-08T18:07:15","slug":"plenario-general-resolvio-convocar-en-inti-durante-el-paro-del-15f","status":"publish","type":"post","link":"https:\/\/atecordoba.org\/?p=9727","title":{"rendered":"Plenario General resolvi\u00f3 convocar en INTI durante el paro del 15F"},"content":{"rendered":"<p><em>La Comisi\u00f3n Directiva de ATE C\u00f3rdoba, conjuntamente con delegados nacionales y provinciales, resolvieron convocar en la delegaci\u00f3n de INTI el pr\u00f3ximo 15 de febrero con motivo del paro nacional de nuestro gremio, bajo la consigna &#8216;Basta de despidos, reincorporaci\u00f3n ya&#8217;. Tambi\u00e9n se resolvieron actividades para dar continuidad al plan de lucha.<\/em><\/p>\n<p><img loading=\"lazy\" decoding=\"async\" class=\"aligncenter size-full wp-image-9728\" src=\"http:\/\/www.atecordoba.org\/wp-content\/uploads\/2018\/02\/dirigentes-ate-cordoba-e1518113204569.jpg\" alt=\"\" width=\"550\" height=\"327\"><\/p>\n<p>En plenario General de delegados, se aprob\u00f3 por unanimidad convocar a una concentraci\u00f3n el pr\u00f3ximo 15 de febrero en el marco del paro nacional que ATE convoca en repudio a la pol\u00edtica de despidos del gobierno de Macri. En tal sentido, los representantes de ATE diversos organismos con presencia en C\u00f3rdoba est\u00e1n sufriendo el impacto de esas medidas arbitrarias e injustificadas que tienen como \u00fanico fin ajustar a los trabajadores y reducir la presencia del Estado y la prestaci\u00f3n de servicios p\u00fablicos, para favorecer a las corporaciones.<\/p>\n<p>En tal sentido, los trabajadores rechazaron las pol\u00edticas oficiales, tal como lo viene haciendo ATE desde el inicio de la gesti\u00f3n macrista, ya que van en detrimento del inter\u00e9s general, y ratificaron la participaci\u00f3n en la movilizaci\u00f3n del pr\u00f3ximo 15 de febrero.&nbsp;<\/p>\n<p>Se resolvi\u00f3 convocar para las 9 horas en frente a la sede del INTI (Plaza de las Am\u00e9ricas) para posteriormente realizar la movilizaci\u00f3n.<\/p>\n<p>As\u00ed tambi\u00e9n se aprob\u00f3 una serie de actividades y medidas de fuerza, en cronograma, para dar continuidad al plan de lucha:<\/p>\n<ul>\n<li>El viernes 16 de febrero se convoca a un nuevo plenario general, a las 10 horas en sede de ATE.<\/li>\n<li>El 21 de febrero jornada de lucha conjuntamente con gremios y organizaciones sociales.<\/li>\n<li>El 1\u00ba de marzo, actividad de protesta con motivo de la apertura de sesiones legislativas del presidente Macri en el Congreso Nacional.<\/li>\n<li>El 2 de marzo jornada de difusi\u00f3n, en plaza V\u00e9lez Sarsfield, de la Subsecretar\u00eda de Agricultura Familiar para dar a conocer a la conocer a la comunidad las actividades que realiza el organismo.<\/li>\n<li>El 8 de marzo Paro por el D\u00eda Internacional de la Mujer Trabajadora<\/li>\n<\/ul>\n<p>En la oportunidad, estuvieron presentes compa\u00f1eros de la&nbsp;Escuela de Gendarmer\u00eda (Jes\u00fas Mar\u00eda), hospitales provinciales De Ni\u00f1os, Rawson, Misericordia, C\u00f3rdoba, Pedi\u00e1trico, Maternidad Provincial, Urrutia (Unquillo),&nbsp;Personal Civil de la Colonia Costanera (Cosqu\u00edn),&nbsp;Direcci\u00f3n Provincial de V\u00edctimas de Delitos Sexuales, Senaf,&nbsp;Desarrollo Social de la Provincia, no docentes de UNC, INTI, Subsecretar\u00eda de Agricultura Familiar, Desarrollo Social de la Naci\u00f3n, Senasa, ANAC, Parques Nacionales, Fabricaciones Militares (R\u00edo Tercero), Subsecretaria Provincial del Polo Integral de la Mujer y Dioxitek.<\/p>\n","protected":false},"excerpt":{"rendered":"<p>La Comisi\u00f3n Directiva de ATE C\u00f3rdoba, conjuntamente con delegados nacionales y provinciales, resolvieron convocar en la delegaci\u00f3n de INTI el pr\u00f3ximo 15 de febrero con motivo del paro nacional de nuestro gremio, bajo la consigna &#8216;Basta de despidos, reincorporaci\u00f3n ya&#8217;. Tambi\u00e9n se resolvieron actividades para dar continuidad al plan de lucha. En plenario General de [&hellip;]<\/p>\n","protected":false},"author":1,"featured_media":19220,"comment_status":"open","ping_status":"open","sticky":false,"template":"","format":"standard","meta":{"_exactmetrics_skip_tracking":false,"_exactmetrics_sitenote_active":false,"_exactmetrics_sitenote_note":"","_exactmetrics_sitenote_category":0,"jnews-multi-image_gallery":[],"jnews_single_post":[],"jnews_primary_category":[],"jnews_social_meta":[],"jnews_review":[],"enable_review":"","type":"","name":"","summary":"","brand":"","sku":"","good":[],"bad":[],"score_override":"","override_value":"","rating":[],"price":[],"jnews_override_counter":[],"jnews_post_split":[],"footnotes":""},"categories":[21],"tags":[],"class_list":["post-9727","post","type-post","status-publish","format-standard","has-post-thumbnail","hentry","category-paro-nacional"],"jetpack_featured_media_url":"https:\/\/atecordoba.org\/wp-content\/uploads\/2020\/05\/logo-nuevochico-e1561581322808.png","_links":{"self":[{"href":"https:\/\/atecordoba.org\/index.php?rest_route=\/wp\/v2\/posts\/9727","targetHints":{"allow":["GET"]}}],"collection":[{"href":"https:\/\/atecordoba.org\/index.php?rest_route=\/wp\/v2\/posts"}],"about":[{"href":"https:\/\/atecordoba.org\/index.php?rest_route=\/wp\/v2\/types\/post"}],"author":[{"embeddable":true,"href":"https:\/\/atecordoba.org\/index.php?rest_route=\/wp\/v2\/users\/1"}],"replies":[{"embeddable":true,"href":"https:\/\/atecordoba.org\/index.php?rest_route=%2Fwp%2Fv2%2Fcomments&post=9727"}],"version-history":[{"count":0,"href":"https:\/\/atecordoba.org\/index.php?rest_route=\/wp\/v2\/posts\/9727\/revisions"}],"wp:featuredmedia":[{"embeddable":true,"href":"https:\/\/atecordoba.org\/index.php?rest_route=\/wp\/v2\/media\/19220"}],"wp:attachment":[{"href":"https:\/\/atecordoba.org\/index.php?rest_route=%2Fwp%2Fv2%2Fmedia&parent=9727"}],"wp:term":[{"taxonomy":"category","embeddable":true,"href":"https:\/\/atecordoba.org\/index.php?rest_route=%2Fwp%2Fv2%2Fcategories&post=9727"},{"taxonomy":"post_tag","embeddable":true,"href":"https:\/\/atecordoba.org\/index.php?rest_route=%2Fwp%2Fv2%2Ftags&post=9727"}],"curies":[{"name":"wp","href":"https:\/\/api.w.org\/{rel}","templated":true}]}}