{"id":9721,"date":"2018-02-08T11:54:17","date_gmt":"2018-02-08T14:54:17","guid":{"rendered":"http:\/\/www.atecordoba.org\/?p=9721"},"modified":"2018-02-08T11:54:17","modified_gmt":"2018-02-08T14:54:17","slug":"15-de-febrero-la-cta-autonoma-anuncio-paro-y-movilizacion-contra-los-despidos","status":"publish","type":"post","link":"https:\/\/atecordoba.org\/?p=9721","title":{"rendered":"15 de febrero: La CTA Aut\u00f3noma anunci\u00f3 Paro y Movilizaci\u00f3n contra los despidos"},"content":{"rendered":"<p style=\"font-weight: 400;\"><em>En una conferencia de prensa realizada en la sede nacional de la CTA Aut\u00f3noma, dirigentes de la Central junto a otras organizaciones del campo popular, anunciaron una medida de fuerza para el pr\u00f3ximo jueves 15 de febrero.&nbsp;<\/em><\/p>\n<div class=\"epyt-video-wrapper\"><iframe loading=\"lazy\"  style=\"display: block; margin: 0px auto;\"  id=\"_ytid_42568\"  width=\"480\" height=\"270\"  data-origwidth=\"480\" data-origheight=\"270\" src=\"https:\/\/www.youtube.com\/embed\/C43dSBnwQyE?enablejsapi=1&#038;autoplay=0&#038;cc_load_policy=0&#038;cc_lang_pref=&#038;iv_load_policy=3&#038;loop=0&#038;rel=0&#038;fs=1&#038;playsinline=0&#038;autohide=2&#038;theme=dark&#038;color=red&#038;controls=1&#038;disablekb=0&#038;\" class=\"__youtube_prefs__  epyt-is-override  no-lazyload\" title=\"YouTube player\"  allow=\"fullscreen; accelerometer; autoplay; clipboard-write; encrypted-media; gyroscope; picture-in-picture; web-share\" referrerpolicy=\"strict-origin-when-cross-origin\" allowfullscreen data-no-lazy=\"1\" data-skipgform_ajax_framebjll=\"\"><\/iframe><\/div>\n<p style=\"font-weight: 400;\">La acci\u00f3n tendr\u00e1 alcance nacional, e incluye paro, cortes de rutas, ollas populares y caravanas que ingresar\u00e1n a Capital Federal desde los distintos lugares donde se registran despidos y ajuste. La jornada finalizar\u00e1 con un acto en Plaza de Mayo.<\/p>\n<p style=\"font-weight: 400;\">Adem\u00e1s de la CTA Aut\u00f3noma, en la conferencia de prensa estuvieron presentes representantes de ATE, AAPM, Conadu Hist\u00f3rica, Fesprosa, la Federaci\u00f3n Azucarera Regional, SUTNA, CTEP, CCC, Barrios de Pi\u00e9, de la Corriente Sindical Clasista en el Polo Obrero, el MST Teresa Vive.<\/p>\n<p style=\"font-weight: 400;\">Informaron que habr\u00e1 cortes de ruta, ollas populares y movilizaciones en todo el pa\u00eds. Desde el INTI, del Hospital Posadas, del Aeropuerto de Ezeiza, y del Municipio de Quilmes, saldr\u00e1n caravanas de trabajadores para confluir con el conjunto de los trabajadores y trabajadoras en un gran acto en Plaza de Mayo.<\/p>\n<p style=\"font-weight: 400;\">Ricardo Peidro, Secretario General Adjunto de la Central dijo: &#8220;Vamos a unificar en una expresi\u00f3n el d\u00eda 15 de febrero, todos los conflictos que se est\u00e1n llevando adelante a lo largo y ancho del pa\u00eds&#8221;, indic\u00f3 y explic\u00f3 que &#8220;hay despidos en el INTI, en el Hospital Posadas, en R\u00edo Turbio, en los ingenios azucareros. Tambi\u00e9n est\u00e1n en conflicto los compa\u00f1eros aceiteros, de la industria farmac\u00e9utica, los y las trabajadoras de prensa&#8221;.<\/p>\n<p style=\"font-weight: 400;\">Asimismo inform\u00f3 que el 15 &#8220;ser\u00e1 una expresi\u00f3n de unidad de muchos sectores, que se sentir\u00e1 en todas las provincias, y en la Ciudad de Buenos Aires vamos a confluir en un acto en la Plaza de Mayo&#8221;, dijo Peidro y afirm\u00f3: &#8220;Ante los despidos y el ajuste, nuestra respuesta como Central es paro y movilizaci\u00f3n&#8221;.<\/p>\n<p style=\"font-weight: 400;\">Luego, Hugo &#8220;Cachorro&#8221; Godoy explic\u00f3 que el paro es contra &#8220;la salvaje y brutal pol\u00edtica de ajuste que lleva adelante el Presidente Macri y frente a la militarizaci\u00f3n de los lugares donde se despiden trabajadores&#8221;. Asimismo denunci\u00f3 que muchos despidos &#8220;son persecutorios porque incluyen a delegados y dirigentes sindicales&#8221;.<\/p>\n<p style=\"font-weight: 400;\">Por otro lado afirm\u00f3 que los despidos en el Estado, esconden el vaciamiento de las empresas estatales, y de los medios p\u00fablicos. &#8220;Tambi\u00e9n denunciamos la Ley de Reforma Laboral, y que se derogue la Ley de Reforma Previsional, basta de precarizaci\u00f3n laboral y apertura ya de paritarias&#8221;.<\/p>\n<p style=\"font-weight: 400;\">Por la CTEP, Esteban &#8220;Gringo&#8221; Castro inform\u00f3 que est\u00e1n pidiendo &#8220;que sean los trabajadores de la econom\u00eda popular quienes se encarguen de la realizaci\u00f3n de las obras p\u00fablicas&#8221;. &#8220;Las familias m\u00e1s pobres de la Argentina hoy subsisten con un Salario Social Complementario de 4 mil pesos&#8221;, dijo Castro y ratific\u00f3: &#8220;El jueves 15 de febrero vamos a marchar para que todas las expresiones sociales y sindicales puedan manifestarse en contra de esta pol\u00edtica de ajuste&#8221;.<\/p>\n<p style=\"font-weight: 400;\">Por su parte, Mariano Cuenca, Secretario General de la Federaci\u00f3n Azucarera Regional inform\u00f3 sobre los despidos en esa industria: 30 en Ledesma, 181 en San Martin de El Tabacal, 328 en el Ingenio La Esperanza, mientras que el Ingenio San Isidro -administrado por una multinacional de capitales peruanos- ha entrado en un proceso de quiebra, dejando en la calle a 2600 trabajadores. En el Ingenio R\u00edo Grande ya est\u00e1n amenazando que este a\u00f1o los trabajadores no pidan aumento salarial porque si no tambi\u00e9n habr\u00eda despidos. &#8220;Nosotros vamos a participar de la movilizaci\u00f3n del 15 con toda la CTA Aut\u00f3noma, pero el d\u00eda 19 tambi\u00e9n vamos a realizar una marcha por las provincias de Salta y Jujuy&#8221;, afirm\u00f3 Cuenca.<\/p>\n<p style=\"font-weight: 400;\">En representaci\u00f3n de los trabajadores de la salud, habl\u00f3 Jorge Yabkowski, Secretario General de FESPROSA, quien ratific\u00f3 el plan de lucha de la Federaci\u00f3n que preside: &#8220;ma\u00f1ana habr\u00e1 paro de 24 horas en el Hospital Posadas con subida a la autopista y marcha al centro de Mor\u00f3n en reclamo de la reincorporaci\u00f3n de los 122 despedidos en el Posadas, entre ellos 50 enfermeros del turno noche&#8221;. Asimismo anunci\u00f3 paro nacional de salud el d\u00eda 15: &#8220;600 hospitales y centros de salud est\u00e1n de paro en todo el pa\u00eds, mientras que la caravana saldr\u00e1 a las 10 de la ma\u00f1ana para confluir con el resto de los trabajadores en Plaza de Mayo&#8221;, indic\u00f3.<\/p>\n<p style=\"font-weight: 400;\">El Secretario General de CONADU Hist\u00f3rica, Luis Tiscornia anunci\u00f3 que los docentes universitarios &#8220;nos sumamos a la jornada de lucha en defensa de nuestros derechos y nuestros salarios&#8221;. &#8220;Nuestra paritaria vence en febrero y a\u00fan no hemos tenido convocatoria a la paritaria y ya sabemos la intenci\u00f3n de este gobierno de imponer aumentos del 15%&#8221;, inform\u00f3 Tiscornia y a\u00f1adi\u00f3: &#8220;esta medida es en defensa de nuestros derechos y tambi\u00e9n de la educaci\u00f3n p\u00fablica, porque al ahogo presupuestario se le suman las pol\u00edticas de transformaci\u00f3n del sistema educativo, que busca hacer de la educaci\u00f3n una mercanc\u00eda y terminar con el sistema cient\u00edfico tecnol\u00f3gico en Argentina, y as\u00ed se ajusta el futuro del pa\u00eds&#8221;.<\/p>\n","protected":false},"excerpt":{"rendered":"<p>En una conferencia de prensa realizada en la sede nacional de la CTA Aut\u00f3noma, dirigentes de la Central junto a otras organizaciones del campo popular, anunciaron una medida de fuerza para el pr\u00f3ximo jueves 15 de febrero.&nbsp; La acci\u00f3n tendr\u00e1 alcance nacional, e incluye paro, cortes de rutas, ollas populares y caravanas que ingresar\u00e1n a [&hellip;]<\/p>\n","protected":false},"author":1,"featured_media":19220,"comment_status":"open","ping_status":"open","sticky":false,"template":"","format":"standard","meta":{"_exactmetrics_skip_tracking":false,"_exactmetrics_sitenote_active":false,"_exactmetrics_sitenote_note":"","_exactmetrics_sitenote_category":0,"jnews-multi-image_gallery":[],"jnews_single_post":[],"jnews_primary_category":[],"jnews_social_meta":[],"jnews_review":[],"enable_review":"","type":"","name":"","summary":"","brand":"","sku":"","good":[],"bad":[],"score_override":"","override_value":"","rating":[],"price":[],"jnews_override_counter":[],"jnews_post_split":[],"footnotes":""},"categories":[92,21],"tags":[],"class_list":["post-9721","post","type-post","status-publish","format-standard","has-post-thumbnail","hentry","category-cta","category-paro-nacional"],"jetpack_featured_media_url":"https:\/\/atecordoba.org\/wp-content\/uploads\/2020\/05\/logo-nuevochico-e1561581322808.png","_links":{"self":[{"href":"https:\/\/atecordoba.org\/index.php?rest_route=\/wp\/v2\/posts\/9721","targetHints":{"allow":["GET"]}}],"collection":[{"href":"https:\/\/atecordoba.org\/index.php?rest_route=\/wp\/v2\/posts"}],"about":[{"href":"https:\/\/atecordoba.org\/index.php?rest_route=\/wp\/v2\/types\/post"}],"author":[{"embeddable":true,"href":"https:\/\/atecordoba.org\/index.php?rest_route=\/wp\/v2\/users\/1"}],"replies":[{"embeddable":true,"href":"https:\/\/atecordoba.org\/index.php?rest_route=%2Fwp%2Fv2%2Fcomments&post=9721"}],"version-history":[{"count":0,"href":"https:\/\/atecordoba.org\/index.php?rest_route=\/wp\/v2\/posts\/9721\/revisions"}],"wp:featuredmedia":[{"embeddable":true,"href":"https:\/\/atecordoba.org\/index.php?rest_route=\/wp\/v2\/media\/19220"}],"wp:attachment":[{"href":"https:\/\/atecordoba.org\/index.php?rest_route=%2Fwp%2Fv2%2Fmedia&parent=9721"}],"wp:term":[{"taxonomy":"category","embeddable":true,"href":"https:\/\/atecordoba.org\/index.php?rest_route=%2Fwp%2Fv2%2Fcategories&post=9721"},{"taxonomy":"post_tag","embeddable":true,"href":"https:\/\/atecordoba.org\/index.php?rest_route=%2Fwp%2Fv2%2Ftags&post=9721"}],"curies":[{"name":"wp","href":"https:\/\/api.w.org\/{rel}","templated":true}]}}