{"id":9715,"date":"2018-02-07T09:28:09","date_gmt":"2018-02-07T12:28:09","guid":{"rendered":"http:\/\/www.atecordoba.org\/?p=9715"},"modified":"2018-02-07T09:28:09","modified_gmt":"2018-02-07T12:28:09","slug":"la-muerte-del-trabajador-de-senasa-es-responsabilidad-del-gobierno","status":"publish","type":"post","link":"https:\/\/atecordoba.org\/?p=9715","title":{"rendered":"La muerte del trabajador de SENASA es responsabilidad del Gobierno"},"content":{"rendered":"<p><em>ATE&nbsp;denunci\u00f3 ayer que el fallecimiento se enmarca en el hostigamiento a trabajadores\/as que imponen las pol\u00edticas macristas en el Estado.<\/em><\/p>\n<p><img loading=\"lazy\" decoding=\"async\" class=\"aligncenter size-full wp-image-9716\" src=\"http:\/\/www.atecordoba.org\/wp-content\/uploads\/2018\/02\/senasa-e1518006400933.jpg\" alt=\"\" width=\"550\" height=\"359\"><\/p>\n<p style=\"font-weight: 400;\">Desde que asumi\u00f3 el Gobierno de Mauricio Macri, emprendi\u00f3 una pol\u00edtica de achique del Estado, ejecutada a partir de despidos masivos pero tambi\u00e9n con medidas de reestructuraci\u00f3n y cambio de funciones que afecta la vida laboral, produce un Estado de conmoci\u00f3n permanente dentro de los \u00e1mbitos laborales y vulnera los derechos elementales de los trabajadores\/as.<\/p>\n<p style=\"font-weight: 400;\">El lunes 5 de febrero, Juan Carlos Cabrera, un trabajador del SENASA de 65 a\u00f1os, recibi\u00f3 un correo electr\u00f3nico en el cual se le notificaba que iba a ser trasladado del \u00e1rea en el que se desempe\u00f1aba desde hac\u00eda a\u00f1os y en la que se hab\u00eda especializado. Pasar\u00eda de &#8220;Contenciosos&#8221; a &#8220;Dict\u00e1menes&#8221;.<\/p>\n<p style=\"font-weight: 400;\">Luego de la informal notificaci\u00f3n, Juan Carlos \u2013junto a otros compa\u00f1eros afectados- se reuni\u00f3 con su superior, a quien le manifiesta su disconformidad y le expresa que prefiere jubilarse. Minutos despu\u00e9s, se descompensa. A pesar de recibir atenci\u00f3n de m\u00e9dicos de SENASA y SAME, pierde la vida a causa de un paro cardiorespiratorio.<\/p>\n<p style=\"font-weight: 400;\">Desde la sede bonaerense del SENASA emitieron un comunicado de solidaridad en el que denunciaron que este hecho se enmarca en &#8220;las hostilidades, maltrato y persecuci\u00f3n&#8221; que viven a diario los trabajadores\/as de ese organismo.<\/p>\n<p style=\"font-weight: 400;\">&#8220;La nefasta e irresponsables decisiones pol\u00edticas de quienes conducen SENASA pretende tratarnos a los trabajadores como objetos que se pueden cambiar de un lugar a otro, alterar nuestras vidas, sin respetar trayectorias, identidades y arraigos&#8221;, testimoniaron.<\/p>\n<p style=\"font-weight: 400;\">Por todo ello, desde ATE Nacional reafirmaron que el Gobierno y las autoridades del SENASA son responsables del fallecimiento del compa\u00f1ero Cabrera.<\/p>\n<p style=\"font-weight: 400;\">El Gobierno Nacional deshumaniza el conflicto que hoy atraviesa a la clase trabajadora. Ejecuta medidas hablando de n\u00fameros y de ajuste de gastos, estigmatiza a los trabajadores\/as estatales. Pero detr\u00e1s de cada trabajador despedido, precarizado, vulnerado en sus derechos, hay familias, proyectos y vidas.<\/p>\n<p style=\"font-weight: 400;\">Porque los despidos tienen rostro y el trabajo dignifica, ATE profundiza la pelea por la reincorporaci\u00f3n de cada despedido\/a.<\/p>\n","protected":false},"excerpt":{"rendered":"<p>ATE&nbsp;denunci\u00f3 ayer que el fallecimiento se enmarca en el hostigamiento a trabajadores\/as que imponen las pol\u00edticas macristas en el Estado. Desde que asumi\u00f3 el Gobierno de Mauricio Macri, emprendi\u00f3 una pol\u00edtica de achique del Estado, ejecutada a partir de despidos masivos pero tambi\u00e9n con medidas de reestructuraci\u00f3n y cambio de funciones que afecta la vida [&hellip;]<\/p>\n","protected":false},"author":1,"featured_media":19220,"comment_status":"open","ping_status":"open","sticky":false,"template":"","format":"standard","meta":{"_exactmetrics_skip_tracking":false,"_exactmetrics_sitenote_active":false,"_exactmetrics_sitenote_note":"","_exactmetrics_sitenote_category":0,"jnews-multi-image_gallery":[],"jnews_single_post":[],"jnews_primary_category":[],"jnews_social_meta":[],"jnews_review":[],"enable_review":"","type":"","name":"","summary":"","brand":"","sku":"","good":[],"bad":[],"score_override":"","override_value":"","rating":[],"price":[],"jnews_override_counter":[],"jnews_post_split":[],"footnotes":""},"categories":[112],"tags":[],"class_list":["post-9715","post","type-post","status-publish","format-standard","has-post-thumbnail","hentry","category-senasa"],"jetpack_featured_media_url":"https:\/\/atecordoba.org\/wp-content\/uploads\/2020\/05\/logo-nuevochico-e1561581322808.png","_links":{"self":[{"href":"https:\/\/atecordoba.org\/index.php?rest_route=\/wp\/v2\/posts\/9715","targetHints":{"allow":["GET"]}}],"collection":[{"href":"https:\/\/atecordoba.org\/index.php?rest_route=\/wp\/v2\/posts"}],"about":[{"href":"https:\/\/atecordoba.org\/index.php?rest_route=\/wp\/v2\/types\/post"}],"author":[{"embeddable":true,"href":"https:\/\/atecordoba.org\/index.php?rest_route=\/wp\/v2\/users\/1"}],"replies":[{"embeddable":true,"href":"https:\/\/atecordoba.org\/index.php?rest_route=%2Fwp%2Fv2%2Fcomments&post=9715"}],"version-history":[{"count":0,"href":"https:\/\/atecordoba.org\/index.php?rest_route=\/wp\/v2\/posts\/9715\/revisions"}],"wp:featuredmedia":[{"embeddable":true,"href":"https:\/\/atecordoba.org\/index.php?rest_route=\/wp\/v2\/media\/19220"}],"wp:attachment":[{"href":"https:\/\/atecordoba.org\/index.php?rest_route=%2Fwp%2Fv2%2Fmedia&parent=9715"}],"wp:term":[{"taxonomy":"category","embeddable":true,"href":"https:\/\/atecordoba.org\/index.php?rest_route=%2Fwp%2Fv2%2Fcategories&post=9715"},{"taxonomy":"post_tag","embeddable":true,"href":"https:\/\/atecordoba.org\/index.php?rest_route=%2Fwp%2Fv2%2Ftags&post=9715"}],"curies":[{"name":"wp","href":"https:\/\/api.w.org\/{rel}","templated":true}]}}