{"id":9700,"date":"2018-02-06T13:35:41","date_gmt":"2018-02-06T16:35:41","guid":{"rendered":"http:\/\/www.atecordoba.org\/?p=9700"},"modified":"2020-07-02T12:24:01","modified_gmt":"2020-07-02T15:24:01","slug":"15-de-febrero-paro-nacional-de-ate-contra-los-despidos","status":"publish","type":"post","link":"https:\/\/atecordoba.org\/?p=9700","title":{"rendered":"15 de febrero: Paro Nacional de ATE contra los despidos"},"content":{"rendered":"<p><em>La conferencia de prensa desde INTI realizada el viernes pasado nacionaliza el conflicto. Impactante muestra de solidaridad y unidad contra las pol\u00edticas de ajuste. La conducci\u00f3n nacional convoca a un paro nacional para rechazar los despidos de todos los organismos conjuntamente.<\/em><\/p>\n<div class=\"epyt-video-wrapper\"><iframe loading=\"lazy\"  style=\"display: block; margin: 0px auto;\"  id=\"_ytid_56315\"  width=\"480\" height=\"270\"  data-origwidth=\"480\" data-origheight=\"270\" src=\"https:\/\/www.youtube.com\/embed\/rt5hNjgbN1E?enablejsapi=1&#038;autoplay=0&#038;cc_load_policy=0&#038;cc_lang_pref=&#038;iv_load_policy=3&#038;loop=0&#038;rel=0&#038;fs=1&#038;playsinline=0&#038;autohide=2&#038;theme=dark&#038;color=red&#038;controls=1&#038;disablekb=0&#038;\" class=\"__youtube_prefs__  epyt-is-override  no-lazyload\" title=\"YouTube player\"  allow=\"fullscreen; accelerometer; autoplay; clipboard-write; encrypted-media; gyroscope; picture-in-picture; web-share\" referrerpolicy=\"strict-origin-when-cross-origin\" allowfullscreen data-no-lazy=\"1\" data-skipgform_ajax_framebjll=\"\"><\/iframe><\/div>\n<p style=\"font-style: inherit; font-weight: inherit;\">En una convocatoria que concentr\u00f3 la atenci\u00f3n medios todo el pa\u00eds, los trabajadores y trabajadoras del Instituto Nacional de Tecnolog\u00eda Industrial lograron romper el cerco del INTI y trasladar al conjunto de la sociedad el conflicto por los 250 despidos, en una ampl\u00edsima demostraci\u00f3n de unidad de distintos espacios, que sirvi\u00f3 para visibilizar tambi\u00e9n las luchas contra el ajuste que se vienen desarrollando en las \u00faltimas semanas en el&nbsp;Servicio Nacional de Sanidad Agroalimentaria, en la mina de carb\u00f3n de R\u00edo Turbio, en el Hospital Posadas, y en el Ballet Nacional de Danza.<\/p>\n<p><img loading=\"lazy\" decoding=\"async\" class=\"aligncenter size-full wp-image-9703\" src=\"http:\/\/www.atecordoba.org\/wp-content\/uploads\/2018\/02\/11719_7249-e1517934707819.jpg\" alt=\"\" width=\"550\" height=\"353\"><\/p>\n<p>&nbsp;<\/p>\n<p style=\"font-style: inherit; font-weight: inherit;\">El primero en tomar el micr\u00f3fono fue el&nbsp;Secretario General del Consejo Directivo Nacional de la Asociaci\u00f3n Trabajadores del Estado, Hugo Cachorro Godoy, que adelant\u00f3 la medida de fuerza que se realizar\u00e1 este mes: \u201cVamos a trabajar en fortalecer esta unidad y en manifestarla en las calles. El martes vamos a presentar la propuesta de realizar un Paro Nacional de nuestras organizaciones el 15 de febrero, y reiterar que respaldamos todas las medidas de todas las organizaciones\u201d. Adem\u00e1s, el titular de ATE Nacional valor\u00f3 la gran cantidad de sectores pol\u00edticos, sociales y sindicales representados en la actividad: \u201cno va a haber ni uno solo de los despidos que se han producido, ni un nuevo despido que pueda llegar a producirse, en esta pol\u00edtica de barbarie que est\u00e1 llevando adelante el presidente Macri, que no tenga la respuesta de las trabajadoras y los trabajadores organizados para lograr su reincorporaci\u00f3n, tanto en el sector p\u00fablico como en el privado. Y todos nuestros esfuerzos est\u00e1n dirigidos en cada una de nuestras organizaciones a emblocar nuestras fuerzas, a ampliar los niveles de unidad en la medida en que estemos todos en la calle y debatiendo a fondo una propuesta clara que sea, no solamente unirnos por el espanto, sino unirnos tambi\u00e9n en funci\u00f3n de una Argentina diferente\u201d.<\/p>\n<p><img loading=\"lazy\" decoding=\"async\" class=\"aligncenter size-full wp-image-9702\" src=\"http:\/\/www.atecordoba.org\/wp-content\/uploads\/2018\/02\/11719_7252-e1517934662107.jpg\" alt=\"\" width=\"550\" height=\"367\"><\/p>\n<p style=\"font-style: inherit; font-weight: inherit;\">El masivo encuentro con los medios se realiz\u00f3 al costado de la entrada a la sede central del INTI, el General Paz al 5400, en donde cada d\u00eda, desde el viernes pasado, los trabajadores despedidos y en funciones realizan asambleas abiertas para definir los pasos a seguir. &nbsp;<\/p>\n<p style=\"font-style: inherit; font-weight: inherit;\">Luego, el&nbsp;Secretario Adjunto de la CTA-Aut\u00f3noma, Ricardo Peidro, ratific\u00f3 el anuncio de la medida de fuerza: \u201cLos CEO\u00b4s que gobiernan son los mismos que est\u00e1n al frente de las empresas, de ah\u00ed que haya sindicatos que est\u00e1n siendo perseguidos por su actitud combativa. El d\u00eda 15 vamos a hacer una jornada de lucha con el paro de todas nuestras organizaciones, y movilizaci\u00f3n, marchando en unidad, apoyando todas las luchas en todo el pa\u00eds\u201d.<\/p>\n<p style=\"font-style: inherit; font-weight: inherit;\"><img loading=\"lazy\" decoding=\"async\" class=\"aligncenter size-full wp-image-9704\" src=\"http:\/\/www.atecordoba.org\/wp-content\/uploads\/2018\/02\/11719_7258-e1517934739708.jpg\" alt=\"\" width=\"550\" height=\"367\">&nbsp;<\/p>\n<p style=\"font-style: inherit; font-weight: inherit;\">La medida de fuerza ser\u00e1 ratificada en un plenario de Secretario Generales de ATE y CTA-A que se realizar\u00e1 el pr\u00f3ximo martes.<\/p>\n<p style=\"font-style: inherit; font-weight: inherit;\">Por su parte, el&nbsp;Intendente de San Martin, Gabriel Katopod\u00eds, cuestion\u00f3 fuertemente la pol\u00edtica econ\u00f3mica y laboral del Gobierno de Cambiemos: \u201cno es sac\u00e1ndole 100 mil millones de pesos a los jubilados ni sac\u00e1ndole planta a los trabajadores para pon\u00e9rsela en los bolsillos a las empresas petroleras y el\u00e9ctricas como se resuelven los problemas de este pa\u00eds, los problemas de la Argentina se van a resolver con m\u00e1s trabajadores en el INTI, con mas Estado, y con un pa\u00eds que se ponga de pie cada vez que se toque una fuente de trabajo\u201d.<\/p>\n<p><img loading=\"lazy\" decoding=\"async\" class=\"aligncenter size-full wp-image-9705\" src=\"http:\/\/www.atecordoba.org\/wp-content\/uploads\/2018\/02\/11719_7254-e1517934763481.jpg\" alt=\"\" width=\"550\" height=\"367\"><\/p>\n<p style=\"font-style: inherit; font-weight: inherit;\">En la actividad, encabezada por la Junta Interna de ATE INTI, por ATE Nacional y por los trabajadores de distintos sectores del Estado en conflicto, estuvieron presentes referentes del FIT, MAS, Unidad Ciudadana, Ferroviarios, ATE Capital, del Sutna, de CICOP, Fesprosa, CTA-Capital, seccionales de Suteba, Ademys, entre much\u00edsimos otros. &nbsp;<\/p>\n<p style=\"font-style: inherit; font-weight: inherit;\">Otro de los organismos convocantes a la jornada fue el SENASA, donde los trabajadores resisten 130 despidos y el intento de privatizar los controles sanitarios.&nbsp;Carina Maloberti, delegada de ATE-SENASA, tambi\u00e9n hablo sobre la necesidad de una medida de fuerza de amplio alcance: \u201cvenimos a construir la unidad de clase que se necesita, queremos un paro activo nacional en las rutas, queremos encontrarnos con nuestro pueblo en las localidades, ellos lo hicieron, cuando le tocaron el bolsillo salieron a las rutas, se enfierraron hasta los dientes, nos mostraban las armas cuando les tocaron las retenciones. Vamos a la ruta por la defensa de la Patria que est\u00e1 en riesgo, hay diferencia de clase con los oligarcas, no entre nosotros\u201d.<\/p>\n<p><img loading=\"lazy\" decoding=\"async\" class=\"aligncenter size-full wp-image-9706\" src=\"http:\/\/www.atecordoba.org\/wp-content\/uploads\/2018\/02\/11719_7262-e1517934817106.jpg\" alt=\"\" width=\"550\" height=\"370\"><\/p>\n<p style=\"font-style: inherit; font-weight: inherit;\">Pancho Dollman, secretario general de ATE-INTI,&nbsp;fue uno de los \u00faltimos oradores de la conferencia de prensa: \u201cno saben c\u00f3mo salir de este conflicto, dentro de los 250 despedidos hay 40 delegados, para realizar cualquier reestructuraci\u00f3n del organismo primero tienen que destruir la organizaci\u00f3n gremial, y a eso apuntan, a las 3 agrupaciones que hist\u00f3ricamente funcionamos en el INTI\u201d. El dirigente de ATE Nacional tambi\u00e9n destaco que \u201ca pesar de que hay asueto, y los compa\u00f1eros que no est\u00e1n despedidos no tendr\u00edan que venir, todos los d\u00edas vienen alrededor de 800 compa\u00f1eros a apoyarnos a los que estamos adentro, haciendo la resistencia para que el ajuste neoliberal del gobierno no pase\u201d. &nbsp;<\/p>\n<p><img loading=\"lazy\" decoding=\"async\" class=\"aligncenter size-full wp-image-9707\" src=\"http:\/\/www.atecordoba.org\/wp-content\/uploads\/2018\/02\/11719_7263-e1517934835784.jpg\" alt=\"\" width=\"550\" height=\"367\"><\/p>\n<p style=\"font-style: inherit; font-weight: inherit;\">Por \u00faltimo, antes de iniciar la asamblea de saludos y muestras de solidaridad,&nbsp;Nora Corti\u00f1as, de Madres de Plaza de Mayo L\u00ednea Fundadora, salud\u00f3 la lucha de todos los sectores de trabajo amenazados por el Gobierno Nacional:&nbsp;\u201ctodos los trabajadores ponen todo, entonces c\u00f3mo es posible que sean expulsados de su fuente de trabajo, las Madres tenemos nuestros desaparecidos de todas las profesiones, por eso fuimos levantando las banderas de todas las luchas, por eso ustedes, mujeres y varones, son nuestros Hijos\u201d.<\/p>\n<p style=\"font-style: inherit; font-weight: inherit;\">(Prensa ATE Nacional)<\/p>\n<p style=\"font-style: inherit; font-weight: inherit;\">&nbsp;<\/p>\n<p>&nbsp;<\/p>\n<p>&nbsp;<\/p>\n","protected":false},"excerpt":{"rendered":"<p>La conferencia de prensa desde INTI realizada el viernes pasado nacionaliza el conflicto. Impactante muestra de solidaridad y unidad contra las pol\u00edticas de ajuste. La conducci\u00f3n nacional convoca a un paro nacional para rechazar los despidos de todos los organismos conjuntamente. En una convocatoria que concentr\u00f3 la atenci\u00f3n medios todo el pa\u00eds, los trabajadores y [&hellip;]<\/p>\n","protected":false},"author":1,"featured_media":19220,"comment_status":"open","ping_status":"open","sticky":false,"template":"","format":"standard","meta":{"_exactmetrics_skip_tracking":false,"_exactmetrics_sitenote_active":false,"_exactmetrics_sitenote_note":"","_exactmetrics_sitenote_category":0,"jnews-multi-image_gallery":[],"jnews_single_post":[],"jnews_primary_category":[],"jnews_social_meta":[],"jnews_review":[],"enable_review":"","type":"","name":"","summary":"","brand":"","sku":"","good":[],"bad":[],"score_override":"","override_value":"","rating":[],"price":[],"jnews_override_counter":[],"jnews_post_split":[],"footnotes":""},"categories":[100],"tags":[],"class_list":["post-9700","post","type-post","status-publish","format-standard","has-post-thumbnail","hentry","category-inti"],"jetpack_featured_media_url":"https:\/\/atecordoba.org\/wp-content\/uploads\/2020\/05\/logo-nuevochico-e1561581322808.png","_links":{"self":[{"href":"https:\/\/atecordoba.org\/index.php?rest_route=\/wp\/v2\/posts\/9700","targetHints":{"allow":["GET"]}}],"collection":[{"href":"https:\/\/atecordoba.org\/index.php?rest_route=\/wp\/v2\/posts"}],"about":[{"href":"https:\/\/atecordoba.org\/index.php?rest_route=\/wp\/v2\/types\/post"}],"author":[{"embeddable":true,"href":"https:\/\/atecordoba.org\/index.php?rest_route=\/wp\/v2\/users\/1"}],"replies":[{"embeddable":true,"href":"https:\/\/atecordoba.org\/index.php?rest_route=%2Fwp%2Fv2%2Fcomments&post=9700"}],"version-history":[{"count":1,"href":"https:\/\/atecordoba.org\/index.php?rest_route=\/wp\/v2\/posts\/9700\/revisions"}],"predecessor-version":[{"id":20575,"href":"https:\/\/atecordoba.org\/index.php?rest_route=\/wp\/v2\/posts\/9700\/revisions\/20575"}],"wp:featuredmedia":[{"embeddable":true,"href":"https:\/\/atecordoba.org\/index.php?rest_route=\/wp\/v2\/media\/19220"}],"wp:attachment":[{"href":"https:\/\/atecordoba.org\/index.php?rest_route=%2Fwp%2Fv2%2Fmedia&parent=9700"}],"wp:term":[{"taxonomy":"category","embeddable":true,"href":"https:\/\/atecordoba.org\/index.php?rest_route=%2Fwp%2Fv2%2Fcategories&post=9700"},{"taxonomy":"post_tag","embeddable":true,"href":"https:\/\/atecordoba.org\/index.php?rest_route=%2Fwp%2Fv2%2Ftags&post=9700"}],"curies":[{"name":"wp","href":"https:\/\/api.w.org\/{rel}","templated":true}]}}