{"id":9681,"date":"2018-02-02T15:02:57","date_gmt":"2018-02-02T18:02:57","guid":{"rendered":"http:\/\/www.atecordoba.org\/?p=9681"},"modified":"2020-07-02T12:24:10","modified_gmt":"2020-07-02T15:24:10","slug":"inti-se-cumplio-hoy-la-segunda-jornada-del-paro-de-48-horas","status":"publish","type":"post","link":"https:\/\/atecordoba.org\/?p=9681","title":{"rendered":"INTI: se cumpli\u00f3 hoy la segunda jornada del paro de 48 horas"},"content":{"rendered":"<p><em>La medida fue dispuesta por ATE en todo el pa\u00eds en rechazo de los 130 despidos que aplic\u00f3 el gobierno de Macri en el organismo.<\/em><\/p>\n<p>En C\u00f3rdoba el paro tuvo connotaciones propias por el despido de siete trabajadores. Desde la semana pasada el organismo se encuentra en estado de alerta y movilizaci\u00f3n, con grandes concentraciones frente a su sede central en reclamo del fin de los despidos y la persecuci\u00f3n a los activistas y representantes sindicales.&nbsp;<\/p>\n<p>La delegaci\u00f3n cordobesa sufre un duro embate de las autoridades, al igual que las sedes de Bell Ville y Cruz del Eje. Adem\u00e1s, las autoridades locales no aparecieron en los \u00faltimos 10 d\u00edas, aduciendo que se encuentran &#8220;de vacaciones&#8221;, por lo que los compa\u00f1eros no tienen interlocutores para canalizar sus demandas.<\/p>\n<p>El vaciamiento del organismo es un golpe al desarrollo tecnol\u00f3gico industrial y pone adem\u00e1s en crisis la certificaci\u00f3n de la producci\u00f3n de materiales riesgosos que son de uso com\u00fan de la poblaci\u00f3n como metales y pl\u00e1sticos.&nbsp;<\/p>\n<p>&nbsp;<\/p>\n<p>A pesar de estado de situaci\u00f3n y la incertidumbre que rodea el destino de los trabajadores, los compa\u00f1eros se manifiestan firmes en mantener el conflicto hasta tanto lo logre la reincorporaci\u00f3n de los despedidos.<\/p>\n<p>El INTI cuenta con m\u00e1s de 3 mil trabajadores en todo el pa\u00eds, la gran mayor\u00eda precarizados por los sucesivos gobiernos&nbsp; a pesar de los constantes reclamos de ATE y otras organizaciones sindicales.&nbsp;<\/p>\n","protected":false},"excerpt":{"rendered":"<p>La medida fue dispuesta por ATE en todo el pa\u00eds en rechazo de los 130 despidos que aplic\u00f3 el gobierno de Macri en el organismo. En C\u00f3rdoba el paro tuvo connotaciones propias por el despido de siete trabajadores. Desde la semana pasada el organismo se encuentra en estado de alerta y movilizaci\u00f3n, con grandes concentraciones [&hellip;]<\/p>\n","protected":false},"author":1,"featured_media":19220,"comment_status":"open","ping_status":"open","sticky":false,"template":"","format":"standard","meta":{"_exactmetrics_skip_tracking":false,"_exactmetrics_sitenote_active":false,"_exactmetrics_sitenote_note":"","_exactmetrics_sitenote_category":0,"jnews-multi-image_gallery":[],"jnews_single_post":[],"jnews_primary_category":[],"jnews_social_meta":[],"jnews_review":[],"enable_review":"","type":"","name":"","summary":"","brand":"","sku":"","good":[],"bad":[],"score_override":"","override_value":"","rating":[],"price":[],"jnews_override_counter":[],"jnews_post_split":[],"footnotes":""},"categories":[100],"tags":[],"class_list":["post-9681","post","type-post","status-publish","format-standard","has-post-thumbnail","hentry","category-inti"],"jetpack_featured_media_url":"https:\/\/atecordoba.org\/wp-content\/uploads\/2020\/05\/logo-nuevochico-e1561581322808.png","_links":{"self":[{"href":"https:\/\/atecordoba.org\/index.php?rest_route=\/wp\/v2\/posts\/9681","targetHints":{"allow":["GET"]}}],"collection":[{"href":"https:\/\/atecordoba.org\/index.php?rest_route=\/wp\/v2\/posts"}],"about":[{"href":"https:\/\/atecordoba.org\/index.php?rest_route=\/wp\/v2\/types\/post"}],"author":[{"embeddable":true,"href":"https:\/\/atecordoba.org\/index.php?rest_route=\/wp\/v2\/users\/1"}],"replies":[{"embeddable":true,"href":"https:\/\/atecordoba.org\/index.php?rest_route=%2Fwp%2Fv2%2Fcomments&post=9681"}],"version-history":[{"count":1,"href":"https:\/\/atecordoba.org\/index.php?rest_route=\/wp\/v2\/posts\/9681\/revisions"}],"predecessor-version":[{"id":20576,"href":"https:\/\/atecordoba.org\/index.php?rest_route=\/wp\/v2\/posts\/9681\/revisions\/20576"}],"wp:featuredmedia":[{"embeddable":true,"href":"https:\/\/atecordoba.org\/index.php?rest_route=\/wp\/v2\/media\/19220"}],"wp:attachment":[{"href":"https:\/\/atecordoba.org\/index.php?rest_route=%2Fwp%2Fv2%2Fmedia&parent=9681"}],"wp:term":[{"taxonomy":"category","embeddable":true,"href":"https:\/\/atecordoba.org\/index.php?rest_route=%2Fwp%2Fv2%2Fcategories&post=9681"},{"taxonomy":"post_tag","embeddable":true,"href":"https:\/\/atecordoba.org\/index.php?rest_route=%2Fwp%2Fv2%2Ftags&post=9681"}],"curies":[{"name":"wp","href":"https:\/\/api.w.org\/{rel}","templated":true}]}}