{"id":9669,"date":"2018-02-02T14:34:25","date_gmt":"2018-02-02T17:34:25","guid":{"rendered":"http:\/\/www.atecordoba.org\/?p=9669"},"modified":"2018-02-02T14:34:25","modified_gmt":"2018-02-02T17:34:25","slug":"trabajadores-de-senasa-de-san-luis-y-cordoba-protestaron-ayer-en-la-ruta-8","status":"publish","type":"post","link":"https:\/\/atecordoba.org\/?p=9669","title":{"rendered":"Trabajadores de SENASA de San Luis y C\u00f3rdoba protestaron ayer en la Ruta 8"},"content":{"rendered":"<p><em>Exigen la reincorporaci\u00f3n de los 130 despedidos\/as y advirtieron que el cierre de servicios, traer\u00eda m\u00e1s cesant\u00edas y agravar\u00eda el riesgo sanitario. Adelantaron el riesgo que falte carne el fin de semana.<\/em><\/p>\n<p><img loading=\"lazy\" decoding=\"async\" class=\"aligncenter size-full wp-image-9678\" src=\"http:\/\/www.atecordoba.org\/wp-content\/uploads\/2018\/02\/foto-cabeza-e1517593292594.jpeg\" alt=\"\" width=\"550\" height=\"309\"><\/p>\n<p>&nbsp;<\/p>\n<p>&nbsp;<\/p>\n<p style=\"font-weight: 400;\">Trabajadores y trabajadoras de ATE SENASA, de San Luis y C\u00f3rdoba, con el apoyo las seccionales de Villa Mercedes, Villa Mar\u00eda, R\u00edo Tercero y R\u00edo Cuarto, realizaron ayer por la ma\u00f1ana una protesta sobre la ruta nacional N\u00b0 8, en proximidades de la localidad de Vizcacheras, sobre el l\u00edmite provincial, en rechazo los 130 despidos en el SENASA. La medida tambi\u00e9n se llev\u00f3 a cabo contra el cierre de servicios en plantas de abastecimiento, que implicar\u00eda la cesant\u00eda de otros cientos de empleados.<\/p>\n<p style=\"font-weight: 400;\">Bajo la consigna \u201cMacri par\u00e1 la mano\u201d, los compa\u00f1eros realizaron cortes parciales con el prop\u00f3sito de informar a todos los conductores sobre la situaci\u00f3n que est\u00e1 atravesando el SENASA, no solamente por las fuentes laborales que se pierden, sino tambi\u00e9n por los perjuicios que las medidas del gobierno traer\u00e1n a toda la poblaci\u00f3n, como explic\u00f3 Jos\u00e9 Quiroga, secretario general de ATE Villa Mercedes.<\/p>\n<p style=\"font-weight: 400;\">La protesta en la ruta se sum\u00f3 al paro por 96 horas que llevaron adelante ATE SENASA a nivele nacional, desde el martes pasado. En la oportunidad se denunci\u00f3 que el gobierno de Macri busca el \u201cvaciamiento\u201d del organismo, lo que pone en riesgo las fuentes laborales y la salud de la poblaci\u00f3n.<\/p>\n<p><img loading=\"lazy\" decoding=\"async\" class=\"aligncenter size-full wp-image-9671\" src=\"http:\/\/www.atecordoba.org\/wp-content\/uploads\/2018\/02\/WhatsApp-Image-2018-02-01-at-13.29.04-e1517592536298.jpeg\" alt=\"\" width=\"550\" height=\"310\"><\/p>\n<p>Participaron de la protesta la secretaria General del Consejo Directivo Provincial, Mar\u00eda Liliana Salerno, junto a los secretarios generales de las seccionales Villa Mar\u00eda Fernando Mercado y R\u00edo Tercero Cristian Colman, sumado al secretario General de la CTA R\u00edo Cuarto, Federico Giuliani. Adem\u00e1s, estuvieron presentes la secreraria General del Consejo Directivo Provincial de SAn Luis, Ofelia Mu\u00f1oz, y su Adjunto, Fernando Gatica.&nbsp;<\/p>\n<p style=\"font-weight: 400;\">Tras los 130 despidos de enero, los dirigentes presentes advirtieron que &#8220;el Gobierno Nacional, busca el cierre de los servicios de inspecci\u00f3n veterinaria ciclo II y III de las plantas de abastecimiento, lo que implicar\u00eda miles de despidos\u201d.<\/p>\n<p style=\"font-weight: 400;\">Al cierre de los servicios de inspecci\u00f3n, el gobierno sumar\u00e1 la implementaci\u00f3n en todos los establecimientos donde se producen y elaboran alimentos de origen animal y vegetal la figura de \u201cdirectores t\u00e9cnicos privados\u201d, procediendo as\u00ed al \u201cretiro de dichos establecimientos de los servicios de inspecci\u00f3n veterinaria del Estado\u201d.<\/p>\n<p><img loading=\"lazy\" decoding=\"async\" class=\"aligncenter size-full wp-image-9672\" src=\"http:\/\/www.atecordoba.org\/wp-content\/uploads\/2018\/02\/WhatsApp-Image-2018-02-01-at-13.08.04-e1517592564205.jpeg\" alt=\"\" width=\"550\" height=\"309\"><\/p>\n<p style=\"font-weight: 400;\">\u201cEl gobierno aplica as\u00ed un peligroso doble est\u00e1ndar sanitario, extremando los controles para las exportaciones y dejando sin controles al consumo interno. Es decir, dejan a la ciudadan\u00eda argentina expuesta a todo tipo de enfermedades que afectan a los seres humanos, como la escherichia coli o el s\u00edndrome ur\u00e9mico hemol\u00edtico\u201d, dijeron los trabajadores.<\/p>\n<p>Por otro lado, Giuliani&nbsp;&nbsp;advirti\u00f3 que este fin de semana puede faltar carne, sobre todo en las carnicer\u00edas chicas, sumado a la falta de certificaci\u00f3n&nbsp; y que esto paraliz\u00f3 la actividad de los puertos.&nbsp;El dirigente de R\u00edo cuarto explic\u00f3 que &#8220;se va a sentir m\u00e1s el paro en el Senasa porque los frigor\u00edficos pueden tener animales en sus corrales por algunos d\u00edas y eso les dio margen hasta ahora. Pero el fin de semana se va a notar el faltante, m\u00e1s que nada en los peque\u00f1os comercios, porque los supermercados pueden tener algo de stock en las c\u00e1maras de fr\u00edo\u201d.<\/p>\n<p><img loading=\"lazy\" decoding=\"async\" class=\"aligncenter size-full wp-image-9673\" src=\"http:\/\/www.atecordoba.org\/wp-content\/uploads\/2018\/02\/WhatsApp-Image-2018-02-02-at-12.47.34-1-e1517592664907.jpeg\" alt=\"\" width=\"550\" height=\"413\"><\/p>\n<p>En tal sentido , agreg\u00f3 que&nbsp;\u201cno hubo certificaci\u00f3n de la faena del ciclo 2 y 3. Si los frigor\u00edficos sacaron carne fue sin los controles sanitarios oficiales, de manera irregular\u201d.&nbsp;<br \/>\nPor otro lado, detall\u00f3 que el mayor impacto del paro del organismo de control alimentario se vio en la comercializaci\u00f3n de granos.&nbsp;\u201cSe par\u00f3 la certificaci\u00f3n de cereales para la exportaci\u00f3n y estuvo parado el puerto, porque sin el sello del Senasa la carga no puede salir en ning\u00fan barco\u201d, precis\u00f3.<\/p>\n<p><strong>En el aeropuerto<\/strong><\/p>\n<p>A su vez, trabajadores del Senasa que se desempe\u00f1an en el Centro Regional de C\u00f3rdoba Capital, junto a compa\u00f1eros de otras dependencias nacionales y provinciales, realizaron una volanteada en el Aeropuerto C\u00f3rdoba,&nbsp; alertando a turistas y viajeros sobre el riesgo fitosanitario que sufrir\u00e1 el pa\u00eds de continuar esta pol\u00edtica de destrucci\u00f3n del organismo de control que desarrolla en Presidente Macri.<\/p>\n<p><img loading=\"lazy\" decoding=\"async\" class=\"aligncenter size-full wp-image-9674\" src=\"http:\/\/www.atecordoba.org\/wp-content\/uploads\/2018\/02\/WhatsApp-Image-2018-02-01-at-20.16.48-2-e1517592725329.jpeg\" alt=\"\" width=\"550\" height=\"309\"><\/p>\n<p>Se trat\u00f3 de la tercer jornada de difusi\u00f3n que llevaron a cabo los trabajadores ya que martes y mi\u00e9rcoles volantearon en el centro de C\u00f3rdoba Capital.&nbsp;<\/p>\n<p><img loading=\"lazy\" decoding=\"async\" class=\"aligncenter size-full wp-image-9675\" src=\"http:\/\/www.atecordoba.org\/wp-content\/uploads\/2018\/02\/VOLANTEADA-EN-EL-CENTRO-e1517592811408.jpeg\" alt=\"\" width=\"550\" height=\"413\"><\/p>\n","protected":false},"excerpt":{"rendered":"<p>Exigen la reincorporaci\u00f3n de los 130 despedidos\/as y advirtieron que el cierre de servicios, traer\u00eda m\u00e1s cesant\u00edas y agravar\u00eda el riesgo sanitario. Adelantaron el riesgo que falte carne el fin de semana. &nbsp; &nbsp; Trabajadores y trabajadoras de ATE SENASA, de San Luis y C\u00f3rdoba, con el apoyo las seccionales de Villa Mercedes, Villa Mar\u00eda, [&hellip;]<\/p>\n","protected":false},"author":1,"featured_media":19220,"comment_status":"open","ping_status":"open","sticky":false,"template":"","format":"standard","meta":{"_exactmetrics_skip_tracking":false,"_exactmetrics_sitenote_active":false,"_exactmetrics_sitenote_note":"","_exactmetrics_sitenote_category":0,"jnews-multi-image_gallery":[],"jnews_single_post":[],"jnews_primary_category":[],"jnews_social_meta":[],"jnews_review":[],"enable_review":"","type":"","name":"","summary":"","brand":"","sku":"","good":[],"bad":[],"score_override":"","override_value":"","rating":[],"price":[],"jnews_override_counter":[],"jnews_post_split":[],"footnotes":""},"categories":[112],"tags":[],"class_list":["post-9669","post","type-post","status-publish","format-standard","has-post-thumbnail","hentry","category-senasa"],"jetpack_featured_media_url":"https:\/\/atecordoba.org\/wp-content\/uploads\/2020\/05\/logo-nuevochico-e1561581322808.png","_links":{"self":[{"href":"https:\/\/atecordoba.org\/index.php?rest_route=\/wp\/v2\/posts\/9669","targetHints":{"allow":["GET"]}}],"collection":[{"href":"https:\/\/atecordoba.org\/index.php?rest_route=\/wp\/v2\/posts"}],"about":[{"href":"https:\/\/atecordoba.org\/index.php?rest_route=\/wp\/v2\/types\/post"}],"author":[{"embeddable":true,"href":"https:\/\/atecordoba.org\/index.php?rest_route=\/wp\/v2\/users\/1"}],"replies":[{"embeddable":true,"href":"https:\/\/atecordoba.org\/index.php?rest_route=%2Fwp%2Fv2%2Fcomments&post=9669"}],"version-history":[{"count":0,"href":"https:\/\/atecordoba.org\/index.php?rest_route=\/wp\/v2\/posts\/9669\/revisions"}],"wp:featuredmedia":[{"embeddable":true,"href":"https:\/\/atecordoba.org\/index.php?rest_route=\/wp\/v2\/media\/19220"}],"wp:attachment":[{"href":"https:\/\/atecordoba.org\/index.php?rest_route=%2Fwp%2Fv2%2Fmedia&parent=9669"}],"wp:term":[{"taxonomy":"category","embeddable":true,"href":"https:\/\/atecordoba.org\/index.php?rest_route=%2Fwp%2Fv2%2Fcategories&post=9669"},{"taxonomy":"post_tag","embeddable":true,"href":"https:\/\/atecordoba.org\/index.php?rest_route=%2Fwp%2Fv2%2Ftags&post=9669"}],"curies":[{"name":"wp","href":"https:\/\/api.w.org\/{rel}","templated":true}]}}