{"id":9666,"date":"2018-02-02T13:03:23","date_gmt":"2018-02-02T16:03:23","guid":{"rendered":"http:\/\/www.atecordoba.org\/?p=9666"},"modified":"2018-02-02T13:03:23","modified_gmt":"2018-02-02T16:03:23","slug":"conferencia-de-prensa-se-viene-un-nuevo-paro-nacional","status":"publish","type":"post","link":"https:\/\/atecordoba.org\/?p=9666","title":{"rendered":"Conferencia de prensa: se viene un nuevo paro nacional"},"content":{"rendered":"<p><em>Desde la sede de INTI, la conducci\u00f3n de ATE anunci\u00f3 una medida de fuerza junto a la CTA.<\/em><\/p>\n<p><img loading=\"lazy\" decoding=\"async\" class=\"aligncenter size-full wp-image-9667\" src=\"http:\/\/www.atecordoba.org\/wp-content\/uploads\/2018\/02\/conferencia-de-prensa.png\" alt=\"\" width=\"500\" height=\"257\"><\/p>\n<p>La conducci\u00f3n de ATE eligi\u00f3 el INTI para realizar el acto ya que los trabajadores se encuentran realizando una permanencia pac\u00edfica en el lugar en repudio a los despidos que el gobierno de Macri est\u00e1 realizando desde la semana pasada.<\/p>\n<p>All\u00ed, el secretario General de ATE, Hugo Godoy, anunci\u00f3 que el pr\u00f3ximo martes se tratar\u00e1 en reuni\u00f3n de comisi\u00f3n directiva un paro nacional, el segundo del a\u00f1o, para mediados de febrero, en repudio a la pol\u00edtica de despidos y ajuste del Estado.&nbsp;<\/p>\n<p>&#8220;Es una pol\u00edtica generalizada que apunta tambi\u00e9n a perseguir a las organizaciones sindicales y los activistas pol\u00edticos tanto en el Estado como en el sector privado por medio del Ministerio de Trabajo, que es el ministerio de los despidos&#8221;, dijo Godoy.&nbsp;<\/p>\n<p>El dirigente describi\u00f3 el panorama de ataque a los distintos organismos estatales y agreg\u00f3 la situaci\u00f3n que sufren tambi\u00e9n sectores de trabajo privados como los ingenios azucareros, donde las patronales pretenden volver de la mano del ministro Triaca a los tiempos de Patr\u00f3n Costa.&nbsp;<\/p>\n<p>En la oportunidad, estuvo presente el secretario General Adjunto de la CTA Aut\u00f3noma , Ricardo Peidr\u00f3, y la referencia hist\u00f3rica de los DDHH Nora Corti\u00f1as, entre otros.&nbsp;<\/p>\n","protected":false},"excerpt":{"rendered":"<p>Desde la sede de INTI, la conducci\u00f3n de ATE anunci\u00f3 una medida de fuerza junto a la CTA. La conducci\u00f3n de ATE eligi\u00f3 el INTI para realizar el acto ya que los trabajadores se encuentran realizando una permanencia pac\u00edfica en el lugar en repudio a los despidos que el gobierno de Macri est\u00e1 realizando desde [&hellip;]<\/p>\n","protected":false},"author":1,"featured_media":19220,"comment_status":"open","ping_status":"open","sticky":false,"template":"","format":"standard","meta":{"_exactmetrics_skip_tracking":false,"_exactmetrics_sitenote_active":false,"_exactmetrics_sitenote_note":"","_exactmetrics_sitenote_category":0,"jnews-multi-image_gallery":[],"jnews_single_post":[],"jnews_primary_category":[],"jnews_social_meta":[],"jnews_review":[],"enable_review":"","type":"","name":"","summary":"","brand":"","sku":"","good":[],"bad":[],"score_override":"","override_value":"","rating":[],"price":[],"jnews_override_counter":[],"jnews_post_split":[],"footnotes":""},"categories":[21],"tags":[],"class_list":["post-9666","post","type-post","status-publish","format-standard","has-post-thumbnail","hentry","category-paro-nacional"],"jetpack_featured_media_url":"https:\/\/atecordoba.org\/wp-content\/uploads\/2020\/05\/logo-nuevochico-e1561581322808.png","_links":{"self":[{"href":"https:\/\/atecordoba.org\/index.php?rest_route=\/wp\/v2\/posts\/9666","targetHints":{"allow":["GET"]}}],"collection":[{"href":"https:\/\/atecordoba.org\/index.php?rest_route=\/wp\/v2\/posts"}],"about":[{"href":"https:\/\/atecordoba.org\/index.php?rest_route=\/wp\/v2\/types\/post"}],"author":[{"embeddable":true,"href":"https:\/\/atecordoba.org\/index.php?rest_route=\/wp\/v2\/users\/1"}],"replies":[{"embeddable":true,"href":"https:\/\/atecordoba.org\/index.php?rest_route=%2Fwp%2Fv2%2Fcomments&post=9666"}],"version-history":[{"count":0,"href":"https:\/\/atecordoba.org\/index.php?rest_route=\/wp\/v2\/posts\/9666\/revisions"}],"wp:featuredmedia":[{"embeddable":true,"href":"https:\/\/atecordoba.org\/index.php?rest_route=\/wp\/v2\/media\/19220"}],"wp:attachment":[{"href":"https:\/\/atecordoba.org\/index.php?rest_route=%2Fwp%2Fv2%2Fmedia&parent=9666"}],"wp:term":[{"taxonomy":"category","embeddable":true,"href":"https:\/\/atecordoba.org\/index.php?rest_route=%2Fwp%2Fv2%2Fcategories&post=9666"},{"taxonomy":"post_tag","embeddable":true,"href":"https:\/\/atecordoba.org\/index.php?rest_route=%2Fwp%2Fv2%2Ftags&post=9666"}],"curies":[{"name":"wp","href":"https:\/\/api.w.org\/{rel}","templated":true}]}}