{"id":9660,"date":"2018-02-02T12:17:02","date_gmt":"2018-02-02T15:17:02","guid":{"rendered":"http:\/\/www.atecordoba.org\/?p=9660"},"modified":"2018-02-02T12:17:02","modified_gmt":"2018-02-02T15:17:02","slug":"noalcierredelbnd-en-defensa-del-unico-ballet-nacional-del-pais","status":"publish","type":"post","link":"https:\/\/atecordoba.org\/?p=9660","title":{"rendered":"#NoAlCierreDelBND: En defensa del \u00fanico Ballet Nacional del pa\u00eds"},"content":{"rendered":"<p><em>Los miembros del Ballet Nacional junto a ATE realizaron una jornada de lucha en Capital Federal que incluy\u00f3 una clase y ensayo abierto.<\/em><\/p>\n<div class=\"epyt-video-wrapper\"><iframe loading=\"lazy\"  style=\"display: block; margin: 0px auto;\"  id=\"_ytid_23736\"  width=\"480\" height=\"270\"  data-origwidth=\"480\" data-origheight=\"270\" src=\"https:\/\/www.youtube.com\/embed\/uk-SMC6wdxE?enablejsapi=1&#038;autoplay=0&#038;cc_load_policy=0&#038;cc_lang_pref=&#038;iv_load_policy=3&#038;loop=0&#038;rel=0&#038;fs=1&#038;playsinline=0&#038;autohide=2&#038;theme=dark&#038;color=red&#038;controls=1&#038;disablekb=0&#038;\" class=\"__youtube_prefs__  epyt-is-override  no-lazyload\" title=\"YouTube player\"  allow=\"fullscreen; accelerometer; autoplay; clipboard-write; encrypted-media; gyroscope; picture-in-picture; web-share\" referrerpolicy=\"strict-origin-when-cross-origin\" allowfullscreen data-no-lazy=\"1\" data-skipgform_ajax_framebjll=\"\"><\/iframe><\/div>\n<p style=\"font-weight: 400;\">Los trabajadores y trabajadoras despedidos del Ballet Nacional Danza, junto con ATE, realizaron hoy una jornada de lucha para decirle \u201cno al cierre\u201d, y en defensa del trabajo y del derecho del pueblo argentino a la cultura. A metros del Ministerio de Cultura hubo clase y ensayo abierto, en el que se mostraron piezas que el cuerpo de baile puso en escena en cientos de pueblos, a lo largo y ancho del pa\u00eds.<\/p>\n<p style=\"font-weight: 400;\">Sof\u00eda Sciaratta, bailarina del Ballet, manifest\u00f3: \u201cEl 9 de enero nos comunicaron que el ballet hab\u00eda sido desfinanciado por decisi\u00f3n de Pablo Avelluto. Hoy es la segunda vez que nos juntamos para bailar y luchar bailando por el BND, que es el \u00fanico ballet nacional de danza cl\u00e1sica que ten\u00eda la Argentina\u201d.<\/p>\n<p style=\"font-weight: 400;\">Adem\u00e1s de la Conducci\u00f3n Nacional, contaron con el apoyo de juntas internas de ATE de otros organismos y cuerpos art\u00edsticos.<\/p>\n<p style=\"font-weight: 400;\">80 personas, entre bailarines de todo el territorio nacional, t\u00e9cnicos, escen\u00f3grafos y otros integrantes del staff, integran el proyecto que hab\u00eda nacido en 2013 bajo la \u00f3rbita del Ministerio de Desarrollo Social, con audiciones en las provincias para armar el cuerpo de baile. Ya en la gesti\u00f3n de Cambiemos se resolvi\u00f3 el traspaso ministerial para 2017, lo que signific\u00f3 una temporada muy complicada y con pocas presentaciones para el a\u00f1o pasado, y finalmente el cierre conocido en los primeros d\u00edas de 2018. Durante sus cuatro a\u00f1os de existencia, los trabajadores y trabajadoras estuvieron precarizados, con contratos con Universidades y otras formas ilegales de contrataci\u00f3n.<\/p>\n<p style=\"font-weight: 400;\">&nbsp;\u201c\u00bfA ustedes les parece que podemos quedarnos sin estos j\u00f3venes artistas?\u201d, pregunt\u00f3 Silvia Le\u00f3n, Secretaria de Organizaci\u00f3n de ATE Nacional, en el marco de la actividad en la que adem\u00e1s de escenificarse obras de danza, se present\u00f3 el Coro de Tres de Febrero, en el que tambi\u00e9n hubo despidos.<\/p>\n<p style=\"font-weight: 400;\">\u201cVamos a seguir peleando y construyendo la fuerza que necesitamos con todos los trabajadores de la cultura\u201d, agreg\u00f3 Le\u00f3n, en referencia al plan de lucha en defensa de la Cultura que ATE inici\u00f3 en octubre y que continuar\u00e1 con una jornada de protesta en Tres de Febrero.<\/p>\n<p style=\"font-weight: 400;\">La dirigente inform\u00f3 que, junto con la CTA-A, en los pr\u00f3ximos d\u00edas se podr\u00e1 fecha a un nuevo Paro Nacional. \u201cPara frenar los despidos en todo el Estado y en el \u00e1mbito privado, porque queremos un pa\u00eds con trabajo, un pa\u00eds sin inflaci\u00f3n, queremos que frene el alza de los precios y de los servicios. Queremos un Estado con pol\u00edticas p\u00fablicas, que sea garante de cuidarnos\u201d, se\u00f1al\u00f3.<\/p>\n<p style=\"font-weight: 400;\">Mar\u00eda Teresa Romero, Secretaria de Formaci\u00f3n, y Marta Galante, Directora de G\u00e9nero tambi\u00e9n dijeron presente junto a otros miembros de la Conducci\u00f3n Nacional como Leonardo V\u00e1sques, Natalia Castesana y Mirta Matheos.<\/p>\n<p>&nbsp;<\/p>\n","protected":false},"excerpt":{"rendered":"<p>Los miembros del Ballet Nacional junto a ATE realizaron una jornada de lucha en Capital Federal que incluy\u00f3 una clase y ensayo abierto. Los trabajadores y trabajadoras despedidos del Ballet Nacional Danza, junto con ATE, realizaron hoy una jornada de lucha para decirle \u201cno al cierre\u201d, y en defensa del trabajo y del derecho del [&hellip;]<\/p>\n","protected":false},"author":1,"featured_media":19220,"comment_status":"open","ping_status":"open","sticky":false,"template":"","format":"standard","meta":{"_exactmetrics_skip_tracking":false,"_exactmetrics_sitenote_active":false,"_exactmetrics_sitenote_note":"","_exactmetrics_sitenote_category":0,"jnews-multi-image_gallery":[],"jnews_single_post":[],"jnews_primary_category":[],"jnews_social_meta":[],"jnews_review":[],"enable_review":"","type":"","name":"","summary":"","brand":"","sku":"","good":[],"bad":[],"score_override":"","override_value":"","rating":[],"price":[],"jnews_override_counter":[],"jnews_post_split":[],"footnotes":""},"categories":[18],"tags":[],"class_list":["post-9660","post","type-post","status-publish","format-standard","has-post-thumbnail","hentry","category-nacionales"],"jetpack_featured_media_url":"https:\/\/atecordoba.org\/wp-content\/uploads\/2020\/05\/logo-nuevochico-e1561581322808.png","_links":{"self":[{"href":"https:\/\/atecordoba.org\/index.php?rest_route=\/wp\/v2\/posts\/9660","targetHints":{"allow":["GET"]}}],"collection":[{"href":"https:\/\/atecordoba.org\/index.php?rest_route=\/wp\/v2\/posts"}],"about":[{"href":"https:\/\/atecordoba.org\/index.php?rest_route=\/wp\/v2\/types\/post"}],"author":[{"embeddable":true,"href":"https:\/\/atecordoba.org\/index.php?rest_route=\/wp\/v2\/users\/1"}],"replies":[{"embeddable":true,"href":"https:\/\/atecordoba.org\/index.php?rest_route=%2Fwp%2Fv2%2Fcomments&post=9660"}],"version-history":[{"count":0,"href":"https:\/\/atecordoba.org\/index.php?rest_route=\/wp\/v2\/posts\/9660\/revisions"}],"wp:featuredmedia":[{"embeddable":true,"href":"https:\/\/atecordoba.org\/index.php?rest_route=\/wp\/v2\/media\/19220"}],"wp:attachment":[{"href":"https:\/\/atecordoba.org\/index.php?rest_route=%2Fwp%2Fv2%2Fmedia&parent=9660"}],"wp:term":[{"taxonomy":"category","embeddable":true,"href":"https:\/\/atecordoba.org\/index.php?rest_route=%2Fwp%2Fv2%2Fcategories&post=9660"},{"taxonomy":"post_tag","embeddable":true,"href":"https:\/\/atecordoba.org\/index.php?rest_route=%2Fwp%2Fv2%2Ftags&post=9660"}],"curies":[{"name":"wp","href":"https:\/\/api.w.org\/{rel}","templated":true}]}}