{"id":9655,"date":"2018-01-31T09:48:19","date_gmt":"2018-01-31T12:48:19","guid":{"rendered":"http:\/\/www.atecordoba.org\/?p=9655"},"modified":"2020-07-02T12:24:19","modified_gmt":"2020-07-02T15:24:19","slug":"inti-emotiva-asamblea-de-los-trabajadores-definio-extender-la-permanencia","status":"publish","type":"post","link":"https:\/\/atecordoba.org\/?p=9655","title":{"rendered":"INTI: emotiva asamblea de los trabajadores defini\u00f3 extender la permanencia"},"content":{"rendered":"<p><em>En la puerta del organismo, se defini\u00f3 insistir con la apertura del di\u00e1logo. Ayer comenzaron a llegar los telegramas.<\/em><\/p>\n<p><img loading=\"lazy\" decoding=\"async\" class=\"aligncenter size-full wp-image-9656\" src=\"http:\/\/www.atecordoba.org\/wp-content\/uploads\/2018\/01\/11698_7195-e1517402812651.jpg\" alt=\"\" width=\"550\" height=\"367\"><\/p>\n<p style=\"font-weight: 400;\">Cerca de 500 trabajadores y trabajadoras del Instituto Nacional de Tecnolog\u00eda Industrial realizaron una emotiva asamblea abierta, a metros de la entrada principal del organismo, en la que definieron extender la permanencia hasta que las autoridades accedan a abrir un canal de di\u00e1logo en el cual poder discutir los 250 despidos.<\/p>\n<p style=\"font-weight: 400;\">Hoy comenzaron a llegar los telegramas a la casa de las y los trabajadores cesanteados, y algunos directores de los centros que funcionan en el Parque Tecnol\u00f3gico Miguelete fueron informando los nombres de los despedidos y las despedidas de cada sector.<\/p>\n<p style=\"font-weight: 400;\">La jornada se inici\u00f3 con un desayuno colectivo, en el que participaron los cerca de 80 compa\u00f1eros que permanecen desde el viernes adentro del INTI, y otras 400 personas, entre empleados del ente p\u00fablico, familiares y militantes de otras organizaciones sociales y pol\u00edticas.<\/p>\n<p><img loading=\"lazy\" decoding=\"async\" class=\"aligncenter size-full wp-image-9657\" src=\"http:\/\/www.atecordoba.org\/wp-content\/uploads\/2018\/01\/11698_7193-e1517402842130.jpg\" alt=\"\" width=\"550\" height=\"367\"><\/p>\n<p style=\"font-weight: 400;\">Con una fuerte presencia policial, la asamblea se desarroll\u00f3 al costado de la puerta de entrada a la sede central del organismo, en Avenida General Paz al 5400, y participaron los de adentro y los de afuera, logrando inutilizar la funci\u00f3n divisoria del cerco perimetral de alambre. &nbsp;<\/p>\n<p style=\"font-weight: 400;\">El encargado de abrir las intervenciones fue&nbsp;<b><strong style=\"font-style: inherit;\">Francisco \u201cPancho\u201d Dollman, delegado general de ATE-INTI<\/strong><\/b>, quien explic\u00f3, subido a una escalera, que la permanencia no es una toma: &#8220;las autoridades pueden venir, pero no tienen valor para hacerlo, para dar la cara, ni para verle la cara a los despedidos. Adem\u00e1s Dollman, tambi\u00e9n integrante del Consejo Directivo Nacional de la Asociaci\u00f3n Trabajadores del Estado, habl\u00f3 sobre la contundencia de la acci\u00f3n gremial: \u201cpensaban hacer el operativo en la puerta, con la polic\u00eda notificando los despedidos al momento del ingreso, pero nos convocamos r\u00e1pidamente\u201d.<\/p>\n<p style=\"font-weight: 400;\">El domingo a la noche los directivos del organismo decretaron un asueto, con el objetivo de aislar el reclamo por los despedidos, y hoy empez\u00f3 a circular la versi\u00f3n de que la maniobra podr\u00eda extenderse hasta el viernes. Adem\u00e1s, en un mail interno, el presidente Javier Ib\u00e1\u00f1ez intent\u00f3 responsabilizar a la medida de fuerza por el atraso en el pago de los sueldos.<\/p>\n<p style=\"font-weight: 400;\">Al respecto, el&nbsp;<b><strong style=\"font-style: inherit;\">delegado de ATE Daniel Luna<\/strong><\/b>, denunci\u00f3 que \u201clas autoridades del INTI, a partir del asueto, son los que han impedido o pretenden impedir el pago de los salarios de todos los trabajadores. No nos comamos ning\u00fan verso divisionista de la patronal porque es una maniobra, de las m\u00e1s cl\u00e1sicas, de todas las patronales, para desactivar la lucha y la unidad que llevamos adelante en todos estos d\u00edas\u201d.<\/p>\n<p><img loading=\"lazy\" decoding=\"async\" class=\"aligncenter size-full wp-image-9658\" src=\"http:\/\/www.atecordoba.org\/wp-content\/uploads\/2018\/01\/11698_7198-e1517402874318.jpg\" alt=\"\" width=\"550\" height=\"367\"><\/p>\n<p style=\"font-weight: 400;\">M\u00e1s de 20 compa\u00f1eros y compa\u00f1eras, en muchos casos con l\u00e1grimas en los ojos o visiblemente conmocionados por la situaci\u00f3n, expusieron p\u00fablicamente sus realidades personales y familiares, y aportaron ideas al debate para la construcci\u00f3n de la continuidad del plan de lucha contra los despidos en el INTI. &nbsp;<\/p>\n<p style=\"font-weight: 400;\">A su turno,&nbsp;<b><strong style=\"font-style: inherit;\">Giselle Santana, delegada gremial de la junta interna de ATE INTI<\/strong><\/b>, expres\u00f3: \u201ccuando denunci\u00e1bamos la persecuci\u00f3n sindical le dec\u00edamos a cada compa\u00f1ero que tomara consciencia que la herramienta gremial no era el objetivo en s\u00ed mismo, que el objetivo era el INTI. Pero para eso, antes, necesitaban desarmarnos. &nbsp;Por otra parte, Santana valor\u00f3 la defensa de las tareas del Instituto: \u201cLo que hacemos es importante. No nos echan por vagos. No nos echan por \u00f1oquis. Nos echan porque fuimos los que nos opusimos a que vaciaran el INTI y porque, en una Audiencia P\u00fablica en el Congreso, denunciamos que quer\u00edan privatizar \u00e1reas estrat\u00e9gicas. Solamente con la convicci\u00f3n y el compromiso la vamos a poder ganar. No hay adentro y no hay afuera, no hay despedido ni no despedido\u201d.<\/p>\n<p style=\"font-weight: 400;\">La jornada contin\u00faa a la espera de novedades sobre la posible apertura de una mesa de discusiones con las autoridades del organismo.&nbsp;<\/p>\n<p><strong>En C\u00f3rdoba<\/strong><\/p>\n<p>En tanto en la delegaci\u00f3n cordobesa del INTI, los trabajadores resolvieron sumarse al paro de ayer. El comunicado:<\/p>\n<div dir=\"auto\">En el INTI no sobran trabajadores, \u00a1NING\u00daN DESPIDO!&nbsp;<\/div>\n<div dir=\"auto\">En el marco los sucesos de los \u00faltimos d\u00edas, reestructuraci\u00f3n anunciada y despidos masivos.<\/div>\n<div dir=\"auto\">AHORA NOS DICEN QUE NO NOS PAGARAN EL SUELDO A TIEMPO.<\/div>\n<div dir=\"auto\">Los trabajadores de C\u00f3rdoba reunidos en asamblea:<\/div>\n<div dir=\"auto\">Resolvemos adherir al paro del d\u00eda de hoy.<\/div>\n<div dir=\"auto\">Continuar con la difusi\u00f3n del documento de adhesiones,<\/div>\n<div dir=\"auto\">Participar de la asamblea de ciencia y t\u00e9cnica el pr\u00f3ximo jueves,<\/div>\n<div dir=\"auto\">Solicitar a legisladores provinciales y nacionales que se expidan contra los despidos en el INTI<\/div>\n<div dir=\"auto\">Recolectar adhesiones de usuarios de los servicios de INTI<\/div>\n<p>&nbsp;<\/p>\n","protected":false},"excerpt":{"rendered":"<p>En la puerta del organismo, se defini\u00f3 insistir con la apertura del di\u00e1logo. Ayer comenzaron a llegar los telegramas. Cerca de 500 trabajadores y trabajadoras del Instituto Nacional de Tecnolog\u00eda Industrial realizaron una emotiva asamblea abierta, a metros de la entrada principal del organismo, en la que definieron extender la permanencia hasta que las autoridades [&hellip;]<\/p>\n","protected":false},"author":1,"featured_media":19220,"comment_status":"open","ping_status":"open","sticky":false,"template":"","format":"standard","meta":{"_exactmetrics_skip_tracking":false,"_exactmetrics_sitenote_active":false,"_exactmetrics_sitenote_note":"","_exactmetrics_sitenote_category":0,"jnews-multi-image_gallery":[],"jnews_single_post":[],"jnews_primary_category":[],"jnews_social_meta":[],"jnews_review":[],"enable_review":"","type":"","name":"","summary":"","brand":"","sku":"","good":[],"bad":[],"score_override":"","override_value":"","rating":[],"price":[],"jnews_override_counter":[],"jnews_post_split":[],"footnotes":""},"categories":[100],"tags":[],"class_list":["post-9655","post","type-post","status-publish","format-standard","has-post-thumbnail","hentry","category-inti"],"jetpack_featured_media_url":"https:\/\/atecordoba.org\/wp-content\/uploads\/2020\/05\/logo-nuevochico-e1561581322808.png","_links":{"self":[{"href":"https:\/\/atecordoba.org\/index.php?rest_route=\/wp\/v2\/posts\/9655","targetHints":{"allow":["GET"]}}],"collection":[{"href":"https:\/\/atecordoba.org\/index.php?rest_route=\/wp\/v2\/posts"}],"about":[{"href":"https:\/\/atecordoba.org\/index.php?rest_route=\/wp\/v2\/types\/post"}],"author":[{"embeddable":true,"href":"https:\/\/atecordoba.org\/index.php?rest_route=\/wp\/v2\/users\/1"}],"replies":[{"embeddable":true,"href":"https:\/\/atecordoba.org\/index.php?rest_route=%2Fwp%2Fv2%2Fcomments&post=9655"}],"version-history":[{"count":1,"href":"https:\/\/atecordoba.org\/index.php?rest_route=\/wp\/v2\/posts\/9655\/revisions"}],"predecessor-version":[{"id":20577,"href":"https:\/\/atecordoba.org\/index.php?rest_route=\/wp\/v2\/posts\/9655\/revisions\/20577"}],"wp:featuredmedia":[{"embeddable":true,"href":"https:\/\/atecordoba.org\/index.php?rest_route=\/wp\/v2\/media\/19220"}],"wp:attachment":[{"href":"https:\/\/atecordoba.org\/index.php?rest_route=%2Fwp%2Fv2%2Fmedia&parent=9655"}],"wp:term":[{"taxonomy":"category","embeddable":true,"href":"https:\/\/atecordoba.org\/index.php?rest_route=%2Fwp%2Fv2%2Fcategories&post=9655"},{"taxonomy":"post_tag","embeddable":true,"href":"https:\/\/atecordoba.org\/index.php?rest_route=%2Fwp%2Fv2%2Ftags&post=9655"}],"curies":[{"name":"wp","href":"https:\/\/api.w.org\/{rel}","templated":true}]}}