{"id":9652,"date":"2018-01-31T09:22:27","date_gmt":"2018-01-31T12:22:27","guid":{"rendered":"http:\/\/www.atecordoba.org\/?p=9652"},"modified":"2018-01-31T09:22:27","modified_gmt":"2018-01-31T12:22:27","slug":"a-11-anos-de-intervencion-en-el-indec-reclaman-el-fin-de-la-precarizacion","status":"publish","type":"post","link":"https:\/\/atecordoba.org\/?p=9652","title":{"rendered":"A 11 a\u00f1os de intervenci\u00f3n en el INDEC reclaman el fin de la precarizaci\u00f3n"},"content":{"rendered":"<p><em>Los trabajadores sostiene que fue la precarizaci\u00f3n el contexto ideal para la manipulaci\u00f3n de las estad\u00edsticas p\u00fablicas y reclaman una planta permanente jerarquizada con estabilidad laboral.<\/em><\/p>\n<p><img loading=\"lazy\" decoding=\"async\" class=\"aligncenter size-full wp-image-9653\" src=\"http:\/\/www.atecordoba.org\/wp-content\/uploads\/2018\/01\/indec-e1517401311763.jpg\" alt=\"\" width=\"550\" height=\"367\"><\/p>\n<p>En una carta p\u00fablica, los trabajadores del INDEC aseguraron que la precarizaci\u00f3n fue el contexto para la violencia laboral que ejerci\u00f3 la intervenci\u00f3n en el organismo y afirmaron que su refundaci\u00f3n exige previamente terminar con ese escenario.<\/p>\n<p>La nota completa:&nbsp;<\/p>\n<p style=\"font-weight: 400;\"><b><strong style=\"font-style: inherit;\">Declaraci\u00f3n de los trabajadores del INDEC a 11 a\u00f1os de la intervenci\u00f3n del organismo, Ciudad Aut\u00f3noma de Buenos Aires, 30 de enero de 2018.<\/strong><\/b><\/p>\n<p style=\"font-weight: 400;\">Los trabajadores del INDEC que enfrentamos, con un alto costo personal y laboral, la manipulaci\u00f3n de las estad\u00edsticas p\u00fablicas desde el a\u00f1o 2007 al 2015, hemos expresado reiteradas veces nuestra posici\u00f3n respecto de las condiciones indispensables para iniciar cualquier proceso serio de recuperaci\u00f3n del organismo.<\/p>\n<p style=\"font-weight: 400;\">Esas condiciones fueron elaboradas, discutidas y votadas en numerosas asambleas generales de trabajadores del INDEC y fueron presentadas a todos los candidatos a presidente durante el 2015.<\/p>\n<p style=\"font-weight: 400;\">Nos oponemos a que las estad\u00edsticas p\u00fablicas sean tergiversadas por c\u00e1lculo pol\u00edtico, as\u00ed como tambi\u00e9n a que se empleen para favorecer cualquier tipo de inter\u00e9s especulativo del mundo financiero local o internacional, sean de los bonistas, las consultoras privadas o el FMI.<\/p>\n<p style=\"font-weight: 400;\">En este marco manifestamos que como ETAPA PREVIA a cualquier discusi\u00f3n sobre una genuina normalizaci\u00f3n o refundaci\u00f3n del INDEC, teniendo en cuenta los dichos del actual director en relaci\u00f3n a que este a\u00f1o habr\u00e1 una nueva ley que organizar\u00e1 el Sistema Estad\u00edstico Nacional y un nuevo convenio colectivo, es necesario terminar con el escenario que utiliz\u00f3 y del cual se favoreci\u00f3 la intervenci\u00f3n, la precariedad laboral.<\/p>\n<p style=\"font-weight: 400;\">Esa inestabilidad laboral es incompatible con cualquier esquema serio de recuperaci\u00f3n del organismo y ha dado lugar a una de las m\u00e1s graves formas de violencia laboral que utiliz\u00f3 la intervenci\u00f3n del INDEC. Esta situaci\u00f3n, sumada a los recientes despidos en el organismo, hoy se ve agravada por el ingreso de personal para distintos programas con contratos de locaci\u00f3n de servicios a trav\u00e9s de universidades como monotributistas.<\/p>\n<p style=\"font-weight: 400;\"><b><strong style=\"font-style: inherit;\">Por eso reclamamos que:<\/strong><\/b><\/p>\n<p style=\"font-weight: 400;\">&#8211; Se termine con la precariedad laboral incluyendo en el nuevo escalaf\u00f3n a los trabajadores monotributistas.<\/p>\n<p style=\"font-weight: 400;\">&#8211; Tengamos una planta permanente jerarquizada con estabilidad laboral.<\/p>\n<p style=\"font-weight: 400;\">&#8211; No haya persecuci\u00f3n y despidos en el INDEC.<\/p>\n<p style=\"font-weight: 400;\">&#8211; Se cumpla el compromiso de cerrar las investigaciones sumariales vigentes, sin perjuicio para los trabajadores, como resultado de la pol\u00edtica de represalias implementadas por la intervenci\u00f3n.<\/p>\n","protected":false},"excerpt":{"rendered":"<p>Los trabajadores sostiene que fue la precarizaci\u00f3n el contexto ideal para la manipulaci\u00f3n de las estad\u00edsticas p\u00fablicas y reclaman una planta permanente jerarquizada con estabilidad laboral. En una carta p\u00fablica, los trabajadores del INDEC aseguraron que la precarizaci\u00f3n fue el contexto para la violencia laboral que ejerci\u00f3 la intervenci\u00f3n en el organismo y afirmaron que [&hellip;]<\/p>\n","protected":false},"author":1,"featured_media":19220,"comment_status":"open","ping_status":"open","sticky":false,"template":"","format":"standard","meta":{"_exactmetrics_skip_tracking":false,"_exactmetrics_sitenote_active":false,"_exactmetrics_sitenote_note":"","_exactmetrics_sitenote_category":0,"jnews-multi-image_gallery":[],"jnews_single_post":[],"jnews_primary_category":[],"jnews_social_meta":[],"jnews_review":[],"enable_review":"","type":"","name":"","summary":"","brand":"","sku":"","good":[],"bad":[],"score_override":"","override_value":"","rating":[],"price":[],"jnews_override_counter":[],"jnews_post_split":[],"footnotes":""},"categories":[125],"tags":[],"class_list":["post-9652","post","type-post","status-publish","format-standard","has-post-thumbnail","hentry","category-indec"],"jetpack_featured_media_url":"https:\/\/atecordoba.org\/wp-content\/uploads\/2020\/05\/logo-nuevochico-e1561581322808.png","_links":{"self":[{"href":"https:\/\/atecordoba.org\/index.php?rest_route=\/wp\/v2\/posts\/9652","targetHints":{"allow":["GET"]}}],"collection":[{"href":"https:\/\/atecordoba.org\/index.php?rest_route=\/wp\/v2\/posts"}],"about":[{"href":"https:\/\/atecordoba.org\/index.php?rest_route=\/wp\/v2\/types\/post"}],"author":[{"embeddable":true,"href":"https:\/\/atecordoba.org\/index.php?rest_route=\/wp\/v2\/users\/1"}],"replies":[{"embeddable":true,"href":"https:\/\/atecordoba.org\/index.php?rest_route=%2Fwp%2Fv2%2Fcomments&post=9652"}],"version-history":[{"count":0,"href":"https:\/\/atecordoba.org\/index.php?rest_route=\/wp\/v2\/posts\/9652\/revisions"}],"wp:featuredmedia":[{"embeddable":true,"href":"https:\/\/atecordoba.org\/index.php?rest_route=\/wp\/v2\/media\/19220"}],"wp:attachment":[{"href":"https:\/\/atecordoba.org\/index.php?rest_route=%2Fwp%2Fv2%2Fmedia&parent=9652"}],"wp:term":[{"taxonomy":"category","embeddable":true,"href":"https:\/\/atecordoba.org\/index.php?rest_route=%2Fwp%2Fv2%2Fcategories&post=9652"},{"taxonomy":"post_tag","embeddable":true,"href":"https:\/\/atecordoba.org\/index.php?rest_route=%2Fwp%2Fv2%2Ftags&post=9652"}],"curies":[{"name":"wp","href":"https:\/\/api.w.org\/{rel}","templated":true}]}}