{"id":965,"date":"2011-04-13T16:34:24","date_gmt":"2011-04-13T19:34:24","guid":{"rendered":"http:\/\/www.atecordoba.org\/?p=965"},"modified":"2011-04-13T16:34:24","modified_gmt":"2011-04-13T19:34:24","slug":"solidaridad-con-los-trabajadores-de-santa-cruz-patoteados-por-la-uocra","status":"publish","type":"post","link":"https:\/\/atecordoba.org\/?p=965","title":{"rendered":"Solidaridad con los trabajadores de Santa Cruz patoteados por la UOCRA"},"content":{"rendered":"<div>\n<div dir=\"ltr\">\n<p><a href=\"http:\/\/www.atecordoba.org\/wp-content\/uploads\/2012\/06\/arton5-e14f2.jpg\"><img loading=\"lazy\" decoding=\"async\" class=\"aligncenter size-full wp-image-80\" title=\"arton5-e14f2\" src=\"http:\/\/www.atecordoba.org\/wp-content\/uploads\/2012\/06\/arton5-e14f2.jpg\" alt=\"\" width=\"285\" height=\"272\" \/><\/a><\/p>\n<p><strong>El CDP C\u00f3rdoba repudi\u00f3 tambi\u00e9n las pr\u00e1cticas del gobierno provincial, encabezado por Daniel Peralta, que dej\u00f3 zona liberada para que act\u00fae la patota<\/strong><\/p>\n<\/div>\n<\/div>\n<div>\n<div dir=\"ltr\">\n<p>El Consejo Directivo Provincial C\u00f3rdoba de la Asociaci\u00f3n Trabajadores del Estado expresa su m\u00e1s profunda solidaridad con los trabajadores ATE-CTA Santa Cruz y del gremio docente Adosac, agredidos por los patoteros de la UOCRA (con pecheras que ten\u00edan la inscripci\u00f3n Peralta 2011, en referencia al actual gobernador de la provincia) cuando realizaban una protesta pac\u00edfica.<\/p>\n<p>Al mismo tiempo, repudia el accionar de matones que responden alternativamente a las patronales, al gobierno o a ambos al mismo tiempo. Como argentinos y como movimiento obrero organizado no merecemos vivir nuevamente las horas nefastas de nuestra historia, que tanto da\u00f1o le han hecho a nuestro pa\u00eds.<\/p>\n<p>Por el contrario, la coyuntura hist\u00f3rica de los trabajadores organizados exige m\u00e1s democracia y tolerancia con quienes piensan diferente. Es en ese sentido que concentrando nuestros esfuerzos alrededor de consensos que permitan alcanzar la libertad y la democracia sindical, principios innegociables de nuestra ATE.<\/p>\n<p>En ese sentido, que los trabajadores se expresen en aras de sus justas reivindicaciones no puede ni debe motivar a ning\u00fan gobierno a enviar patotas armadas para agredir a los manifestantes, mientras la polic\u00eda genera una \u2018zona liberada\u2019 para que los agresores se muevan impunemente.<\/p>\n<p>Por todo ello, enviamos nuestro m\u00e1s fraternal abrazo de compa\u00f1eros comprometidos en la lucha por mejores salarios, condiciones de trabajo, con el objetivo de lograr un pa\u00eds m\u00e1s justo y libre para todos.<\/p>\n<p>Mar\u00eda Teresa Romero<\/p>\n<p>Secretaria General CDP<\/p>\n<p>ATE C\u00f3rdoba<\/p>\n<\/div>\n<\/div>\n","protected":false},"excerpt":{"rendered":"<p>El CDP C\u00f3rdoba repudi\u00f3 tambi\u00e9n las pr\u00e1cticas del gobierno provincial, encabezado por Daniel Peralta, que dej\u00f3 zona liberada para que act\u00fae la patota El Consejo Directivo Provincial C\u00f3rdoba de la Asociaci\u00f3n Trabajadores del Estado expresa su m\u00e1s profunda solidaridad con los trabajadores ATE-CTA Santa Cruz y del gremio docente Adosac, agredidos por los patoteros de [&hellip;]<\/p>\n","protected":false},"author":1,"featured_media":19220,"comment_status":"open","ping_status":"open","sticky":false,"template":"","format":"standard","meta":{"_exactmetrics_skip_tracking":false,"_exactmetrics_sitenote_active":false,"_exactmetrics_sitenote_note":"","_exactmetrics_sitenote_category":0,"jnews-multi-image_gallery":[],"jnews_single_post":[],"jnews_primary_category":[],"jnews_social_meta":[],"jnews_review":[],"enable_review":"","type":"","name":"","summary":"","brand":"","sku":"","good":[],"bad":[],"score_override":"","override_value":"","rating":[],"price":[],"jnews_override_counter":[],"jnews_post_split":[],"footnotes":""},"categories":[53],"tags":[11,67],"class_list":["post-965","post","type-post","status-publish","format-standard","has-post-thumbnail","hentry","category-comunicados-de-prensa","tag-noticias-2","tag-santa-cruz"],"jetpack_featured_media_url":"https:\/\/atecordoba.org\/wp-content\/uploads\/2020\/05\/logo-nuevochico-e1561581322808.png","_links":{"self":[{"href":"https:\/\/atecordoba.org\/index.php?rest_route=\/wp\/v2\/posts\/965","targetHints":{"allow":["GET"]}}],"collection":[{"href":"https:\/\/atecordoba.org\/index.php?rest_route=\/wp\/v2\/posts"}],"about":[{"href":"https:\/\/atecordoba.org\/index.php?rest_route=\/wp\/v2\/types\/post"}],"author":[{"embeddable":true,"href":"https:\/\/atecordoba.org\/index.php?rest_route=\/wp\/v2\/users\/1"}],"replies":[{"embeddable":true,"href":"https:\/\/atecordoba.org\/index.php?rest_route=%2Fwp%2Fv2%2Fcomments&post=965"}],"version-history":[{"count":0,"href":"https:\/\/atecordoba.org\/index.php?rest_route=\/wp\/v2\/posts\/965\/revisions"}],"wp:featuredmedia":[{"embeddable":true,"href":"https:\/\/atecordoba.org\/index.php?rest_route=\/wp\/v2\/media\/19220"}],"wp:attachment":[{"href":"https:\/\/atecordoba.org\/index.php?rest_route=%2Fwp%2Fv2%2Fmedia&parent=965"}],"wp:term":[{"taxonomy":"category","embeddable":true,"href":"https:\/\/atecordoba.org\/index.php?rest_route=%2Fwp%2Fv2%2Fcategories&post=965"},{"taxonomy":"post_tag","embeddable":true,"href":"https:\/\/atecordoba.org\/index.php?rest_route=%2Fwp%2Fv2%2Ftags&post=965"}],"curies":[{"name":"wp","href":"https:\/\/api.w.org\/{rel}","templated":true}]}}