{"id":9649,"date":"2018-01-30T14:24:40","date_gmt":"2018-01-30T17:24:40","guid":{"rendered":"http:\/\/www.atecordoba.org\/?p=9649"},"modified":"2018-01-30T14:24:40","modified_gmt":"2018-01-30T17:24:40","slug":"humo-para-tapar-los-conflictos-que-genera-el-gobierno","status":"publish","type":"post","link":"https:\/\/atecordoba.org\/?p=9649","title":{"rendered":"Humo para tapar los conflictos que genera el gobierno"},"content":{"rendered":"<p><em>El anuncio del Presidente de la prohibici\u00f3n de nombrar familiares, dos a\u00f1os despu\u00e9s de asumido, expone la improvisaci\u00f3n y el marketing al mismo tiempo.<\/em><\/p>\n<p><img loading=\"lazy\" decoding=\"async\" class=\"aligncenter size-full wp-image-9650\" src=\"http:\/\/www.atecordoba.org\/wp-content\/uploads\/2018\/01\/humo-e1517333056213.jpg\" alt=\"\" width=\"550\" height=\"367\"><\/p>\n<p>Justo cuando finaliza uno de los peores eneros que recuerden los estatales, a consecuencia de los anuncios de despidos, recortes y ajustes indiscriminados en diversos organismos de la administraci\u00f3n p\u00fablica, entes descentralizados y empresas estatales, el Presidente Macri sali\u00f3 a anunciar, finalizada su fallida excursi\u00f3n a la Cumbre de Davos, que prohibir\u00e1 el nombramiento de parientes de funcionarios en el Estado.<\/p>\n<p>Se trata de una evidente cortina de humo con que la administraci\u00f3n PRO + UCR pretende cambiar el eje de la discusi\u00f3n p\u00fablica, cuando se producen diarias manifestaciones en todos los \u00e1mbitos del Estado y del territorio en repudio a la Tercera Reforma del Estado.<\/p>\n<p>En C\u00f3rdoba lo sabemos bien, mientras enfrentamos en ajuste en Fabricaciones Militares, bajo la responsabilidad del ministro de Defensa Oscar Aguad, que a su vez nombr\u00f3 a su yerno De Loredo en Arsat, como es p\u00fablico y notorio.<\/p>\n<p>Tambi\u00e9n resistimos el ajuste despiadado y la pretendida disoluci\u00f3n del Senasa, con despidos y quita de funciones, en una provincia que tiene un gran porcentaje de su PBI asentado en la econom\u00eda agr\u00edcola-ganadera.<\/p>\n<p>Pero Macri insiste en subestimar al pueblo, presentando como \u2018reformas\u2019 la disminuci\u00f3n de un 25% de los funcionarios pol\u00edticos, cuando al asumir la aument\u00f3 en un 37%.<\/p>\n<p>Adem\u00e1s, el recorte de funcionarios pol\u00edticos impacta de manera \u00ednfima en el d\u00e9ficit fiscal, generado por el desorbitado pago permanente de deuda externa que contrae al mismo tiempo.<\/p>\n<p>Pero adem\u00e1s el decreto, fundamentado en la falta de \u00e9tica de nombrar parientes, evidencia que sus propios funcionarios no cumplen los par\u00e1metros \u00e9ticos que te\u00f3ricamente rigen la administraci\u00f3n de Cambiemos hasta el punto que debe sacar un decreto que se lo ordene.<\/p>\n<p>Por \u00faltimo, m\u00e1s all\u00e1 de poco pr\u00e1ctico e inconducente en su aplicaci\u00f3n, el proyecto en realidad expresa que el gobierno pierde sus herramientas para confundir a la ciudadan\u00eda y vanamente intenta ocultar que est\u00e1 en una carrera desesperada por destruir lo que queda del Estado, dejando campo f\u00e9rtil para la entrega de los recursos nacionales al mejor postor.<\/p>\n<p>Para ATE C\u00f3rdoba, el decreto no es m\u00e1s que un anuncio vac\u00edo que no correr\u00e1 el eje de los conflictos donde prima la defensa de los puestos de trabajo y del rol del Estado como articulador de la Naci\u00f3n.<\/p>\n","protected":false},"excerpt":{"rendered":"<p>El anuncio del Presidente de la prohibici\u00f3n de nombrar familiares, dos a\u00f1os despu\u00e9s de asumido, expone la improvisaci\u00f3n y el marketing al mismo tiempo. Justo cuando finaliza uno de los peores eneros que recuerden los estatales, a consecuencia de los anuncios de despidos, recortes y ajustes indiscriminados en diversos organismos de la administraci\u00f3n p\u00fablica, entes [&hellip;]<\/p>\n","protected":false},"author":1,"featured_media":19220,"comment_status":"open","ping_status":"open","sticky":false,"template":"","format":"standard","meta":{"_exactmetrics_skip_tracking":false,"_exactmetrics_sitenote_active":false,"_exactmetrics_sitenote_note":"","_exactmetrics_sitenote_category":0,"jnews-multi-image_gallery":[],"jnews_single_post":[],"jnews_primary_category":[],"jnews_social_meta":[],"jnews_review":[],"enable_review":"","type":"","name":"","summary":"","brand":"","sku":"","good":[],"bad":[],"score_override":"","override_value":"","rating":[],"price":[],"jnews_override_counter":[],"jnews_post_split":[],"footnotes":""},"categories":[10],"tags":[],"class_list":["post-9649","post","type-post","status-publish","format-standard","has-post-thumbnail","hentry","category-accion-politica"],"jetpack_featured_media_url":"https:\/\/atecordoba.org\/wp-content\/uploads\/2020\/05\/logo-nuevochico-e1561581322808.png","_links":{"self":[{"href":"https:\/\/atecordoba.org\/index.php?rest_route=\/wp\/v2\/posts\/9649","targetHints":{"allow":["GET"]}}],"collection":[{"href":"https:\/\/atecordoba.org\/index.php?rest_route=\/wp\/v2\/posts"}],"about":[{"href":"https:\/\/atecordoba.org\/index.php?rest_route=\/wp\/v2\/types\/post"}],"author":[{"embeddable":true,"href":"https:\/\/atecordoba.org\/index.php?rest_route=\/wp\/v2\/users\/1"}],"replies":[{"embeddable":true,"href":"https:\/\/atecordoba.org\/index.php?rest_route=%2Fwp%2Fv2%2Fcomments&post=9649"}],"version-history":[{"count":0,"href":"https:\/\/atecordoba.org\/index.php?rest_route=\/wp\/v2\/posts\/9649\/revisions"}],"wp:featuredmedia":[{"embeddable":true,"href":"https:\/\/atecordoba.org\/index.php?rest_route=\/wp\/v2\/media\/19220"}],"wp:attachment":[{"href":"https:\/\/atecordoba.org\/index.php?rest_route=%2Fwp%2Fv2%2Fmedia&parent=9649"}],"wp:term":[{"taxonomy":"category","embeddable":true,"href":"https:\/\/atecordoba.org\/index.php?rest_route=%2Fwp%2Fv2%2Fcategories&post=9649"},{"taxonomy":"post_tag","embeddable":true,"href":"https:\/\/atecordoba.org\/index.php?rest_route=%2Fwp%2Fv2%2Ftags&post=9649"}],"curies":[{"name":"wp","href":"https:\/\/api.w.org\/{rel}","templated":true}]}}