{"id":9645,"date":"2018-01-29T14:16:18","date_gmt":"2018-01-29T17:16:18","guid":{"rendered":"http:\/\/www.atecordoba.org\/?p=9645"},"modified":"2018-01-29T14:16:18","modified_gmt":"2018-01-29T17:16:18","slug":"senasa-paro-de-96-horas-por-el-intento-de-disolucion-del-organismo","status":"publish","type":"post","link":"https:\/\/atecordoba.org\/?p=9645","title":{"rendered":"Senasa: paro de 96 horas por el intento de disoluci\u00f3n del organismo"},"content":{"rendered":"<p><em>Los trabajadores resolvieron cuatro d\u00edas continuados de medidas de fuerza. El gobierno quiere cerrar 400 oficinas del organismo en todo el pa\u00eds<\/em>.<\/p>\n<p><img loading=\"lazy\" decoding=\"async\" class=\"aligncenter size-full wp-image-9646\" src=\"http:\/\/www.atecordoba.org\/wp-content\/uploads\/2018\/01\/WhatsApp-Image-2017-12-26-at-14.15.42-e1517246113316.jpeg\" alt=\"\" width=\"550\" height=\"413\"><\/p>\n<p>El paro se resolvi\u00f3 la semana pasada despu\u00e9s que ATE realizara una protesta frente a la sede de la Sociedad Rural, en Capital Federal. Ser\u00e1n cuatro d\u00edas de medidas de fuerza en todo el pa\u00eds que detendr\u00e1 la ejecuci\u00f3n de medidas fitosanitarias y controles en la frontera.<\/p>\n<p>Motiva la acci\u00f3n de protesta el traspaso de funciones desde Senasa a entidades privadas que son quienes deben ser controladas. De esta manera, particularmente la Sociedad Rural asumir\u00eda un rol fiscalizador cuando sus asociados deben ser \u2013parad\u00f3jicamente- objeto de fiscalizaci\u00f3n. Esta situaci\u00f3n pone en riesgo la salud alimentaria de la poblaci\u00f3n y las exportaciones agr\u00edcolas y ganaderas.<\/p>\n<p>Por otro lado, el paro tambi\u00e9n se llevar\u00e1 a cabo para repudiar el cierre de m\u00e1s de 400 oficinas en todo el pa\u00eds, pertenecientes a Sanidad Animal.<\/p>\n<p>Junto con la medida de fuerza, en C\u00f3rdoba los trabajadores realizar\u00e1n volanteadas p\u00fablicas para informar la situaci\u00f3n a la comunidad y dar visibilidad p\u00fablica al conflicto.<\/p>\n<p><img loading=\"lazy\" decoding=\"async\" class=\"aligncenter size-full wp-image-9647\" src=\"http:\/\/www.atecordoba.org\/wp-content\/uploads\/2018\/01\/comunicado-paro-96-horas-30-1-e1517246150956.jpeg\" alt=\"\" width=\"400\" height=\"598\"><\/p>\n","protected":false},"excerpt":{"rendered":"<p>Los trabajadores resolvieron cuatro d\u00edas continuados de medidas de fuerza. El gobierno quiere cerrar 400 oficinas del organismo en todo el pa\u00eds. El paro se resolvi\u00f3 la semana pasada despu\u00e9s que ATE realizara una protesta frente a la sede de la Sociedad Rural, en Capital Federal. Ser\u00e1n cuatro d\u00edas de medidas de fuerza en todo [&hellip;]<\/p>\n","protected":false},"author":1,"featured_media":19220,"comment_status":"open","ping_status":"open","sticky":false,"template":"","format":"standard","meta":{"_exactmetrics_skip_tracking":false,"_exactmetrics_sitenote_active":false,"_exactmetrics_sitenote_note":"","_exactmetrics_sitenote_category":0,"jnews-multi-image_gallery":[],"jnews_single_post":[],"jnews_primary_category":[],"jnews_social_meta":[],"jnews_review":[],"enable_review":"","type":"","name":"","summary":"","brand":"","sku":"","good":[],"bad":[],"score_override":"","override_value":"","rating":[],"price":[],"jnews_override_counter":[],"jnews_post_split":[],"footnotes":""},"categories":[112],"tags":[],"class_list":["post-9645","post","type-post","status-publish","format-standard","has-post-thumbnail","hentry","category-senasa"],"jetpack_featured_media_url":"https:\/\/atecordoba.org\/wp-content\/uploads\/2020\/05\/logo-nuevochico-e1561581322808.png","_links":{"self":[{"href":"https:\/\/atecordoba.org\/index.php?rest_route=\/wp\/v2\/posts\/9645","targetHints":{"allow":["GET"]}}],"collection":[{"href":"https:\/\/atecordoba.org\/index.php?rest_route=\/wp\/v2\/posts"}],"about":[{"href":"https:\/\/atecordoba.org\/index.php?rest_route=\/wp\/v2\/types\/post"}],"author":[{"embeddable":true,"href":"https:\/\/atecordoba.org\/index.php?rest_route=\/wp\/v2\/users\/1"}],"replies":[{"embeddable":true,"href":"https:\/\/atecordoba.org\/index.php?rest_route=%2Fwp%2Fv2%2Fcomments&post=9645"}],"version-history":[{"count":0,"href":"https:\/\/atecordoba.org\/index.php?rest_route=\/wp\/v2\/posts\/9645\/revisions"}],"wp:featuredmedia":[{"embeddable":true,"href":"https:\/\/atecordoba.org\/index.php?rest_route=\/wp\/v2\/media\/19220"}],"wp:attachment":[{"href":"https:\/\/atecordoba.org\/index.php?rest_route=%2Fwp%2Fv2%2Fmedia&parent=9645"}],"wp:term":[{"taxonomy":"category","embeddable":true,"href":"https:\/\/atecordoba.org\/index.php?rest_route=%2Fwp%2Fv2%2Fcategories&post=9645"},{"taxonomy":"post_tag","embeddable":true,"href":"https:\/\/atecordoba.org\/index.php?rest_route=%2Fwp%2Fv2%2Ftags&post=9645"}],"curies":[{"name":"wp","href":"https:\/\/api.w.org\/{rel}","templated":true}]}}