{"id":9641,"date":"2018-01-29T14:08:38","date_gmt":"2018-01-29T17:08:38","guid":{"rendered":"http:\/\/www.atecordoba.org\/?p=9641"},"modified":"2020-07-02T12:24:28","modified_gmt":"2020-07-02T15:24:28","slug":"asamblea-permanente-en-el-inti-ante-la-amenaza-de-cientos-de-despidos","status":"publish","type":"post","link":"https:\/\/atecordoba.org\/?p=9641","title":{"rendered":"Asamblea permanente en el INTI ante la amenaza de cientos de despidos"},"content":{"rendered":"<p><em>La delegaci\u00f3n cordobesa del organismo de investigaci\u00f3n y apoyo del desarrollo industrial adopt\u00f3 el estado de asamblea y movilizaci\u00f3n impulsado por ATE en todo el pa\u00eds.<\/em><\/p>\n<figure id=\"attachment_9642\" aria-describedby=\"caption-attachment-9642\" style=\"width: 550px\" class=\"wp-caption aligncenter\"><img loading=\"lazy\" decoding=\"async\" class=\"wp-image-9642 size-full\" src=\"http:\/\/www.atecordoba.org\/wp-content\/uploads\/2018\/01\/INTI-e1517245541732.jpg\" alt=\"\" width=\"550\" height=\"413\"><figcaption id=\"caption-attachment-9642\" class=\"wp-caption-text\">Archivo<\/figcaption><\/figure>\n<p>Los trabajadores del organismo, que tiene su sede cordobesa frente a la Plaza de las Am\u00e9ricas, denuncian que \u201chace m\u00e1s de tres d\u00edas que 3 mil familias de trabajadores del INTI venimos siendo hostigadas con amenazas de despidos masivos. Estos despidos no hacen m\u00e1s que da\u00f1ar al trabajo que la instituci\u00f3n realiza desde hace m\u00e1s de 60 a\u00f1os\u201d.<\/p>\n<p>Mientras, en Capital Federal se produce una importante protesta frente a la sede central del organismo, en el INTI&nbsp; C\u00f3rdoba los trabajadores resolvieron permanecer en estado de asamblea permanente y movilizaci\u00f3n, en concordancia y apoyo de los dem\u00e1s centros regionales. Los compa\u00f1eros aseguran que la situaci\u00f3n se suma \u201ca los constantes atropellos de este gobierno sobre el sector cient\u00edfico-t\u00e9cnico\u201d, afirmaron los delegados de ATE del sector.<\/p>\n<p>La medida de fuerza cuenta adem\u00e1s con el apoyo de la Asamblea de Ciencia y T\u00e9cnica local, que &nbsp;re\u00fanen a trabajadores de todos los organismos nacionales que est\u00e1n siendo desmantelados. <a href=\"https:\/\/www.facebook.com\/hashtag\/enintinosobranadie?source=feed_text&amp;story_id=1869247173119414\"><span aria-label=\"numeral\">#<\/span>EnIntiNoSobraNadie<\/a><\/p>\n<p>En este marco, los trabajadores se encuentran realizando una campa\u00f1a p\u00fablica para recoger apoyos de la comunidad. Los interesados pueden ingresar <a href=\"https:\/\/goo.gl\/forms\/ArDBV3bFgPtJWJAS2\">aqu\u00ed<\/a>&nbsp;y firmar su apoyo<\/p>\n<p>&nbsp;<\/p>\n","protected":false},"excerpt":{"rendered":"<p>La delegaci\u00f3n cordobesa del organismo de investigaci\u00f3n y apoyo del desarrollo industrial adopt\u00f3 el estado de asamblea y movilizaci\u00f3n impulsado por ATE en todo el pa\u00eds. Los trabajadores del organismo, que tiene su sede cordobesa frente a la Plaza de las Am\u00e9ricas, denuncian que \u201chace m\u00e1s de tres d\u00edas que 3 mil familias de trabajadores [&hellip;]<\/p>\n","protected":false},"author":1,"featured_media":19220,"comment_status":"open","ping_status":"open","sticky":false,"template":"","format":"standard","meta":{"_exactmetrics_skip_tracking":false,"_exactmetrics_sitenote_active":false,"_exactmetrics_sitenote_note":"","_exactmetrics_sitenote_category":0,"jnews-multi-image_gallery":[],"jnews_single_post":[],"jnews_primary_category":[],"jnews_social_meta":[],"jnews_review":[],"enable_review":"","type":"","name":"","summary":"","brand":"","sku":"","good":[],"bad":[],"score_override":"","override_value":"","rating":[],"price":[],"jnews_override_counter":[],"jnews_post_split":[],"footnotes":""},"categories":[100],"tags":[],"class_list":["post-9641","post","type-post","status-publish","format-standard","has-post-thumbnail","hentry","category-inti"],"jetpack_featured_media_url":"https:\/\/atecordoba.org\/wp-content\/uploads\/2020\/05\/logo-nuevochico-e1561581322808.png","_links":{"self":[{"href":"https:\/\/atecordoba.org\/index.php?rest_route=\/wp\/v2\/posts\/9641","targetHints":{"allow":["GET"]}}],"collection":[{"href":"https:\/\/atecordoba.org\/index.php?rest_route=\/wp\/v2\/posts"}],"about":[{"href":"https:\/\/atecordoba.org\/index.php?rest_route=\/wp\/v2\/types\/post"}],"author":[{"embeddable":true,"href":"https:\/\/atecordoba.org\/index.php?rest_route=\/wp\/v2\/users\/1"}],"replies":[{"embeddable":true,"href":"https:\/\/atecordoba.org\/index.php?rest_route=%2Fwp%2Fv2%2Fcomments&post=9641"}],"version-history":[{"count":1,"href":"https:\/\/atecordoba.org\/index.php?rest_route=\/wp\/v2\/posts\/9641\/revisions"}],"predecessor-version":[{"id":20578,"href":"https:\/\/atecordoba.org\/index.php?rest_route=\/wp\/v2\/posts\/9641\/revisions\/20578"}],"wp:featuredmedia":[{"embeddable":true,"href":"https:\/\/atecordoba.org\/index.php?rest_route=\/wp\/v2\/media\/19220"}],"wp:attachment":[{"href":"https:\/\/atecordoba.org\/index.php?rest_route=%2Fwp%2Fv2%2Fmedia&parent=9641"}],"wp:term":[{"taxonomy":"category","embeddable":true,"href":"https:\/\/atecordoba.org\/index.php?rest_route=%2Fwp%2Fv2%2Fcategories&post=9641"},{"taxonomy":"post_tag","embeddable":true,"href":"https:\/\/atecordoba.org\/index.php?rest_route=%2Fwp%2Fv2%2Ftags&post=9641"}],"curies":[{"name":"wp","href":"https:\/\/api.w.org\/{rel}","templated":true}]}}