{"id":9638,"date":"2018-01-29T09:44:21","date_gmt":"2018-01-29T12:44:21","guid":{"rendered":"http:\/\/www.atecordoba.org\/?p=9638"},"modified":"2018-01-29T09:44:21","modified_gmt":"2018-01-29T12:44:21","slug":"inti-continua-el-plan-de-lucha","status":"publish","type":"post","link":"https:\/\/atecordoba.org\/?p=9638","title":{"rendered":"INTI: Contin\u00faa el plan de lucha"},"content":{"rendered":"<p><em>Plan de acci\u00f3n ante el anuncio de 250 despidos.<\/em><\/p>\n<p><img loading=\"lazy\" decoding=\"async\" class=\"aligncenter size-full wp-image-9639\" src=\"http:\/\/www.atecordoba.org\/wp-content\/uploads\/2018\/01\/4bbf97a8537c9e4b6eac299153d83fb3_m-e1517229828405.jpg\" alt=\"\" width=\"550\" height=\"367\"><\/p>\n<div>Los trabajadores del INTI permanecen desde el viernes en las instalaciones del organismo ante el anuncio por parte de las autoridades de despedir a 250 trabajadores del&nbsp;Instituto Nacional de Tecnolog\u00eda Industrial.<\/div>\n<div>&nbsp;<\/div>\n<div>Desde ese momento, la Junta Interna de ATE encabezada por Francisco Dolmann, se encuentra en el organismo ubicado en Av. Gral. Paz 5445 hasta tanto se revierta la decisi\u00f3n de los funcionarios.<\/div>\n<div>&nbsp;<\/div>\n<div>En dichas asambleas, con la solidaridad de decenas de trabajadores de distintos sectores, se evalu\u00f3 la situaci\u00f3n ya que todav\u00eda no llegaron los telegramas a los trabajadores m\u00e1s all\u00e1 del anuncio de las autoridades. Se valor\u00f3 de manera positiva la decisi\u00f3n de los trabajadores de permanecer en asamblea permanente y para el d\u00eda de ma\u00f1ana se realizar\u00e1 una nueva asamblea a partir de las 10 hs para continuar analizando la situaci\u00f3n.&nbsp;<\/div>\n<div>&nbsp;<\/div>\n<div>Finalmente, se acord\u00f3 que hoy lunes desde las 8 horas permanecer en la puerta del INTI para que puedan ingresar todos los trabajadores despedidos.&nbsp;<\/div>\n<div>&nbsp;<\/div>\n<div>Estuvieron presentes por parte del Consejo Directivo Nacional de ATE Silvia Le\u00f3n, Secretaria de Organizaci\u00f3n; Mar\u00eda Teresa Romero, Secretaria de Formaci\u00f3n; junto a Flavio Vergara, Rodolfo Kempf y Marta Galante.<\/div>\n","protected":false},"excerpt":{"rendered":"<p>Plan de acci\u00f3n ante el anuncio de 250 despidos. Los trabajadores del INTI permanecen desde el viernes en las instalaciones del organismo ante el anuncio por parte de las autoridades de despedir a 250 trabajadores del&nbsp;Instituto Nacional de Tecnolog\u00eda Industrial. &nbsp; Desde ese momento, la Junta Interna de ATE encabezada por Francisco Dolmann, se encuentra [&hellip;]<\/p>\n","protected":false},"author":1,"featured_media":19220,"comment_status":"open","ping_status":"open","sticky":false,"template":"","format":"standard","meta":{"_exactmetrics_skip_tracking":false,"_exactmetrics_sitenote_active":false,"_exactmetrics_sitenote_note":"","_exactmetrics_sitenote_category":0,"jnews-multi-image_gallery":[],"jnews_single_post":[],"jnews_primary_category":[],"jnews_social_meta":[],"jnews_review":[],"enable_review":"","type":"","name":"","summary":"","brand":"","sku":"","good":[],"bad":[],"score_override":"","override_value":"","rating":[],"price":[],"jnews_override_counter":[],"jnews_post_split":[],"footnotes":""},"categories":[100],"tags":[],"class_list":["post-9638","post","type-post","status-publish","format-standard","has-post-thumbnail","hentry","category-inti"],"jetpack_featured_media_url":"https:\/\/atecordoba.org\/wp-content\/uploads\/2020\/05\/logo-nuevochico-e1561581322808.png","_links":{"self":[{"href":"https:\/\/atecordoba.org\/index.php?rest_route=\/wp\/v2\/posts\/9638","targetHints":{"allow":["GET"]}}],"collection":[{"href":"https:\/\/atecordoba.org\/index.php?rest_route=\/wp\/v2\/posts"}],"about":[{"href":"https:\/\/atecordoba.org\/index.php?rest_route=\/wp\/v2\/types\/post"}],"author":[{"embeddable":true,"href":"https:\/\/atecordoba.org\/index.php?rest_route=\/wp\/v2\/users\/1"}],"replies":[{"embeddable":true,"href":"https:\/\/atecordoba.org\/index.php?rest_route=%2Fwp%2Fv2%2Fcomments&post=9638"}],"version-history":[{"count":0,"href":"https:\/\/atecordoba.org\/index.php?rest_route=\/wp\/v2\/posts\/9638\/revisions"}],"wp:featuredmedia":[{"embeddable":true,"href":"https:\/\/atecordoba.org\/index.php?rest_route=\/wp\/v2\/media\/19220"}],"wp:attachment":[{"href":"https:\/\/atecordoba.org\/index.php?rest_route=%2Fwp%2Fv2%2Fmedia&parent=9638"}],"wp:term":[{"taxonomy":"category","embeddable":true,"href":"https:\/\/atecordoba.org\/index.php?rest_route=%2Fwp%2Fv2%2Fcategories&post=9638"},{"taxonomy":"post_tag","embeddable":true,"href":"https:\/\/atecordoba.org\/index.php?rest_route=%2Fwp%2Fv2%2Ftags&post=9638"}],"curies":[{"name":"wp","href":"https:\/\/api.w.org\/{rel}","templated":true}]}}