{"id":9631,"date":"2018-01-29T09:28:41","date_gmt":"2018-01-29T12:28:41","guid":{"rendered":"http:\/\/www.atecordoba.org\/?p=9631"},"modified":"2018-01-29T09:28:41","modified_gmt":"2018-01-29T12:28:41","slug":"9631","status":"publish","type":"post","link":"https:\/\/atecordoba.org\/?p=9631","title":{"rendered":"ATE-SENASA march\u00f3 a la puerta de la Sociedad Rural"},"content":{"rendered":"<p><em>Los trabajadores se manifestaron contra los despidos y la privatizaci\u00f3n de los controles sanitarios. Paro de 96 horas.<\/em><\/p>\n<p><img loading=\"lazy\" decoding=\"async\" class=\"aligncenter size-full wp-image-9632\" src=\"http:\/\/www.atecordoba.org\/wp-content\/uploads\/2018\/01\/3f2b71b65d5406d282aa702bf68f7ffd_m-e1517228494653.jpg\" alt=\"\" width=\"550\" height=\"365\"><\/p>\n<p style=\"font-weight: 400;\">Como continuidad del plan de lucha que incluy\u00f3 ayer una Jornada Nacional de protestas, los trabajadores del Servicio Nacional de Sanidad y Calidad Agroalimentaria se concentraron en Avenida de Mayo y 9 de Julio, para movilizarse por el centro porte\u00f1o, pasando por el Obelisco, hasta llegar a la puerta de la sede central de la Sociedad Rural Argentina, ubicada en peatonal Florida entre Lavalle y Corrientes. La colorida marcha de los empleados estatales del organismo fue para continuar rechazando los 130 despidos anunciados y para denunciar que el recorte de personal, el ajuste presupuestario, y la privatizaci\u00f3n de los controles sanitarios ponen en riesgo la calidad de vida de toda la poblaci\u00f3n.<\/p>\n<p><img loading=\"lazy\" decoding=\"async\" class=\"aligncenter size-full wp-image-9635\" src=\"http:\/\/www.atecordoba.org\/wp-content\/uploads\/2018\/01\/11683_7155-e1517228567603.jpg\" alt=\"\" width=\"550\" height=\"367\"><\/p>\n<p style=\"font-weight: 400;\">Una vez que la movilizaci\u00f3n llego a la puerta del organismo al cual pertenece el actual Ministro de Agro Industria de la Naci\u00f3n, Luis Miguel Etchevehere,&nbsp;el Secretario Gremial de la Asociaci\u00f3n Trabajadores del Estado bonaerense, Cesar Bali\u00f1a, cuestion\u00f3 las pol\u00edticas impulsadas por el Gobierno de Cambiemos: \u201cesta es una pelea de toda nuestra organizaci\u00f3n, hoy, es emblem\u00e1tico estar en la puerta de la Sociedad Rural, donde se generan todas estas pol\u00edticas que nos entregan, estas pol\u00edticas de hambre, estas es la respuesta de toda nuestra ATE, y por eso volvemos a repetir que no vamos a dejar de pelear hasta tanto se terminen las injusticias para el pueblo trabajador\u201d.<\/p>\n<p style=\"font-weight: 400;\">Los trabajadores de ATE SENASA iniciaron una campa\u00f1a de difusi\u00f3n en la que explican que la funci\u00f3n principal del organismo es garantizar la inocuidad de los alimentos que se producen en el pa\u00eds, para el consumo interno o la exportaci\u00f3n.<\/p>\n<p><img loading=\"lazy\" decoding=\"async\" class=\"aligncenter size-full wp-image-9634\" src=\"http:\/\/www.atecordoba.org\/wp-content\/uploads\/2018\/01\/11683_7152-e1517228588831.jpg\" alt=\"\" width=\"550\" height=\"310\"><\/p>\n<p style=\"font-weight: 400;\">\u201cLas actuales autoridades del SENASA desfinancian al organismos, pero lo que es peor es que quieren pasar los controles a manos privadas (a los mismo productores)\u201d, denunciaron en los volantes que repartieron durante toda la marcha a las personas que se acercaron o simplemente pasaban cerca de la protesta.<\/p>\n<p style=\"font-weight: 400;\">Adem\u00e1s confirmaron&nbsp;la realizaci\u00f3n de un Paro Nacional de ATE SENASA de 4 d\u00edas de duraci\u00f3n, que comenzar\u00e1 el pr\u00f3ximo martes.<\/p>\n<p style=\"font-weight: 400;\">Carlos D\u00edaz, Secretario General Adjunto de ATE Provincia de Buenos Aires, critic\u00f3 fuertemente al gobierno de Mauricio Macri: \u201cLos estatales estamos de pie, dando las peleas contra las pol\u00edticas que atentan contra nuestro pueblo. Ayer el Presidente fue a rendirse a los pies del poder econ\u00f3mico mundial, desde la puerta de la Sociedad Rural los trabajadores estatales le decimos que no estamos dispuestos a rendirnos y que vamos a seguir peleando por nuestra dignidad y nuestros puestos de trabajo\u201d.<\/p>\n<p style=\"font-weight: 400;\">Toda la movilizaci\u00f3n fue acompa\u00f1ada por una estatua de una vaca en tama\u00f1o natural, que lleg\u00f3 hasta la puerta de SRA, simbolizando la importancia de que los controles sanitarios a la producci\u00f3n de alimentos permanezcan en manos del Estado.<\/p>\n<p><img loading=\"lazy\" decoding=\"async\" class=\"aligncenter size-full wp-image-9633\" src=\"http:\/\/www.atecordoba.org\/wp-content\/uploads\/2018\/01\/11683_7148-e1517228610435.jpg\" alt=\"\" width=\"550\" height=\"365\"><\/p>\n<p style=\"font-weight: 400;\">Para finalizar la asamblea abierta en plena peatonal del centro tur\u00edstico de nuestro pa\u00eds,&nbsp;Jorge Ravetti, Secretario General de la Seccional Ezeiza de ATE y delegado Nacional de ATE SENASA, denuncio que la Sociedad Rural es el lugar \u201cdonde anida la oligarqu\u00eda m\u00e1s recalcitrante de nuestro pa\u00eds\u201d, y ampl\u00edo que \u201cson los que hist\u00f3ricamente viven oprimiendo a nuestro pueblo, que desde Roca en adelante le robaban las tierras a los abor\u00edgenes, siguen siendo los poderosos de esta naci\u00f3n, con miles y miles de hect\u00e1reas de campo, millones de cabezas de ganado, y son uno de los principales poderes econ\u00f3micos, y a su principal figura la pusieron a conducir el Ministerio de Agroindustria de la Naci\u00f3n\u201d.<\/p>\n<p style=\"font-weight: 400;\">El tercer jueves de febrero los directivos de la Sociedad Rural encabezaran el Consejo Consultivo de SENASA. Ravetti les advirti\u00f3 desde la puerta del grupo empresarial: \u201cesperamos que tiren para atr\u00e1s todas estas medidas de ajuste, sino los iremos a buscar a la puerta del organismo. No le tememos miedo a los oligarcas ni al poder econ\u00f3mico\u201d.&nbsp;<\/p>\n<p style=\"font-weight: 400;\">Prensa ATE Nacional<\/p>\n","protected":false},"excerpt":{"rendered":"<p>Los trabajadores se manifestaron contra los despidos y la privatizaci\u00f3n de los controles sanitarios. Paro de 96 horas. Como continuidad del plan de lucha que incluy\u00f3 ayer una Jornada Nacional de protestas, los trabajadores del Servicio Nacional de Sanidad y Calidad Agroalimentaria se concentraron en Avenida de Mayo y 9 de Julio, para movilizarse por [&hellip;]<\/p>\n","protected":false},"author":1,"featured_media":19220,"comment_status":"open","ping_status":"open","sticky":false,"template":"","format":"standard","meta":{"_exactmetrics_skip_tracking":false,"_exactmetrics_sitenote_active":false,"_exactmetrics_sitenote_note":"","_exactmetrics_sitenote_category":0,"jnews-multi-image_gallery":[],"jnews_single_post":[],"jnews_primary_category":[],"jnews_social_meta":[],"jnews_review":[],"enable_review":"","type":"","name":"","summary":"","brand":"","sku":"","good":[],"bad":[],"score_override":"","override_value":"","rating":[],"price":[],"jnews_override_counter":[],"jnews_post_split":[],"footnotes":""},"categories":[97],"tags":[],"class_list":["post-9631","post","type-post","status-publish","format-standard","has-post-thumbnail","hentry","category-senaf"],"jetpack_featured_media_url":"https:\/\/atecordoba.org\/wp-content\/uploads\/2020\/05\/logo-nuevochico-e1561581322808.png","_links":{"self":[{"href":"https:\/\/atecordoba.org\/index.php?rest_route=\/wp\/v2\/posts\/9631","targetHints":{"allow":["GET"]}}],"collection":[{"href":"https:\/\/atecordoba.org\/index.php?rest_route=\/wp\/v2\/posts"}],"about":[{"href":"https:\/\/atecordoba.org\/index.php?rest_route=\/wp\/v2\/types\/post"}],"author":[{"embeddable":true,"href":"https:\/\/atecordoba.org\/index.php?rest_route=\/wp\/v2\/users\/1"}],"replies":[{"embeddable":true,"href":"https:\/\/atecordoba.org\/index.php?rest_route=%2Fwp%2Fv2%2Fcomments&post=9631"}],"version-history":[{"count":0,"href":"https:\/\/atecordoba.org\/index.php?rest_route=\/wp\/v2\/posts\/9631\/revisions"}],"wp:featuredmedia":[{"embeddable":true,"href":"https:\/\/atecordoba.org\/index.php?rest_route=\/wp\/v2\/media\/19220"}],"wp:attachment":[{"href":"https:\/\/atecordoba.org\/index.php?rest_route=%2Fwp%2Fv2%2Fmedia&parent=9631"}],"wp:term":[{"taxonomy":"category","embeddable":true,"href":"https:\/\/atecordoba.org\/index.php?rest_route=%2Fwp%2Fv2%2Fcategories&post=9631"},{"taxonomy":"post_tag","embeddable":true,"href":"https:\/\/atecordoba.org\/index.php?rest_route=%2Fwp%2Fv2%2Ftags&post=9631"}],"curies":[{"name":"wp","href":"https:\/\/api.w.org\/{rel}","templated":true}]}}