{"id":9612,"date":"2018-01-19T14:55:48","date_gmt":"2018-01-19T17:55:48","guid":{"rendered":"http:\/\/www.atecordoba.org\/?p=9612"},"modified":"2018-01-19T14:55:48","modified_gmt":"2018-01-19T17:55:48","slug":"agricultura-familiar-en-estado-de-alerta-y-movilizacion","status":"publish","type":"post","link":"https:\/\/atecordoba.org\/?p=9612","title":{"rendered":"Agricultura Familiar en estado de alerta y movilizaci\u00f3n"},"content":{"rendered":"<p><em>Lo resolvieron los trabajadores del sector en una asamblea realizada esta semana en la sede del organismos, en barrio Maip\u00fa. Reclaman por la reincorporaci\u00f3n de tres compa\u00f1eros cuyos contratos no fueron renovados.<\/em><\/p>\n<p><img loading=\"lazy\" decoding=\"async\" class=\"aligncenter size-full wp-image-9613\" src=\"http:\/\/www.atecordoba.org\/wp-content\/uploads\/2018\/01\/WhatsApp-Image-2018-01-18-at-13.57.53-e1516384473418.jpeg\" alt=\"\" width=\"550\" height=\"413\"><\/p>\n<p>Tras una asamblea realizada el martes pasado en la Subsecretaria de Agricultura Familiar de la Naci\u00f3n (SAF), los trabajadores resolvieron declarar el estado de alerta y movilizaci\u00f3n, mientras aguardan una respuesta de las autoridades del organismo al reclamo por la reincorporaci\u00f3n de tres trabajadores no bajas de contrato.<\/p>\n<p>Se trata de tres compa\u00f1eros que, adem\u00e1s, sufren persecuci\u00f3n pol\u00edtica y antisindical ya que cuentan con cobertura de tutela por haber sido candidatos a delegados de ATE. &#8220;Estamos esperando que la semana que viene nos den una respuesta al reclamo. Todos los trabajadores de la SAF participamos de la asamblea y demostramos que el reclamo es un\u00e1nime&#8221;, dijo la delegada de ATE Ariatna Arrigoni.&nbsp;<\/p>\n<p><img loading=\"lazy\" decoding=\"async\" class=\"aligncenter size-full wp-image-9614\" src=\"http:\/\/www.atecordoba.org\/wp-content\/uploads\/2018\/01\/WhatsApp-Image-2018-01-18-at-13.57.52-e1516384515529.jpeg\" alt=\"\" width=\"413\" height=\"550\"><\/p>\n<p>A principios de la semana los compa\u00f1eros ya hab\u00edan realizado una volanteada en una feria de productores autogestionados en C\u00f3rdoba Capital, para poner en conocimiento de la comunidad el estado de situaci\u00f3n que afronta la SAF, uno de los organismso m\u00e1s acosados por la gesti\u00f3n macrista.<\/p>\n<p>En tanto se resuelve el conflicto, los compa\u00f1eros adelantaron que pusieron en marcha un fondo de lucha para ayudar a los trabajadores que actualmente se encuentran sin ingresos. Adem\u00e1s anunciaron que har\u00e1n una denuncia por discriminaci\u00f3n de g\u00e9nero ya que la mayor\u00eda de los despidos los est\u00e1n sufriendo las mujeres trabajadoras.<\/p>\n<p>&#8220;El plan de lucha es gradual pero lo vamos a sostener hasta el final&#8221;, afirm\u00f3 Arrigoni.<\/p>\n<p>&nbsp;<\/p>\n","protected":false},"excerpt":{"rendered":"<p>Lo resolvieron los trabajadores del sector en una asamblea realizada esta semana en la sede del organismos, en barrio Maip\u00fa. Reclaman por la reincorporaci\u00f3n de tres compa\u00f1eros cuyos contratos no fueron renovados. Tras una asamblea realizada el martes pasado en la Subsecretaria de Agricultura Familiar de la Naci\u00f3n (SAF), los trabajadores resolvieron declarar el estado [&hellip;]<\/p>\n","protected":false},"author":1,"featured_media":19220,"comment_status":"open","ping_status":"open","sticky":false,"template":"","format":"standard","meta":{"_exactmetrics_skip_tracking":false,"_exactmetrics_sitenote_active":false,"_exactmetrics_sitenote_note":"","_exactmetrics_sitenote_category":0,"jnews-multi-image_gallery":[],"jnews_single_post":[],"jnews_primary_category":[],"jnews_social_meta":[],"jnews_review":[],"enable_review":"","type":"","name":"","summary":"","brand":"","sku":"","good":[],"bad":[],"score_override":"","override_value":"","rating":[],"price":[],"jnews_override_counter":[],"jnews_post_split":[],"footnotes":""},"categories":[16],"tags":[],"class_list":["post-9612","post","type-post","status-publish","format-standard","has-post-thumbnail","hentry","category-saf"],"jetpack_featured_media_url":"https:\/\/atecordoba.org\/wp-content\/uploads\/2020\/05\/logo-nuevochico-e1561581322808.png","_links":{"self":[{"href":"https:\/\/atecordoba.org\/index.php?rest_route=\/wp\/v2\/posts\/9612","targetHints":{"allow":["GET"]}}],"collection":[{"href":"https:\/\/atecordoba.org\/index.php?rest_route=\/wp\/v2\/posts"}],"about":[{"href":"https:\/\/atecordoba.org\/index.php?rest_route=\/wp\/v2\/types\/post"}],"author":[{"embeddable":true,"href":"https:\/\/atecordoba.org\/index.php?rest_route=\/wp\/v2\/users\/1"}],"replies":[{"embeddable":true,"href":"https:\/\/atecordoba.org\/index.php?rest_route=%2Fwp%2Fv2%2Fcomments&post=9612"}],"version-history":[{"count":0,"href":"https:\/\/atecordoba.org\/index.php?rest_route=\/wp\/v2\/posts\/9612\/revisions"}],"wp:featuredmedia":[{"embeddable":true,"href":"https:\/\/atecordoba.org\/index.php?rest_route=\/wp\/v2\/media\/19220"}],"wp:attachment":[{"href":"https:\/\/atecordoba.org\/index.php?rest_route=%2Fwp%2Fv2%2Fmedia&parent=9612"}],"wp:term":[{"taxonomy":"category","embeddable":true,"href":"https:\/\/atecordoba.org\/index.php?rest_route=%2Fwp%2Fv2%2Fcategories&post=9612"},{"taxonomy":"post_tag","embeddable":true,"href":"https:\/\/atecordoba.org\/index.php?rest_route=%2Fwp%2Fv2%2Ftags&post=9612"}],"curies":[{"name":"wp","href":"https:\/\/api.w.org\/{rel}","templated":true}]}}