{"id":9609,"date":"2018-01-19T14:27:47","date_gmt":"2018-01-19T17:27:47","guid":{"rendered":"http:\/\/www.atecordoba.org\/?p=9609"},"modified":"2018-01-19T14:27:47","modified_gmt":"2018-01-19T17:27:47","slug":"desmantelan-area-de-ddhh-del-ministerio-de-defensa","status":"publish","type":"post","link":"https:\/\/atecordoba.org\/?p=9609","title":{"rendered":"Desmantelan \u00e1rea de DDHH del Ministerio de Defensa"},"content":{"rendered":"<p><em>En conferencia de prensa realizada ayer, ATE junto numerosas organizaciones de DD.HH., sindicales y sociales denunciaron los despidos en esa estrat\u00e9gica \u00e1rea, dentro del ministerio a cargo de Oscar Aguad.<\/em><\/p>\n<p><img loading=\"lazy\" decoding=\"async\" class=\"aligncenter size-full wp-image-9610\" src=\"http:\/\/www.atecordoba.org\/wp-content\/uploads\/2018\/01\/despidos-ddhh-defensa-e1516382839571.jpg\" alt=\"\" width=\"550\" height=\"365\"><\/p>\n<p style=\"font-weight: 400;\"><span style=\"font-style: inherit; font-weight: inherit;\">La denuncia se realiz\u00f3 en la sede de la Asamblea Permanente por los Derechos Humanos (APDH), al tiempo que se present\u00f3&nbsp; un llamamiento firmado por m\u00e1s de 500 organizaciones y referentes pidiendo la reincorporaci\u00f3n de los despedidos y despedidas.<\/span><\/p>\n<p>Se trata 10 trabajadores del \u00e1rea de Derechos Humanos que han hecho aportes fundamentales a los juicios de lesa humanidad, que forman parte de un grupo de 70 compa\u00f1eros de la cartera de Defensa, que dirigente el cordob\u00e9s Oscar Aguad.&nbsp;<\/p>\n<p style=\"font-weight: 400;\">&nbsp;<\/p>\n<p style=\"font-weight: 400;\"><span style=\"font-style: inherit; font-weight: inherit;\">En la oportunidad, el dirigente nacional de ATE, H\u00e9ctor \u2018Pelusa\u2019 Carrica, se\u00f1al\u00f3: \u201cHan desmantelado un \u00e1rea estrat\u00e9gica para la sustanciaci\u00f3n de los juicios por delitos de lesa humanidad. El Gobierno anterior puso a los Derechos Humanos como pol\u00edtica de Estado y ahora no s\u00f3lo vulneran esos mismos derechos, sino que adem\u00e1s est\u00e1n arrasando con los sectores encargados del tema. Es muy seria la situaci\u00f3n\u201d.<\/span><\/p>\n<p style=\"font-weight: 400;\"><span style=\"font-style: inherit; font-weight: inherit;\">A su turno, Julia Anill\u00e1n, Delegada General de la Junta Interna de ATE en el Ministerio de Defensa, dijo: \u201cEntre los 10 despedidos del \u00e1rea de DD.HH. hay dos compa\u00f1eros que son Delegados Paritarios de nuestra Junta Interna\u201d. La delegada adem\u00e1s manifest\u00f3: \u201cTenemos completamente cerrados todos los canales de di\u00e1logo con las autoridades pol\u00edticas\u201d.<\/span><\/p>\n<p style=\"font-weight: 400;\"><span style=\"font-style: inherit; font-weight: inherit;\">Por su parte, Nahuel Jalil, uno de los delegados paritarios despedidos del sector, manifest\u00f3: \u201cDe los 10 despedidos del \u00e1rea, 9 son compa\u00f1eros y compa\u00f1eras que trabajaban en el archivo y una compa\u00f1era era la encargada del tema g\u00e9nero\u201d.<\/span><\/p>\n<p style=\"font-weight: 400;\"><span style=\"font-style: inherit; font-weight: inherit;\">Laura Lettieri, Delegada de DD.HH. en la Junta Interna de ATE del Ministerio de Defensa, se\u00f1al\u00f3: \u201cDentro de la Direcci\u00f3n Nacional de Derechos Humanos y Derecho Internacional Humanitario hay una Direcci\u00f3n de Pol\u00edticas de G\u00e9nero que trabaja con las Fuerzas Armadas. Recepciona todas las denuncias sobre violencia de g\u00e9nero que las agentes de la fuerza realizan. Esto incluye: Acoso laboral, abuso infantil, violencia dom\u00e9stica, violencia machista, entre otros temas. Actualmente hay m\u00e1s de 200 casos en tr\u00e1mite. La compa\u00f1era despedida del sector que se encargaba de estos temas estaba llevando adelante 60 casos que hasta ahora no tienen una derivaci\u00f3n porque, con tantos otros casos en tr\u00e1mite, es muy dif\u00edcil que el personal que queda pueda cubrir las necesidades. No hay tampoco perspectivas de tomar a alguna otra persona para que se encargue de estos casos\u201d.<\/span><\/p>\n<p>&nbsp;<\/p>\n<p>&nbsp;<\/p>\n","protected":false},"excerpt":{"rendered":"<p>En conferencia de prensa realizada ayer, ATE junto numerosas organizaciones de DD.HH., sindicales y sociales denunciaron los despidos en esa estrat\u00e9gica \u00e1rea, dentro del ministerio a cargo de Oscar Aguad. La denuncia se realiz\u00f3 en la sede de la Asamblea Permanente por los Derechos Humanos (APDH), al tiempo que se present\u00f3&nbsp; un llamamiento firmado por [&hellip;]<\/p>\n","protected":false},"author":1,"featured_media":19220,"comment_status":"open","ping_status":"open","sticky":false,"template":"","format":"standard","meta":{"_exactmetrics_skip_tracking":false,"_exactmetrics_sitenote_active":false,"_exactmetrics_sitenote_note":"","_exactmetrics_sitenote_category":0,"jnews-multi-image_gallery":[],"jnews_single_post":[],"jnews_primary_category":[],"jnews_social_meta":[],"jnews_review":[],"enable_review":"","type":"","name":"","summary":"","brand":"","sku":"","good":[],"bad":[],"score_override":"","override_value":"","rating":[],"price":[],"jnews_override_counter":[],"jnews_post_split":[],"footnotes":""},"categories":[122],"tags":[],"class_list":["post-9609","post","type-post","status-publish","format-standard","has-post-thumbnail","hentry","category-ddhh"],"jetpack_featured_media_url":"https:\/\/atecordoba.org\/wp-content\/uploads\/2020\/05\/logo-nuevochico-e1561581322808.png","_links":{"self":[{"href":"https:\/\/atecordoba.org\/index.php?rest_route=\/wp\/v2\/posts\/9609","targetHints":{"allow":["GET"]}}],"collection":[{"href":"https:\/\/atecordoba.org\/index.php?rest_route=\/wp\/v2\/posts"}],"about":[{"href":"https:\/\/atecordoba.org\/index.php?rest_route=\/wp\/v2\/types\/post"}],"author":[{"embeddable":true,"href":"https:\/\/atecordoba.org\/index.php?rest_route=\/wp\/v2\/users\/1"}],"replies":[{"embeddable":true,"href":"https:\/\/atecordoba.org\/index.php?rest_route=%2Fwp%2Fv2%2Fcomments&post=9609"}],"version-history":[{"count":0,"href":"https:\/\/atecordoba.org\/index.php?rest_route=\/wp\/v2\/posts\/9609\/revisions"}],"wp:featuredmedia":[{"embeddable":true,"href":"https:\/\/atecordoba.org\/index.php?rest_route=\/wp\/v2\/media\/19220"}],"wp:attachment":[{"href":"https:\/\/atecordoba.org\/index.php?rest_route=%2Fwp%2Fv2%2Fmedia&parent=9609"}],"wp:term":[{"taxonomy":"category","embeddable":true,"href":"https:\/\/atecordoba.org\/index.php?rest_route=%2Fwp%2Fv2%2Fcategories&post=9609"},{"taxonomy":"post_tag","embeddable":true,"href":"https:\/\/atecordoba.org\/index.php?rest_route=%2Fwp%2Fv2%2Ftags&post=9609"}],"curies":[{"name":"wp","href":"https:\/\/api.w.org\/{rel}","templated":true}]}}