{"id":9606,"date":"2018-01-19T13:06:58","date_gmt":"2018-01-19T16:06:58","guid":{"rendered":"http:\/\/www.atecordoba.org\/?p=9606"},"modified":"2018-01-19T13:06:58","modified_gmt":"2018-01-19T16:06:58","slug":"solidaridad-y-lucha-con-los-despedidos-del-hospital-posadas-y-de-senasa","status":"publish","type":"post","link":"https:\/\/atecordoba.org\/?p=9606","title":{"rendered":"Solidaridad y lucha con los despedidos del Hospital Posadas y de Senasa"},"content":{"rendered":"<p style=\"font-weight: 400;\"><em><span style=\"font-weight: inherit;\">El Consejo Directivo Provincial repudia en\u00e9rgicamente los 120 despidos de trabajadores y trabajadoras del Hospital Posadas, centro de salud emblem\u00e1tico ubicado en la provincia de Buenos Aires que se encuentra dentro de la \u00f3rbita del Ministerio de Salud de la Naci\u00f3n.<\/span><\/em><\/p>\n<p><img loading=\"lazy\" decoding=\"async\" class=\"aligncenter size-full wp-image-9607\" src=\"http:\/\/www.atecordoba.org\/wp-content\/uploads\/2018\/01\/hospital-posadas-e1516377791365.jpg\" alt=\"\" width=\"550\" height=\"367\"><\/p>\n<p>Se trata de un proceso de ajuste feroz que a un hospital p\u00fablico de referencia, que incluye la amenaza del cese de la continuidad laboral de otros cientos de compa\u00f1eros&nbsp;<span style=\"font-style: inherit; font-weight: inherit;\">y compa\u00f1eras m\u00e1s a los que se les ha renovado su contrato s\u00f3lo hasta el 31 de marzo, dej\u00e1ndolos con incertidumbre sobre su futuro laboral.<\/span><\/p>\n<p style=\"font-weight: 400;\"><span style=\"font-style: inherit; font-weight: inherit;\">Estos despidos se dan en el marco de la Tercer Reforma del Estado anunciada por ATE desde el comienzo de la gesti\u00f3n de Mauricio Macri. El Gobierno Nacional est\u00e1 aplicando ferozmente medidas de ajuste sobre los trabajadores y trabajadoras estatales, generando as\u00ed el desmantelamiento de \u00e1reas clave para el funcionamiento del Estado Nacional, como son la Salud, SENASA, Fabricaciones Militares, la Direcci\u00f3n de DD.HH. del Ministerio de Defensa, o el Comit\u00e9 para la Lucha contra la Trata de Personas de la Jefatura de Gabinete, por citar algunos ejemplos. El objetivo es la tercerizaci\u00f3n, la privatizaci\u00f3n y la entrega de las funciones espec\u00edficas a los grupos econ\u00f3micos amigos del Gobierno, con el fin de desarticular al Estado como instituci\u00f3n al servicio del pueblo.<\/span><\/p>\n<p style=\"font-weight: 400;\"><span style=\"font-style: inherit; font-weight: inherit;\">Lo del Posadas es un ataque a uno de los hospitales que, con su larga historia de lucha, es de los m\u00e1s emblem\u00e1ticos en la defensa de la Salud P\u00fablica en el pa\u00eds. Pero adem\u00e1s es un ataque a la organizaci\u00f3n sindical, ya que entre los 120 despidos se cuentan una gran cantidad de delegados y delegadas de la CICOP electos recientemente, as\u00ed como candidatos a delegados y delegadas de las recientes elecciones internas de ATE en el Hospital.<\/span><\/p>\n<p>Por otro lado, tras la importante Jornada de Lucha llevada a cabo el mi\u00e9rcoles pasado por los trabajadores y trabajadoras de SENASA, que cortaron la Autopista Ricchieri frente al Aeropuerto de Ezeiza para denunciar los 130 despidos de la repartici\u00f3n y para exigir su reincorporaci\u00f3n, ayer se llev\u00f3 a cabo, en la sede de ATE Nacional, un Plenario Nacional de ATE SENASA. Del mismo participaron delegados y delegadas de todas las regiones del pa\u00eds, as\u00ed como los delegados de C\u00f3rdoba. En el Plenario se debatieron los pasos a seguir para continuar con la lucha por la reincorporaci\u00f3n de todos los despedidos y despedidas, y se defini\u00f3 una serie de medidas de fuerza sectoriales escalonadas y progresivas que culminar\u00e1n con el Paro Nacional de ATE a comienzos del mes de febrero.<\/p>\n","protected":false},"excerpt":{"rendered":"<p>El Consejo Directivo Provincial repudia en\u00e9rgicamente los 120 despidos de trabajadores y trabajadoras del Hospital Posadas, centro de salud emblem\u00e1tico ubicado en la provincia de Buenos Aires que se encuentra dentro de la \u00f3rbita del Ministerio de Salud de la Naci\u00f3n. Se trata de un proceso de ajuste feroz que a un hospital p\u00fablico de [&hellip;]<\/p>\n","protected":false},"author":1,"featured_media":19220,"comment_status":"open","ping_status":"open","sticky":false,"template":"","format":"standard","meta":{"_exactmetrics_skip_tracking":false,"_exactmetrics_sitenote_active":false,"_exactmetrics_sitenote_note":"","_exactmetrics_sitenote_category":0,"jnews-multi-image_gallery":[],"jnews_single_post":[],"jnews_primary_category":[],"jnews_social_meta":[],"jnews_review":[],"enable_review":"","type":"","name":"","summary":"","brand":"","sku":"","good":[],"bad":[],"score_override":"","override_value":"","rating":[],"price":[],"jnews_override_counter":[],"jnews_post_split":[],"footnotes":""},"categories":[7,102],"tags":[],"class_list":["post-9606","post","type-post","status-publish","format-standard","has-post-thumbnail","hentry","category-hospitales","category-salud-2"],"jetpack_featured_media_url":"https:\/\/atecordoba.org\/wp-content\/uploads\/2020\/05\/logo-nuevochico-e1561581322808.png","_links":{"self":[{"href":"https:\/\/atecordoba.org\/index.php?rest_route=\/wp\/v2\/posts\/9606","targetHints":{"allow":["GET"]}}],"collection":[{"href":"https:\/\/atecordoba.org\/index.php?rest_route=\/wp\/v2\/posts"}],"about":[{"href":"https:\/\/atecordoba.org\/index.php?rest_route=\/wp\/v2\/types\/post"}],"author":[{"embeddable":true,"href":"https:\/\/atecordoba.org\/index.php?rest_route=\/wp\/v2\/users\/1"}],"replies":[{"embeddable":true,"href":"https:\/\/atecordoba.org\/index.php?rest_route=%2Fwp%2Fv2%2Fcomments&post=9606"}],"version-history":[{"count":0,"href":"https:\/\/atecordoba.org\/index.php?rest_route=\/wp\/v2\/posts\/9606\/revisions"}],"wp:featuredmedia":[{"embeddable":true,"href":"https:\/\/atecordoba.org\/index.php?rest_route=\/wp\/v2\/media\/19220"}],"wp:attachment":[{"href":"https:\/\/atecordoba.org\/index.php?rest_route=%2Fwp%2Fv2%2Fmedia&parent=9606"}],"wp:term":[{"taxonomy":"category","embeddable":true,"href":"https:\/\/atecordoba.org\/index.php?rest_route=%2Fwp%2Fv2%2Fcategories&post=9606"},{"taxonomy":"post_tag","embeddable":true,"href":"https:\/\/atecordoba.org\/index.php?rest_route=%2Fwp%2Fv2%2Ftags&post=9606"}],"curies":[{"name":"wp","href":"https:\/\/api.w.org\/{rel}","templated":true}]}}