{"id":9582,"date":"2018-01-15T15:41:19","date_gmt":"2018-01-15T18:41:19","guid":{"rendered":"http:\/\/www.atecordoba.org\/?p=9582"},"modified":"2018-01-15T15:41:19","modified_gmt":"2018-01-15T18:41:19","slug":"celebramos-93-anos-de-ate-defendiendo-a-cada-trabajador-estatal","status":"publish","type":"post","link":"https:\/\/atecordoba.org\/?p=9582","title":{"rendered":"Celebramos 93 a\u00f1os de ATE defendiendo a cada trabajador estatal"},"content":{"rendered":"<p style=\"margin: 0cm 0cm 0.0001pt; background: white; text-align: left;\" align=\"center\"><em><span style=\"font-size: 11.0pt; font-family: 'Arial','sans-serif'; color: black;\">El Consejo Directivo Provincial de ATE C\u00f3rdoba celebra&nbsp;otro&nbsp;aniversario&nbsp;de la fundaci\u00f3n de ATE.<\/span><\/em><\/p>\n<p align=\"center\"><img loading=\"lazy\" decoding=\"async\" class=\"aligncenter size-full wp-image-7553\" src=\"http:\/\/www.atecordoba.org\/wp-content\/uploads\/2016\/11\/WhatsApp-Image-2016-11-10-at-14.56.25-e1478810566839.jpeg\" alt=\"\" width=\"550\" height=\"330\"><\/p>\n<p>Actualmente, con la personer\u00eda gremial N\u00ba2 y 300 mil afiliados en todo el pa\u00eds, podemos decir que nuestra organizaci\u00f3n es referencia para los trabajadores sobre la historia y el presente del Movimiento Obrero Organizado.<\/p>\n<p>En tal sentido, queremos dejar sentado nuestro compromiso por mantener firmes las banderas de dignidad de cada estatal, sea nacional, provincial o municipal, haciendo extensiva la representaci\u00f3n sindical a la defensa del Estado en su conjunto, m\u00e1s aun en estas dif\u00edciles circunstancias que atravesamos ante las pol\u00edticas que aplica el gobierno del Presidente Macri, convencidos que fortalecer el Estado es liberar la Naci\u00f3n.<\/p>\n<p><span>En momentos de ajuste, despidos y neoliberalismo, la organizaci\u00f3n sindical debe ser el faro&nbsp;que oriente a&nbsp;los trabajadores para resistir, en la defensa de cada puesto de trabajo, el salario y las dignas condiciones laborales. Reivindicamos un Estado al servicio del pueblo y la funci\u00f3n de cada trabajador&nbsp;como garante de&nbsp;los derechos de la comunidad. Convencidos que ATE seguir\u00e1 cumpliendo su rol hist\u00f3rico, festejamos este nuevo cumplea\u00f1os.<\/span><\/p>\n<p style=\"text-align: right;\"><span>Mar\u00eda Liliana Salerno<\/span><\/p>\n<p style=\"text-align: right;\" align=\"center\"><span>Secretaria General<\/span><\/p>\n","protected":false},"excerpt":{"rendered":"<p>El Consejo Directivo Provincial de ATE C\u00f3rdoba celebra&nbsp;otro&nbsp;aniversario&nbsp;de la fundaci\u00f3n de ATE. Actualmente, con la personer\u00eda gremial N\u00ba2 y 300 mil afiliados en todo el pa\u00eds, podemos decir que nuestra organizaci\u00f3n es referencia para los trabajadores sobre la historia y el presente del Movimiento Obrero Organizado. En tal sentido, queremos dejar sentado nuestro compromiso por [&hellip;]<\/p>\n","protected":false},"author":1,"featured_media":19220,"comment_status":"open","ping_status":"open","sticky":false,"template":"","format":"standard","meta":{"_exactmetrics_skip_tracking":false,"_exactmetrics_sitenote_active":false,"_exactmetrics_sitenote_note":"","_exactmetrics_sitenote_category":0,"jnews-multi-image_gallery":[],"jnews_single_post":[],"jnews_primary_category":[],"jnews_social_meta":[],"jnews_review":[],"enable_review":"","type":"","name":"","summary":"","brand":"","sku":"","good":[],"bad":[],"score_override":"","override_value":"","rating":[],"price":[],"jnews_override_counter":[],"jnews_post_split":[],"footnotes":""},"categories":[1],"tags":[],"class_list":["post-9582","post","type-post","status-publish","format-standard","has-post-thumbnail","hentry","category-sin-categoria"],"jetpack_featured_media_url":"https:\/\/atecordoba.org\/wp-content\/uploads\/2020\/05\/logo-nuevochico-e1561581322808.png","_links":{"self":[{"href":"https:\/\/atecordoba.org\/index.php?rest_route=\/wp\/v2\/posts\/9582","targetHints":{"allow":["GET"]}}],"collection":[{"href":"https:\/\/atecordoba.org\/index.php?rest_route=\/wp\/v2\/posts"}],"about":[{"href":"https:\/\/atecordoba.org\/index.php?rest_route=\/wp\/v2\/types\/post"}],"author":[{"embeddable":true,"href":"https:\/\/atecordoba.org\/index.php?rest_route=\/wp\/v2\/users\/1"}],"replies":[{"embeddable":true,"href":"https:\/\/atecordoba.org\/index.php?rest_route=%2Fwp%2Fv2%2Fcomments&post=9582"}],"version-history":[{"count":0,"href":"https:\/\/atecordoba.org\/index.php?rest_route=\/wp\/v2\/posts\/9582\/revisions"}],"wp:featuredmedia":[{"embeddable":true,"href":"https:\/\/atecordoba.org\/index.php?rest_route=\/wp\/v2\/media\/19220"}],"wp:attachment":[{"href":"https:\/\/atecordoba.org\/index.php?rest_route=%2Fwp%2Fv2%2Fmedia&parent=9582"}],"wp:term":[{"taxonomy":"category","embeddable":true,"href":"https:\/\/atecordoba.org\/index.php?rest_route=%2Fwp%2Fv2%2Fcategories&post=9582"},{"taxonomy":"post_tag","embeddable":true,"href":"https:\/\/atecordoba.org\/index.php?rest_route=%2Fwp%2Fv2%2Ftags&post=9582"}],"curies":[{"name":"wp","href":"https:\/\/api.w.org\/{rel}","templated":true}]}}