{"id":9579,"date":"2018-01-15T10:45:29","date_gmt":"2018-01-15T13:45:29","guid":{"rendered":"http:\/\/www.atecordoba.org\/?p=9579"},"modified":"2018-01-15T10:45:29","modified_gmt":"2018-01-15T13:45:29","slug":"el-decretazo-de-macri-avanza-sobre-derechos-laborales-y-la-soberania-nacional","status":"publish","type":"post","link":"https:\/\/atecordoba.org\/?p=9579","title":{"rendered":"El Decretazo de Macri avanza sobre derechos laborales y la soberan\u00eda nacional"},"content":{"rendered":"<p><em>En conferencia de prensa, ATE present\u00f3 un informe sobre el DNU que firm\u00f3 Macri y que modifica 144 leyes y deroga otras 19. Lineamientos generales del plan de lucha que se viene, Fabricaciones Militares prosigue las medidas de fuerza.&nbsp;<\/em><\/p>\n<div class=\"epyt-video-wrapper\"><iframe loading=\"lazy\"  style=\"display: block; margin: 0px auto;\"  id=\"_ytid_21984\"  width=\"480\" height=\"270\"  data-origwidth=\"480\" data-origheight=\"270\" src=\"https:\/\/www.youtube.com\/embed\/_lgp2FBU14I?enablejsapi=1&#038;autoplay=0&#038;cc_load_policy=0&#038;cc_lang_pref=&#038;iv_load_policy=3&#038;loop=0&#038;rel=0&#038;fs=1&#038;playsinline=0&#038;autohide=2&#038;theme=dark&#038;color=red&#038;controls=1&#038;disablekb=0&#038;\" class=\"__youtube_prefs__  epyt-is-override  no-lazyload\" title=\"YouTube player\"  allow=\"fullscreen; accelerometer; autoplay; clipboard-write; encrypted-media; gyroscope; picture-in-picture; web-share\" referrerpolicy=\"strict-origin-when-cross-origin\" allowfullscreen data-no-lazy=\"1\" data-skipgform_ajax_framebjll=\"\"><\/iframe><\/div>\n<p style=\"font-weight: 400;\">En una conferencia de prensa realizada en el Sal\u00f3n Federal en la sede de ATE Nacional, el gremio present\u00f3 un informe cr\u00edtico sobre el Decreto de Necesidad y Urgencia que el Presidente Macri firm\u00f3 desde sus vacaciones en Villa Langostura. Es el n\u00famero 27 en los 12 d\u00edas que lleva el a\u00f1o y, tal como afirm\u00f3 Hugo \u201cCachorro\u201d Godoy, secretario general de los estatales, es tan grave como el paquete de reformas&nbsp; que incluye a la previsional, laboral, tributaria y el pacto fiscal con los gobernadores\/as.<\/p>\n<p style=\"font-weight: 400;\">&nbsp;\u201cTiene el mismo nivel de violaci\u00f3n de los derechos de los trabajadores y desestructuraci\u00f3n del Estado\u201d, indic\u00f3 Godoy quien denunci\u00f3 que la medida, por su contenido y por su forma \u2013mediante DNU- viene a culminar lo que comenz\u00f3 Carlos Menem en los `90, con la le Ley de Reforma del Estado.<\/p>\n<p style=\"font-weight: 400;\">\u201cCon un nombre aparentemente inocente, de \u201csimplificaci\u00f3n de tr\u00e1mites\u201d, el Presidente vac\u00eda estructuras del Estado y da v\u00eda libre para que las empresas trasnacionales saqueen nuestras riquezas\u201d, a\u00f1adi\u00f3 Godoy, quien estuvo a cargo de detallar las principales y m\u00e1s graves medidas que incluye el megadecreto. Adem\u00e1s, ATE anunci\u00f3 la profundizaci\u00f3n del plan de lucha.<\/p>\n<p style=\"font-weight: 400;\">En la conferencia estuvieron presentes Silvia Le\u00f3n, Secretaria de Organizaci\u00f3n de ATE Nacional; Oscar De Isasi, secretario general de ATE y CTA-A Provincia de Buenos Aires; Ra\u00fal Llaneza, delegado de la junta interna de ATE INDEC, y miembros de la Conducci\u00f3n Nacional.<\/p>\n<p style=\"font-weight: 400;\"><b><strong style=\"font-style: inherit;\">Los principales puntos del \u201cdecreto \u00f3mnibus\u201d<\/strong><\/b><\/p>\n<p style=\"font-weight: 400;\">&#8211;<b><strong style=\"font-style: inherit;\">\u201cSe incorporan los fondos de la ANSES a la timba financiera\u201d<\/strong><\/b>, se\u00f1al\u00f3 Godoy. As\u00ed, porque se permite al Fondo de Garant\u00edas y Sustentabilidad del ANSES atribuciones para crear fideicomisos financieros y operar con instrumentos dentro del mercado financiero.<\/p>\n<p style=\"font-weight: 400;\">-Se derogan 50 normas del SENASA, el organismo que controla la salud vegetal y animal del pa\u00eds. Esas actividades, hasta ahora en manos del Estado, son transferidas a manos privadas. Es decir que las empresas van a estar de los dos lados del mostrador: \u201cVan a ser productoras de alimentos, las encargadas del tr\u00e1fico de exportaci\u00f3n e importaci\u00f3n y, a la vez, van a estar a cargo del control sanitario\u201d, subray\u00f3 el secretario general de ATE Nacional.<\/p>\n<p style=\"font-weight: 400;\">-Godoy alert\u00f3 que,&nbsp;<b><strong style=\"font-style: inherit;\">mediante este DNU se aplican las reformas laborales que impulsa el Gobierno<\/strong><\/b>. As\u00ed, se modifica la Ley 23.940 sobre el Registro \u00danico de Empleadores con Sanciones Laborales (REPSAL). Cuando una empresa era sancionada pasaba a figurar en el Registro por entre 90 y 120 d\u00edas. Eso actuaba como mecanismo de presi\u00f3n para que estas corrijan las violaciones al derecho laboral. Ese plazo se reduce a 30 d\u00edas.<\/p>\n<p style=\"font-weight: 400;\">-Adem\u00e1s, se deja en manos de los bancos la decisi\u00f3n de embargos de cuentas sueldo que hasta ahora estaba en manos de la justicia.<\/p>\n<p style=\"font-weight: 400;\">-Se avasallan derechos laborales y se avanza en el descontrol del comercio a\u00e9reo. As\u00ed, por que el tr\u00e1fico a\u00e9reo ha sido declarado servicio esencial, por lo que se limita el derecho a huelga en el sector. Adem\u00e1s, desaparece ANAC y se unifica el control en la EANA. En ese organismo, ATE est\u00e1 excluido del Convenio Colectivo de Trabajo pese a ser gremio mayoritario.<\/p>\n<p style=\"font-weight: 400;\">-Se transfieren a la Agencia de Administraci\u00f3n de Bienes del Estado cabezas de ganado y tierras, propiedad del Estado y las Fuerzas Armadas. \u201cLa reforma en las Fuerzas Armadas es mayor y por eso el gremio alerta sobre situaci\u00f3n de trabajadores civiles de lasa FFAA\u201d, dijo Godoy.<\/p>\n<p style=\"font-weight: 400;\">Entre otras medidas, tambi\u00e9n se modifica de normas convierte en autom\u00e1ticas a 341 Licencias de Importaci\u00f3n, se simplifican los procedimientos de marcas y patentes, se simplifica registro automotor argentino y se aprueba el uso de bitrenes (camiones con dos acoplados).<\/p>\n<p style=\"font-weight: 400;\">Un detalle no menor sobre la forma de proceder del Gobierno es que muchos de los decretos que ha firmado ni siquiera son tratados por el Congreso, a partir de la creaci\u00f3n de una comisi\u00f3n con empate t\u00e9cnico.<\/p>\n<p style=\"font-weight: 400;\"><b><strong style=\"font-style: inherit;\">Plan de lucha<\/strong><\/b><\/p>\n<p style=\"font-weight: 400;\">Como parte de la profundizaci\u00f3n del plan de lucha, aprobado por el Plenario Nacional de delegados\/as del 10 de diciembre, \u201cCachorro\u201d anunci\u00f3 que:<\/p>\n<p style=\"font-weight: 400;\">En enero se continuar\u00e1n las asambleas, radios abiertas, caravanas, campamentos -como los que ocurren en ciudades como Azul y R\u00edo Tercero-, puebladas -como las de Azul o Solano, Quilmes- y dem\u00e1s medidas directas.<\/p>\n<p style=\"font-weight: 400;\">La semana del 16\/01 &nbsp;se realizar\u00e1 una caravana desde Azul a Capital Federal por Fabricaciones Militares y un corte en la Ricchieri protagonizado por ATE SENASA. Habr\u00e1 manifestaciones en Mar del Plata y en los festivales nacionales de C\u00f3rdoba.<\/p>\n<p style=\"font-weight: 400;\">Por FM, el 5 de febrero partir\u00e1 una caravana desde Azul con trabajadores\/as de las cuatro F\u00e1bricas Militares y se marchar\u00e1 durante 3 d\u00edas por Ruta 3 hasta Buenos Aires. En simult\u00e1neo, sesionar\u00e1 el Consejo Directivo Nacional que definir\u00e1 la fecha y modalidad de un&nbsp;<b><strong style=\"font-style: inherit;\">Paro Nacional<\/strong><\/b>.<\/p>\n<p style=\"font-weight: 400;\"><b><strong style=\"font-style: inherit;\">Por reapertura de paritarias<\/strong><\/b><\/p>\n<p style=\"font-weight: 400;\">En la Conferencia, Ra\u00fal Llaneza, de la junta interna de ATE INDEC present\u00f3 dos informes elaborado por los trabajadores de ese organismo. Uno, sobre el Salario M\u00ednimo que deber\u00eda cobrar un trabajador\/a (que asciende a $25.884,5) y otro sobre a p\u00e9rdida del salario real por efecto de la inflaci\u00f3n. En los \u00faltimos dos a\u00f1os se registr\u00f3 un 8,3% de ca\u00edda mensual del poder adquisitivo. Si se toma como referencia un trabajador que percibe un salario de 16 mil pesos, este perdi\u00f3 alrededor de 39 mil desde noviembre de 2015.<\/p>\n<p style=\"font-weight: 400;\">Llaneza explic\u00f3 que estos datos no se oponen a los oficiales y que son construidos para tener referencias a la hora de la discusi\u00f3n salarial. En esa misma l\u00ednea se hab\u00eda expresado \u201cCachorro\u201d Godoy, quien exigi\u00f3 la reapertura de las paritarias.<\/p>\n<p>(prensa ATE Nacional)<\/p>\n","protected":false},"excerpt":{"rendered":"<p>En conferencia de prensa, ATE present\u00f3 un informe sobre el DNU que firm\u00f3 Macri y que modifica 144 leyes y deroga otras 19. Lineamientos generales del plan de lucha que se viene, Fabricaciones Militares prosigue las medidas de fuerza.&nbsp; En una conferencia de prensa realizada en el Sal\u00f3n Federal en la sede de ATE Nacional, [&hellip;]<\/p>\n","protected":false},"author":1,"featured_media":19220,"comment_status":"open","ping_status":"open","sticky":false,"template":"","format":"standard","meta":{"_exactmetrics_skip_tracking":false,"_exactmetrics_sitenote_active":false,"_exactmetrics_sitenote_note":"","_exactmetrics_sitenote_category":0,"jnews-multi-image_gallery":[],"jnews_single_post":[],"jnews_primary_category":[],"jnews_social_meta":[],"jnews_review":[],"enable_review":"","type":"","name":"","summary":"","brand":"","sku":"","good":[],"bad":[],"score_override":"","override_value":"","rating":[],"price":[],"jnews_override_counter":[],"jnews_post_split":[],"footnotes":""},"categories":[18],"tags":[],"class_list":["post-9579","post","type-post","status-publish","format-standard","has-post-thumbnail","hentry","category-nacionales"],"jetpack_featured_media_url":"https:\/\/atecordoba.org\/wp-content\/uploads\/2020\/05\/logo-nuevochico-e1561581322808.png","_links":{"self":[{"href":"https:\/\/atecordoba.org\/index.php?rest_route=\/wp\/v2\/posts\/9579","targetHints":{"allow":["GET"]}}],"collection":[{"href":"https:\/\/atecordoba.org\/index.php?rest_route=\/wp\/v2\/posts"}],"about":[{"href":"https:\/\/atecordoba.org\/index.php?rest_route=\/wp\/v2\/types\/post"}],"author":[{"embeddable":true,"href":"https:\/\/atecordoba.org\/index.php?rest_route=\/wp\/v2\/users\/1"}],"replies":[{"embeddable":true,"href":"https:\/\/atecordoba.org\/index.php?rest_route=%2Fwp%2Fv2%2Fcomments&post=9579"}],"version-history":[{"count":0,"href":"https:\/\/atecordoba.org\/index.php?rest_route=\/wp\/v2\/posts\/9579\/revisions"}],"wp:featuredmedia":[{"embeddable":true,"href":"https:\/\/atecordoba.org\/index.php?rest_route=\/wp\/v2\/media\/19220"}],"wp:attachment":[{"href":"https:\/\/atecordoba.org\/index.php?rest_route=%2Fwp%2Fv2%2Fmedia&parent=9579"}],"wp:term":[{"taxonomy":"category","embeddable":true,"href":"https:\/\/atecordoba.org\/index.php?rest_route=%2Fwp%2Fv2%2Fcategories&post=9579"},{"taxonomy":"post_tag","embeddable":true,"href":"https:\/\/atecordoba.org\/index.php?rest_route=%2Fwp%2Fv2%2Ftags&post=9579"}],"curies":[{"name":"wp","href":"https:\/\/api.w.org\/{rel}","templated":true}]}}